{"id":81254,"date":"2022-08-17T12:30:54","date_gmt":"2022-08-17T12:30:54","guid":{"rendered":"https:\/\/estado29.mx\/?p=81254"},"modified":"2022-08-17T12:30:55","modified_gmt":"2022-08-17T12:30:55","slug":"fomenta-cesesp-cultura-de-la-prevencion-social-en-ninos-y-adolescentes","status":"publish","type":"post","link":"https:\/\/estado29.mx\/?p=81254","title":{"rendered":"Fomenta CESESP cultura de la prevenci\u00f3n social en ni\u00f1os y adolescentes"},"content":{"rendered":"\n<p>*Participa en el curso \u201cVerano Salvaje: Educar para conservar\u201d, convocado por el Sedif<\/p>\n\n\n\n<p>La Comisi\u00f3n Ejecutiva del Sistema Estatal de Seguridad P\u00fablica (Cesesp) particip\u00f3 el lunes en las actividades del curso \u201cVerano Salvaje: Educar para conservar\u201d, convocado por el Sistema Estatal para el Desarrollo Integral de la Familia (Sedif).<\/p>\n\n\n\n<p>A trav\u00e9s de Centro Estatal de Prevenci\u00f3n Social (CEPS), ni\u00f1os, ni\u00f1as y adolescentes recrearon diferentes actividades encaminadas a fomentar la cultura de la prevenci\u00f3n en su hogar y entorno diario.<\/p>\n\n\n\n<p>El Cesesp imparti\u00f3 cuatro talleres simult\u00e1neamente en las instalaciones del Zool\u00f3gico del Altiplano, en Apetatitl\u00e1n; los primeros fueron pl\u00e1ticas sobre las distintas modalidades de violencia y un curso de defensa personal. En tanto, otras dos actividades fueron para que los menores de edad hagan uso responsable de los n\u00fameros 089 y 911 ante una posible emergencia y que conozcan m\u00e1s temas de prevenci\u00f3n.<\/p>\n\n\n\n<p>El personal de Cesesp imparti\u00f3 las actividades a trav\u00e9s de botargas, rompecabezas, globos, cuentacuentos, pelotas y sopas de letras, entre otros materiales de uso recreativo.<\/p>\n\n\n\n<p>Asimismo, los participantes tuvieron actividades propias para la conservaci\u00f3n del medio ambiente y de las especies que habitan en \u00e9l, con el que se convierten en guardafaunas, principal objetivo del curso.<\/p>\n","protected":false},"excerpt":{"rendered":"<p>*Participa en el curso \u201cVerano Salvaje: Educar para conservar\u201d, convocado por el Sedif La Comisi\u00f3n Ejecutiva del Sistema Estatal de Seguridad P\u00fablica (Cesesp) particip\u00f3 el lunes en las actividades del curso \u201cVerano Salvaje: Educar para conservar\u201d, convocado por el Sistema Estatal para el Desarrollo Integral de la Familia (Sedif). A trav\u00e9s de Centro Estatal de [&hellip;]<\/p>\n","protected":false},"author":4,"featured_media":81255,"comment_status":"open","ping_status":"open","sticky":false,"template":"","format":"standard","meta":{"om_disable_all_campaigns":false,"_monsterinsights_skip_tracking":false,"_monsterinsights_sitenote_active":false,"_monsterinsights_sitenote_note":"","_monsterinsights_sitenote_category":0,"jnews-multi-image_gallery":[],"jnews_single_post":{"subtitle":"","format":"standard","video":"","gallery":"","source_name":"","source_url":"","via_name":"","via_url":"","override_template":"0","override":[{"template":"1","single_blog_custom":"","parallax":"1","fullscreen":"1","layout":"right-sidebar","sidebar":"default-sidebar","second_sidebar":"default-sidebar","sticky_sidebar":"1","share_position":"top","share_float_style":"share-monocrhome","show_share_counter":"1","show_view_counter":"1","show_featured":"1","show_post_meta":"1","show_post_author":"1","show_post_author_image":"1","show_post_date":"1","post_date_format":"default","post_date_format_custom":"Y\/m\/d","show_post_category":"1","show_post_reading_time":"0","post_reading_time_wpm":"300","show_zoom_button":"0","zoom_button_out_step":"2","zoom_button_in_step":"3","show_post_tag":"1","show_prev_next_post":"1","show_popup_post":"1","number_popup_post":"1","show_author_box":"1","show_post_related":"0","show_inline_post_related":"0"}],"override_image_size":"0","image_override":[{"single_post_thumbnail_size":"crop-500","single_post_gallery_size":"crop-500"}],"trending_post":"0","trending_post_position":"meta","trending_post_label":"Trending","sponsored_post":"0","sponsored_post_label":"Sponsored by","sponsored_post_name":"","sponsored_post_url":"","sponsored_post_logo_enable":"0","sponsored_post_logo":"","sponsored_post_desc":"","disable_ad":"0"},"jnews_primary_category":{"id":""},"footnotes":""},"categories":[43,52],"tags":[266,121,96],"class_list":["post-81254","post","type-post","status-publish","format-standard","has-post-thumbnail","hentry","category-estado","category-gobierno-de-tlaxcala","tag-ceps","tag-sedif","tag-tlaxcala"],"aioseo_notices":[],"_links":{"self":[{"href":"https:\/\/estado29.mx\/index.php?rest_route=\/wp\/v2\/posts\/81254","targetHints":{"allow":["GET"]}}],"collection":[{"href":"https:\/\/estado29.mx\/index.php?rest_route=\/wp\/v2\/posts"}],"about":[{"href":"https:\/\/estado29.mx\/index.php?rest_route=\/wp\/v2\/types\/post"}],"author":[{"embeddable":true,"href":"https:\/\/estado29.mx\/index.php?rest_route=\/wp\/v2\/users\/4"}],"replies":[{"embeddable":true,"href":"https:\/\/estado29.mx\/index.php?rest_route=%2Fwp%2Fv2%2Fcomments&post=81254"}],"version-history":[{"count":1,"href":"https:\/\/estado29.mx\/index.php?rest_route=\/wp\/v2\/posts\/81254\/revisions"}],"predecessor-version":[{"id":81256,"href":"https:\/\/estado29.mx\/index.php?rest_route=\/wp\/v2\/posts\/81254\/revisions\/81256"}],"wp:featuredmedia":[{"embeddable":true,"href":"https:\/\/estado29.mx\/index.php?rest_route=\/wp\/v2\/media\/81255"}],"wp:attachment":[{"href":"https:\/\/estado29.mx\/index.php?rest_route=%2Fwp%2Fv2%2Fmedia&parent=81254"}],"wp:term":[{"taxonomy":"category","embeddable":true,"href":"https:\/\/estado29.mx\/index.php?rest_route=%2Fwp%2Fv2%2Fcategories&post=81254"},{"taxonomy":"post_tag","embeddable":true,"href":"https:\/\/estado29.mx\/index.php?rest_route=%2Fwp%2Fv2%2Ftags&post=81254"}],"curies":[{"name":"wp","href":"https:\/\/api.w.org\/{rel}","templated":true}]}}