{"id":81455,"date":"2022-08-29T12:28:30","date_gmt":"2022-08-29T12:28:30","guid":{"rendered":"https:\/\/estado29.mx\/?p=81455"},"modified":"2022-08-29T12:28:31","modified_gmt":"2022-08-29T12:28:31","slug":"derechos-de-las-y-los-mexicanos-en-el-extranjero-han-quedado-fuera-de-la-agenda-legislativa-lorenzo-cordova","status":"publish","type":"post","link":"https:\/\/estado29.mx\/?p=81455","title":{"rendered":"Derechos de las y los mexicanos en el extranjero han quedado fuera de la agenda legislativa: Lorenzo C\u00f3rdova"},"content":{"rendered":"\n<p><strong><em>Todos los mexicanos deber\u00edan poder acceder a cualquier modalidad de voto: Claudia Zavala<\/em><\/strong><\/p>\n\n\n\n<p><strong><em>El libro \u201cEl sufragio extraterritorial de las y los mexicanos\u201d, de V\u00edctor Espinoza, se present\u00f3 en la Feria del Libro en Espa\u00f1ol L\u00e9aLA<\/em><\/strong><\/p>\n\n\n\n<p>El ejercicio pleno de los derechos pol\u00edtico-electorales de las y los mexicanos residentes en el extranjero es un tema que ha quedado fuera de la agenda legislativa, advirti\u00f3 el Consejero Presidente del Instituto Nacional Electoral (INE), Lorenzo C\u00f3rdova Vianello.<\/p>\n\n\n\n<p>\u201cEl otro M\u00e9xico parece no estar, necesariamente, en la agenda prioritaria de las pol\u00edticas p\u00fablicas en nuestro pa\u00eds, todav\u00eda son indispensables pol\u00edticas para que, ojal\u00e1, un d\u00eda podamos decir que todas y todos los mexicanos somos iguales en el ejercicio de nuestros derechos pol\u00edtico-electorales con independencia de donde nos encontremos y ese es un objetivo que toda democracia plena y funcional deber\u00eda plantearse\u201d, sentenci\u00f3.<\/p>\n\n\n\n<p>Durante la presentaci\u00f3n del libro \u201cEl sufragio extraterritorial de las y los mexicanos. Participaci\u00f3n, preferencias pol\u00edticas y tipolog\u00eda del voto a distancia\u201d, en la Feria del Libro en Espa\u00f1ol L\u00e9aLA, lament\u00f3 que durante el ejercicio de parlamento abierto que se realiza ante una posible reforma electoral se dejara fuera el tema.<\/p>\n\n\n\n<p>Agreg\u00f3 que la exclusi\u00f3n destaca ante la incongruencia de grandes pendientes que se mantienen en una comunidad que supera los 12 millones de personas, seg\u00fan las estimaciones, y que no ha logrado concretar el ejercicio pleno de sus derechos.<\/p>\n\n\n\n<p>C\u00f3rdova Vianello incluso record\u00f3 que una de las principales incongruencias que deben ser atendidas es la existencia de una cuota migrante en la C\u00e1mara de Diputados que no pudo ser electa por la comunidad a la que deber\u00eda representar.&nbsp;&nbsp;<\/p>\n\n\n\n<p>\u201cEste deber\u00eda de ser un libro de cabecera para que nuestros legisladores se ocupen de los pendientes en esta materia electoral, en lugar de andar intentando reinventar lo que funciona y funciona bien, que aun cuando es mejorable, funciona bien\u201d, dijo.<\/p>\n\n\n\n<p><strong><em>Las diferentes modalidades del voto deber\u00edan estar disponibles dentro y fuera de M\u00e9xico<\/em><\/strong><\/p>\n\n\n\n<p>Al tomar la palabra, la Consejera Electoral Claudia Zavala, record\u00f3 que pronto las y los mexicanos residentes en el extranjero podr\u00e1n ejercer su derecho al voto por tres v\u00edas, postal, electr\u00f3nica y presencial; no obstante, reiter\u00f3 la posibilidad de que toda ciudadana o ciudadano pueda ejercer cualquiera de las modalidades, incluso aquellas que hoy se limitan fuera de territorio nacional.<\/p>\n\n\n\n<p>Este tipo de reflexiones, abund\u00f3, son las que permiten detonar el libro que incluso llega a plantear si esta limitante no supone una forma de discriminar a un grupo &nbsp;de la ciudadan\u00eda para poder hacer eficaces los derechos pol\u00edtico-electorales.&nbsp;<\/p>\n\n\n\n<p>La Consejera tambi\u00e9n celebr\u00f3 el estudio que hace la publicaci\u00f3n de V\u00edctor Espinoza para conocer objetivamente las preferencias electorales y agradeci\u00f3 que pronto se pueda ampliar la investigaci\u00f3n a los ejercicios del voto extraterritorial de los \u00faltimos procesos electorales, incluyendo el voto presencial que se aplicar\u00e1 el pr\u00f3ximo a\u00f1o.<\/p>\n\n\n\n<p>&nbsp;\u201cNo podemos ver el ejercicio y las eficacias de nuestros derechos, sobre todo de quienes residen en el extranjero, si no vemos en qu\u00e9 contexto social se dan los grandes movimientos, sobre todo porque son los miedos los que nos han impedido el ejercicio inmediato de estos derechos\u201d, expuso.<\/p>\n\n\n\n<p><strong><em>Voto extraterritorial con m\u00e1s de 41 experiencias a nivel federal y local<\/em><\/strong><\/p>\n\n\n\n<p>V\u00edctor Espinoza, autor del libro, destac\u00f3 la importancia del voto extraterritorial, el cual ya tiene 41 experiencias en elecciones presidenciales, federales y locales y el fen\u00f3meno que ello implica entre la comunidad.<\/p>\n\n\n\n<p>Agreg\u00f3 que el libro amplia el conocimiento objetivo de las preferencias y busca ser una aportaci\u00f3n para conocer c\u00f3mo es el actuar pol\u00edtico de la di\u00e1spora mexicana para entender la diferencia con lo que sucede al interior del pa\u00eds.<\/p>\n\n\n\n<p>El escritor tambi\u00e9n aprovech\u00f3 para se\u00f1alar que a pesar de que la baja participaci\u00f3n en el voto extraterritorial es una constante, los datos muestran que la informaci\u00f3n incide directamente en el incremento de los niveles de participaci\u00f3n.<\/p>\n\n\n\n<p>En su oportunidad, Rafael Fern\u00e1ndez de Castro, Director del Centro de Estudios M\u00e9xico-Estados Unidos, refiri\u00f3 que el texto aporta un an\u00e1lisis integral de todas las votaciones extraterritoriales federales y locales, a la par que ofrece una tipolog\u00eda de este voto, opositor y no opositor, lo que nos permite entender muy sencillamente las tendencias.<\/p>\n\n\n\n<p>A\u00f1adi\u00f3 que el fen\u00f3meno migratorio es un tema que requiere de mayor an\u00e1lisis ante la complejidad que representa no s\u00f3lo por las particularidades de cada pa\u00eds, sino por las diferentes necesidades que incluso llegan a enfrentar en los lugares donde se asientan.<\/p>\n\n\n\n<p>Durante, la moderaci\u00f3n de la presentaci\u00f3n editorial, el Secretario Ejecutivo del INE, Edmundo Jacobo Molina, destac\u00f3 el objetivo que el sello editorial del INE ha buscado para poder llenar los huecos que las marcas comerciales no cubren.<\/p>\n\n\n\n<p>Por ello, dijo, es que desde la instituci\u00f3n se ha buscado elegir textos que aportan a la discusi\u00f3n de las pol\u00edticas p\u00fablicas y, en este caso, a las acciones electorales que se requieren.<\/p>\n","protected":false},"excerpt":{"rendered":"<p>Todos los mexicanos deber\u00edan poder acceder a cualquier modalidad de voto: Claudia Zavala El libro \u201cEl sufragio extraterritorial de las y los mexicanos\u201d, de V\u00edctor Espinoza, se present\u00f3 en la Feria del Libro en Espa\u00f1ol L\u00e9aLA El ejercicio pleno de los derechos pol\u00edtico-electorales de las y los mexicanos residentes en el extranjero es un tema [&hellip;]<\/p>\n","protected":false},"author":4,"featured_media":81456,"comment_status":"open","ping_status":"open","sticky":false,"template":"","format":"standard","meta":{"om_disable_all_campaigns":false,"_monsterinsights_skip_tracking":false,"_monsterinsights_sitenote_active":false,"_monsterinsights_sitenote_note":"","_monsterinsights_sitenote_category":0,"jnews-multi-image_gallery":[],"jnews_single_post":{"subtitle":"","format":"standard","video":"","gallery":"","source_name":"","source_url":"","via_name":"","via_url":"","override_template":"0","override":[{"template":"1","single_blog_custom":"","parallax":"1","fullscreen":"1","layout":"right-sidebar","sidebar":"default-sidebar","second_sidebar":"default-sidebar","sticky_sidebar":"1","share_position":"top","share_float_style":"share-monocrhome","show_share_counter":"1","show_view_counter":"1","show_featured":"1","show_post_meta":"1","show_post_author":"1","show_post_author_image":"1","show_post_date":"1","post_date_format":"default","post_date_format_custom":"Y\/m\/d","show_post_category":"1","show_post_reading_time":"0","post_reading_time_wpm":"300","show_zoom_button":"0","zoom_button_out_step":"2","zoom_button_in_step":"3","show_post_tag":"1","show_prev_next_post":"1","show_popup_post":"1","number_popup_post":"1","show_author_box":"1","show_post_related":"0","show_inline_post_related":"0"}],"override_image_size":"0","image_override":[{"single_post_thumbnail_size":"crop-500","single_post_gallery_size":"crop-500"}],"trending_post":"0","trending_post_position":"meta","trending_post_label":"Trending","sponsored_post":"0","sponsored_post_label":"Sponsored by","sponsored_post_name":"","sponsored_post_url":"","sponsored_post_logo_enable":"0","sponsored_post_logo":"","sponsored_post_desc":"","disable_ad":"0"},"jnews_primary_category":{"id":""},"footnotes":""},"categories":[82,43,51,46],"tags":[88,291,289],"class_list":["post-81455","post","type-post","status-publish","format-standard","has-post-thumbnail","hentry","category-cultura","category-estado","category-nacional","category-politica","tag-ine","tag-nacional","tag-partidos-politicos-2"],"aioseo_notices":[],"_links":{"self":[{"href":"https:\/\/estado29.mx\/index.php?rest_route=\/wp\/v2\/posts\/81455","targetHints":{"allow":["GET"]}}],"collection":[{"href":"https:\/\/estado29.mx\/index.php?rest_route=\/wp\/v2\/posts"}],"about":[{"href":"https:\/\/estado29.mx\/index.php?rest_route=\/wp\/v2\/types\/post"}],"author":[{"embeddable":true,"href":"https:\/\/estado29.mx\/index.php?rest_route=\/wp\/v2\/users\/4"}],"replies":[{"embeddable":true,"href":"https:\/\/estado29.mx\/index.php?rest_route=%2Fwp%2Fv2%2Fcomments&post=81455"}],"version-history":[{"count":1,"href":"https:\/\/estado29.mx\/index.php?rest_route=\/wp\/v2\/posts\/81455\/revisions"}],"predecessor-version":[{"id":81457,"href":"https:\/\/estado29.mx\/index.php?rest_route=\/wp\/v2\/posts\/81455\/revisions\/81457"}],"wp:featuredmedia":[{"embeddable":true,"href":"https:\/\/estado29.mx\/index.php?rest_route=\/wp\/v2\/media\/81456"}],"wp:attachment":[{"href":"https:\/\/estado29.mx\/index.php?rest_route=%2Fwp%2Fv2%2Fmedia&parent=81455"}],"wp:term":[{"taxonomy":"category","embeddable":true,"href":"https:\/\/estado29.mx\/index.php?rest_route=%2Fwp%2Fv2%2Fcategories&post=81455"},{"taxonomy":"post_tag","embeddable":true,"href":"https:\/\/estado29.mx\/index.php?rest_route=%2Fwp%2Fv2%2Ftags&post=81455"}],"curies":[{"name":"wp","href":"https:\/\/api.w.org\/{rel}","templated":true}]}}