{"id":81461,"date":"2022-08-29T12:36:13","date_gmt":"2022-08-29T12:36:13","guid":{"rendered":"https:\/\/estado29.mx\/?p=81461"},"modified":"2022-08-29T12:36:14","modified_gmt":"2022-08-29T12:36:14","slug":"llegan-servicios-medicos-gratuitos-del-dr-vagon-a-apizaco","status":"publish","type":"post","link":"https:\/\/estado29.mx\/?p=81461","title":{"rendered":"Llegan servicios m\u00e9dicos gratuitos del Dr. Vag\u00f3n a Apizaco\u00a0"},"content":{"rendered":"\n<p>*La atenci\u00f3n de alta especialidad estar\u00e1 disponible para toda la poblaci\u00f3n hasta el martes 30 de agosto; entregar\u00e1n 500 fichas<\/p>\n\n\n\n<p>El Dr. Vag\u00f3n \u201cEl Tren de la Salud\u201d brinda desde este s\u00e1bado 27 y hasta el pr\u00f3ximo martes 30 de agosto servicios gratuitos con 500 atenciones m\u00e9dicas diarias de alta especialidad a la poblaci\u00f3n del municipio de Apizaco.<\/p>\n\n\n\n<p>Como resultado de las gestiones realizadas por la gobernadora Lorena Cu\u00e9llar Cisneros para acercar atenci\u00f3n m\u00e9dica de calidad a la poblaci\u00f3n tlaxcalteca que m\u00e1s lo necesita, se instalaron 17 vagones y un quir\u00f3fano de la salud en la estaci\u00f3n del ferrocarril de Apizaco que cuenta con las especialidades de somatometr\u00eda, medicina interna y general, pediatr\u00eda, ginecolog\u00eda, oftalmolog\u00eda y geriatr\u00eda.<\/p>\n\n\n\n<p>As\u00ed como, dermatolog\u00eda, odontolog\u00eda, optometr\u00eda, audiometr\u00eda, nutrici\u00f3n, cl\u00ednica integral del paciente diab\u00e9tico, salud integral para la mujer, quiropr\u00e1ctica y rehabilitaci\u00f3n f\u00edsica, psicolog\u00eda y planificaci\u00f3n familiar.<\/p>\n\n\n\n<p>La entrega de las 500 fichas inicia a las 6:00 horas y el horario de atenci\u00f3n va desde las 7:00 hasta las 17:00 horas; los interesados deber\u00e1n ingresar por la entrada del destacamento de la Guardia Nacional, ubicado a un costado de la estaci\u00f3n del ferrocarril para poder llegar a los vagones de \u201cEl Tren de la Salud\u201d.<\/p>\n\n\n\n<p>La Secretar\u00eda de Salud (SESA) hizo un llamado a los habitantes de Apizaco y de los municipios circunvecinos para que acudan a recibir este beneficio que coadyuva a la prevenci\u00f3n de enfermedades, as\u00ed como la detecci\u00f3n temprana de las mismas y su tratamiento oportuno.<\/p>\n\n\n\n<p>Una vez concluidos los servicios en este municipio, el Dr. Vag\u00f3n se trasladar\u00e1 a Quilehtla donde permanecer\u00e1 del 1 al 4 de septiembre de 2022.<\/p>\n","protected":false},"excerpt":{"rendered":"<p>*La atenci\u00f3n de alta especialidad estar\u00e1 disponible para toda la poblaci\u00f3n hasta el martes 30 de agosto; entregar\u00e1n 500 fichas El Dr. Vag\u00f3n \u201cEl Tren de la Salud\u201d brinda desde este s\u00e1bado 27 y hasta el pr\u00f3ximo martes 30 de agosto servicios gratuitos con 500 atenciones m\u00e9dicas diarias de alta especialidad a la poblaci\u00f3n del [&hellip;]<\/p>\n","protected":false},"author":4,"featured_media":81462,"comment_status":"open","ping_status":"open","sticky":false,"template":"","format":"standard","meta":{"om_disable_all_campaigns":false,"_monsterinsights_skip_tracking":false,"_monsterinsights_sitenote_active":false,"_monsterinsights_sitenote_note":"","_monsterinsights_sitenote_category":0,"jnews-multi-image_gallery":[],"jnews_single_post":{"subtitle":"","format":"standard","video":"","gallery":"","source_name":"","source_url":"","via_name":"","via_url":"","override_template":"0","override":[{"template":"1","single_blog_custom":"","parallax":"1","fullscreen":"1","layout":"right-sidebar","sidebar":"default-sidebar","second_sidebar":"default-sidebar","sticky_sidebar":"1","share_position":"top","share_float_style":"share-monocrhome","show_share_counter":"1","show_view_counter":"1","show_featured":"1","show_post_meta":"1","show_post_author":"1","show_post_author_image":"1","show_post_date":"1","post_date_format":"default","post_date_format_custom":"Y\/m\/d","show_post_category":"1","show_post_reading_time":"0","post_reading_time_wpm":"300","show_zoom_button":"0","zoom_button_out_step":"2","zoom_button_in_step":"3","show_post_tag":"1","show_prev_next_post":"1","show_popup_post":"1","number_popup_post":"1","show_author_box":"1","show_post_related":"0","show_inline_post_related":"0"}],"override_image_size":"0","image_override":[{"single_post_thumbnail_size":"crop-500","single_post_gallery_size":"crop-500"}],"trending_post":"0","trending_post_position":"meta","trending_post_label":"Trending","sponsored_post":"0","sponsored_post_label":"Sponsored by","sponsored_post_name":"","sponsored_post_url":"","sponsored_post_logo_enable":"0","sponsored_post_logo":"","sponsored_post_desc":"","disable_ad":"0"},"jnews_primary_category":{"id":""},"footnotes":""},"categories":[43,52,81],"tags":[150,110,141,148,96],"class_list":["post-81461","post","type-post","status-publish","format-standard","has-post-thumbnail","hentry","category-estado","category-gobierno-de-tlaxcala","category-salud-estado","tag-gobierno-del-estado","tag-municipios","tag-salud","tag-sesa","tag-tlaxcala"],"aioseo_notices":[],"_links":{"self":[{"href":"https:\/\/estado29.mx\/index.php?rest_route=\/wp\/v2\/posts\/81461","targetHints":{"allow":["GET"]}}],"collection":[{"href":"https:\/\/estado29.mx\/index.php?rest_route=\/wp\/v2\/posts"}],"about":[{"href":"https:\/\/estado29.mx\/index.php?rest_route=\/wp\/v2\/types\/post"}],"author":[{"embeddable":true,"href":"https:\/\/estado29.mx\/index.php?rest_route=\/wp\/v2\/users\/4"}],"replies":[{"embeddable":true,"href":"https:\/\/estado29.mx\/index.php?rest_route=%2Fwp%2Fv2%2Fcomments&post=81461"}],"version-history":[{"count":1,"href":"https:\/\/estado29.mx\/index.php?rest_route=\/wp\/v2\/posts\/81461\/revisions"}],"predecessor-version":[{"id":81463,"href":"https:\/\/estado29.mx\/index.php?rest_route=\/wp\/v2\/posts\/81461\/revisions\/81463"}],"wp:featuredmedia":[{"embeddable":true,"href":"https:\/\/estado29.mx\/index.php?rest_route=\/wp\/v2\/media\/81462"}],"wp:attachment":[{"href":"https:\/\/estado29.mx\/index.php?rest_route=%2Fwp%2Fv2%2Fmedia&parent=81461"}],"wp:term":[{"taxonomy":"category","embeddable":true,"href":"https:\/\/estado29.mx\/index.php?rest_route=%2Fwp%2Fv2%2Fcategories&post=81461"},{"taxonomy":"post_tag","embeddable":true,"href":"https:\/\/estado29.mx\/index.php?rest_route=%2Fwp%2Fv2%2Ftags&post=81461"}],"curies":[{"name":"wp","href":"https:\/\/api.w.org\/{rel}","templated":true}]}}