{"id":81473,"date":"2022-08-29T12:59:22","date_gmt":"2022-08-29T12:59:22","guid":{"rendered":"https:\/\/estado29.mx\/?p=81473"},"modified":"2022-08-29T12:59:23","modified_gmt":"2022-08-29T12:59:23","slug":"carlos-augusto-perez-es-elegido-como-lider-de-la-dirigencia-estatal-de-morena","status":"publish","type":"post","link":"https:\/\/estado29.mx\/?p=81473","title":{"rendered":"Carlos augusto P\u00e9rez\u00a0 es elegido como l\u00edder de la dirigencia estatal de morena"},"content":{"rendered":"\n<p>\u00a0El diputado federal,\u00a0<a href=\"https:\/\/www.elsoldetlaxcala.com.mx\/local\/reconoce-carlos-augusto-compromiso-de-lorena-cuellar-en-materia-de-seguridad-7551245.html\" target=\"_blank\" rel=\"noreferrer noopener\">Carlos Augusto P\u00e9rez Hern\u00e1ndez<\/a>, fue electo como el nuevo dirigente estatal del partido Movimiento Regeneraci\u00f3n Nacional (Morena).<\/p>\n\n\n\n<p>En medio de la convocatoria para el congreso estatal en el que participaron las 15 consejeras y los 15 consejeros determinaron que al frente de la Secretar\u00eda General del Comit\u00e9 Estatal estar\u00e1 la exdiputada local&nbsp;Luz Ver\u00e1 D\u00edaz,&nbsp;y como presidente del Consejo Estatal nombraron a&nbsp;Jos\u00e9 Luis \u00c1ngel Rold\u00e1n, durante el proceso de elecci\u00f3n se cont\u00f3 con la presencia de la delegada nacional Cristina Cruz Cruz, quien los exhorto a trabajar a efecto de que su partido Morena contin\u00fae con resultados en Tlaxcala.<\/p>\n\n\n\n<p>De esta manera, en la dirigencia estatal del partido,&nbsp;fue nombrado <a href=\"https:\/\/www.elsoldetlaxcala.com.mx\/local\/gana-la-4t-los-tres-distritos-federales-6817199.html\" target=\"_blank\" rel=\"noreferrer noopener\">Carlos Augusto P\u00e9rez Hern\u00e1ndez<\/a>&nbsp;quien solicit\u00f3 licencia al cargo de legislador federal y cuyo esca\u00f1o ahora ser\u00e1 ocupado por&nbsp;<a href=\"https:\/\/www.elsoldetlaxcala.com.mx\/local\/municipios\/eligen-a-david-martinez-presidente-de-comunidad-de-santa-cruz-588913.html\" target=\"_blank\" rel=\"noreferrer noopener\">Steve del Razo Guti\u00e9rrez.<\/a><\/p>\n\n\n\n<p>Secretar\u00eda de Organizaci\u00f3n, Agust\u00edn Moreno.<\/p>\n\n\n\n<p>Secretar\u00eda de Comunicaci\u00f3n, Jaqueline Meneses.<\/p>\n\n\n\n<p>Secretar\u00eda de Formaci\u00f3n, Adalberto S\u00e1nchez.<\/p>\n\n\n\n<p>Secretar\u00eda de Mujeres, Karime Abascal.<\/p>\n\n\n\n<p>Secretar\u00eda de J\u00f3venes, Ximena Ver\u00f3nica Zecua.<\/p>\n","protected":false},"excerpt":{"rendered":"<p>\u00a0El diputado federal,\u00a0Carlos Augusto P\u00e9rez Hern\u00e1ndez, fue electo como el nuevo dirigente estatal del partido Movimiento Regeneraci\u00f3n Nacional (Morena). En medio de la convocatoria para el congreso estatal en el que participaron las 15 consejeras y los 15 consejeros determinaron que al frente de la Secretar\u00eda General del Comit\u00e9 Estatal estar\u00e1 la exdiputada local&nbsp;Luz Ver\u00e1 [&hellip;]<\/p>\n","protected":false},"author":4,"featured_media":81474,"comment_status":"open","ping_status":"open","sticky":false,"template":"","format":"standard","meta":{"om_disable_all_campaigns":false,"_monsterinsights_skip_tracking":false,"_monsterinsights_sitenote_active":false,"_monsterinsights_sitenote_note":"","_monsterinsights_sitenote_category":0,"jnews-multi-image_gallery":[],"jnews_single_post":{"subtitle":"","format":"standard","video":"","gallery":"","source_name":"","source_url":"","via_name":"","via_url":"","override_template":"0","override":[{"template":"1","single_blog_custom":"","parallax":"1","fullscreen":"1","layout":"right-sidebar","sidebar":"default-sidebar","second_sidebar":"default-sidebar","sticky_sidebar":"1","share_position":"top","share_float_style":"share-monocrhome","show_share_counter":"1","show_view_counter":"1","show_featured":"1","show_post_meta":"1","show_post_author":"1","show_post_author_image":"1","show_post_date":"1","post_date_format":"default","post_date_format_custom":"Y\/m\/d","show_post_category":"1","show_post_reading_time":"0","post_reading_time_wpm":"300","show_zoom_button":"0","zoom_button_out_step":"2","zoom_button_in_step":"3","show_post_tag":"1","show_prev_next_post":"1","show_popup_post":"1","number_popup_post":"1","show_author_box":"1","show_post_related":"0","show_inline_post_related":"0"}],"override_image_size":"0","image_override":[{"single_post_thumbnail_size":"crop-500","single_post_gallery_size":"crop-500"}],"trending_post":"0","trending_post_position":"meta","trending_post_label":"Trending","sponsored_post":"0","sponsored_post_label":"Sponsored by","sponsored_post_name":"","sponsored_post_url":"","sponsored_post_logo_enable":"0","sponsored_post_logo":"","sponsored_post_desc":"","disable_ad":"0"},"jnews_primary_category":{"id":""},"footnotes":""},"categories":[43,47],"tags":[174,289,730],"class_list":["post-81473","post","type-post","status-publish","format-standard","has-post-thumbnail","hentry","category-estado","category-municipios","tag-morena","tag-partidos-politicos-2","tag-politica-2"],"aioseo_notices":[],"_links":{"self":[{"href":"https:\/\/estado29.mx\/index.php?rest_route=\/wp\/v2\/posts\/81473","targetHints":{"allow":["GET"]}}],"collection":[{"href":"https:\/\/estado29.mx\/index.php?rest_route=\/wp\/v2\/posts"}],"about":[{"href":"https:\/\/estado29.mx\/index.php?rest_route=\/wp\/v2\/types\/post"}],"author":[{"embeddable":true,"href":"https:\/\/estado29.mx\/index.php?rest_route=\/wp\/v2\/users\/4"}],"replies":[{"embeddable":true,"href":"https:\/\/estado29.mx\/index.php?rest_route=%2Fwp%2Fv2%2Fcomments&post=81473"}],"version-history":[{"count":1,"href":"https:\/\/estado29.mx\/index.php?rest_route=\/wp\/v2\/posts\/81473\/revisions"}],"predecessor-version":[{"id":81475,"href":"https:\/\/estado29.mx\/index.php?rest_route=\/wp\/v2\/posts\/81473\/revisions\/81475"}],"wp:featuredmedia":[{"embeddable":true,"href":"https:\/\/estado29.mx\/index.php?rest_route=\/wp\/v2\/media\/81474"}],"wp:attachment":[{"href":"https:\/\/estado29.mx\/index.php?rest_route=%2Fwp%2Fv2%2Fmedia&parent=81473"}],"wp:term":[{"taxonomy":"category","embeddable":true,"href":"https:\/\/estado29.mx\/index.php?rest_route=%2Fwp%2Fv2%2Fcategories&post=81473"},{"taxonomy":"post_tag","embeddable":true,"href":"https:\/\/estado29.mx\/index.php?rest_route=%2Fwp%2Fv2%2Ftags&post=81473"}],"curies":[{"name":"wp","href":"https:\/\/api.w.org\/{rel}","templated":true}]}}