{"id":81486,"date":"2022-08-30T12:28:03","date_gmt":"2022-08-30T12:28:03","guid":{"rendered":"https:\/\/estado29.mx\/?p=81486"},"modified":"2022-08-30T12:28:04","modified_gmt":"2022-08-30T12:28:04","slug":"las-acciones-afirmativas-del-ine-buscan-revertir-escenarios-de-desigualdad-lule","status":"publish","type":"post","link":"https:\/\/estado29.mx\/?p=81486","title":{"rendered":"Las acciones afirmativas del INE buscan revertir escenarios de desigualdad: Lule"},"content":{"rendered":"\n<p>Para el Instituto Nacional Electoral (INE) las acciones afirmativas constituyen una medida que tiene como prop\u00f3sito fundamental el revertir escenarios de desigualdad hist\u00f3rica y de facto, que enfrentan ciertos grupos humanos en el ejercicio de sus derechos y con ello garantizar un plano de igualdad sustancial en el acceso a los bienes, servicios y oportunidades de que disponen los sectores sociales.<\/p>\n\n\n\n<p>As\u00ed lo se\u00f1al\u00f3 el delegado del INE en Tlaxcala, J. Jes\u00fas Lule Ortega, durante la presentaci\u00f3n del estudio \u201cLa fuerza pol\u00edtica de las legisladoras en los Congresos locales de M\u00e9xico\u201d, realizada en coordinaci\u00f3n con el Congreso del Estado de Tlaxcala y el Bur\u00f3 Parlamentario, el pasado viernes en el patio vitral de la sede del Poder Legislativo.<\/p>\n\n\n\n<p>Durante su intervenci\u00f3n, reconoci\u00f3 que, si bien M\u00e9xico y Tlaxcala han transitado a nuevos paradigmas en cuanto a igualdad de oportunidades pol\u00edticas y electorales, \u201cno ha sido suficiente para hacer efectivo el acceso de todas las personas a sus derechos\u201d, sobre todo el sector femenino donde debe ser examinada la autonom\u00eda de su prerrogativa al momento de votar.<\/p>\n\n\n\n<p>\u201cPor ello es importante identificar c\u00f3mo operan los prejuicios y estereotipos de g\u00e9nero para entender la discriminaci\u00f3n que sufren las mujeres y las resistencias sociales a aceptar su participaci\u00f3n en la pol\u00edtica y en los espacios en donde se toman las decisiones\u201d, sostuvo.<\/p>\n\n\n\n<p>Por lo anterior, Lule Ortega indic\u00f3 que el organismo nacional electoral cumple a cabalidad las disposiciones constitucionales y legales vigentes en materia de derechos humanos y, seg\u00fan lo establecido por los art\u00edculos 233, p\u00e1rrafo 1; y 234 p\u00e1rrafo 1 de la LGIPE, la totalidad de solicitudes de registro de las candidaturas a senadoras o senadores y diputadas o diputados que presenten los partidos pol\u00edticos o coaliciones ante el INE, deber\u00e1n integrarse salvaguardando la paridad entre los g\u00e9neros.<\/p>\n\n\n\n<p>\u201cEn las listas de representaci\u00f3n proporcional se alternar\u00e1n las f\u00f3rmulas de distinto g\u00e9nero para garantizar el principio de paridad hasta agotar cada lista; as\u00ed mismo, el art\u00edculo 278 del Reglamento de Elecciones se\u00f1ala que las coaliciones deber\u00e1n observar las mismas reglas de paridad de g\u00e9nero\u201d, remarc\u00f3.<\/p>\n\n\n\n<p>De esta manera, el funcionario electoral puntualiz\u00f3 que, para contribuir a la construcci\u00f3n de una cultura democr\u00e1tica que integre la diversidad y la igualdad de g\u00e9nero, el INE incorpor\u00f3 un lenguaje incluyente en la documentaci\u00f3n y los materiales electorales que se utilizar\u00e1n el d\u00eda de la elecci\u00f3n (boletas, canceles electorales port\u00e1tiles, urnas, cajas de paquetes electorales, mamparas especiales, bases porta urnas, cajas contenedoras de materiales electorales y materiales para el voto de la ciudadan\u00eda mexicana residente en el extranjero).<\/p>\n\n\n\n<p>Adem\u00e1s, explic\u00f3, en el lenguaje empleado \u201cSe hace referencia a \u201cPresidencia de los Estados Unidos Mexicanos\u201d y no a \u201cPresidente de la Rep\u00fablica\u201d; a \u201cSenadur\u00edas\u201d y \u201cDiputaciones Federales\u201d en lugar de \u201cSenadores\u201d o \u201cDiputados Federales\u201d.<\/p>\n\n\n\n<p>Tras esto, J. Jes\u00fas Lule Ortega cedi\u00f3 a las y los investigadores del Bur\u00f3 Parlamentario, Adriana del Rosario B\u00e1ez Carlos, y Sergio Arturo B\u00e1rcena Ju\u00e1rez, as\u00ed como a la tambi\u00e9n investigadora y exconsejera del Instituto Tlaxcalteca de Elecciones (ITE), Dora Rodr\u00edguez Soriano, dar cuenta del contenido del estudio que muestra con claridad el avance en el arribo de las mujeres a espacios de decisi\u00f3n y el an\u00e1lisis de si esto se ve reflejado en el ejercicio pleno del poder.<\/p>\n","protected":false},"excerpt":{"rendered":"<p>Para el Instituto Nacional Electoral (INE) las acciones afirmativas constituyen una medida que tiene como prop\u00f3sito fundamental el revertir escenarios de desigualdad hist\u00f3rica y de facto, que enfrentan ciertos grupos humanos en el ejercicio de sus derechos y con ello garantizar un plano de igualdad sustancial en el acceso a los bienes, servicios y oportunidades [&hellip;]<\/p>\n","protected":false},"author":4,"featured_media":81487,"comment_status":"open","ping_status":"open","sticky":false,"template":"","format":"standard","meta":{"om_disable_all_campaigns":false,"_monsterinsights_skip_tracking":false,"_monsterinsights_sitenote_active":false,"_monsterinsights_sitenote_note":"","_monsterinsights_sitenote_category":0,"jnews-multi-image_gallery":[],"jnews_single_post":{"subtitle":"","format":"standard","video":"","gallery":"","source_name":"","source_url":"","via_name":"","via_url":"","override_template":"0","override":[{"template":"1","single_blog_custom":"","parallax":"1","fullscreen":"1","layout":"right-sidebar","sidebar":"default-sidebar","second_sidebar":"default-sidebar","sticky_sidebar":"1","share_position":"top","share_float_style":"share-monocrhome","show_share_counter":"1","show_view_counter":"1","show_featured":"1","show_post_meta":"1","show_post_author":"1","show_post_author_image":"1","show_post_date":"1","post_date_format":"default","post_date_format_custom":"Y\/m\/d","show_post_category":"1","show_post_reading_time":"0","post_reading_time_wpm":"300","show_zoom_button":"0","zoom_button_out_step":"2","zoom_button_in_step":"3","show_post_tag":"1","show_prev_next_post":"1","show_popup_post":"1","number_popup_post":"1","show_author_box":"1","show_post_related":"0","show_inline_post_related":"0"}],"override_image_size":"0","image_override":[{"single_post_thumbnail_size":"crop-500","single_post_gallery_size":"crop-500"}],"trending_post":"0","trending_post_position":"meta","trending_post_label":"Trending","sponsored_post":"0","sponsored_post_label":"Sponsored by","sponsored_post_name":"","sponsored_post_url":"","sponsored_post_logo_enable":"0","sponsored_post_logo":"","sponsored_post_desc":"","disable_ad":"0"},"jnews_primary_category":{"id":""},"footnotes":""},"categories":[82,80,43,47,51,59,46],"tags":[110,96],"class_list":["post-81486","post","type-post","status-publish","format-standard","has-post-thumbnail","hentry","category-cultura","category-educacion","category-estado","category-municipios","category-nacional","category-partidos-politicos","category-politica","tag-municipios","tag-tlaxcala"],"aioseo_notices":[],"_links":{"self":[{"href":"https:\/\/estado29.mx\/index.php?rest_route=\/wp\/v2\/posts\/81486","targetHints":{"allow":["GET"]}}],"collection":[{"href":"https:\/\/estado29.mx\/index.php?rest_route=\/wp\/v2\/posts"}],"about":[{"href":"https:\/\/estado29.mx\/index.php?rest_route=\/wp\/v2\/types\/post"}],"author":[{"embeddable":true,"href":"https:\/\/estado29.mx\/index.php?rest_route=\/wp\/v2\/users\/4"}],"replies":[{"embeddable":true,"href":"https:\/\/estado29.mx\/index.php?rest_route=%2Fwp%2Fv2%2Fcomments&post=81486"}],"version-history":[{"count":1,"href":"https:\/\/estado29.mx\/index.php?rest_route=\/wp\/v2\/posts\/81486\/revisions"}],"predecessor-version":[{"id":81488,"href":"https:\/\/estado29.mx\/index.php?rest_route=\/wp\/v2\/posts\/81486\/revisions\/81488"}],"wp:featuredmedia":[{"embeddable":true,"href":"https:\/\/estado29.mx\/index.php?rest_route=\/wp\/v2\/media\/81487"}],"wp:attachment":[{"href":"https:\/\/estado29.mx\/index.php?rest_route=%2Fwp%2Fv2%2Fmedia&parent=81486"}],"wp:term":[{"taxonomy":"category","embeddable":true,"href":"https:\/\/estado29.mx\/index.php?rest_route=%2Fwp%2Fv2%2Fcategories&post=81486"},{"taxonomy":"post_tag","embeddable":true,"href":"https:\/\/estado29.mx\/index.php?rest_route=%2Fwp%2Fv2%2Ftags&post=81486"}],"curies":[{"name":"wp","href":"https:\/\/api.w.org\/{rel}","templated":true}]}}