{"id":81495,"date":"2022-08-30T12:38:46","date_gmt":"2022-08-30T12:38:46","guid":{"rendered":"https:\/\/estado29.mx\/?p=81495"},"modified":"2022-08-30T12:38:47","modified_gmt":"2022-08-30T12:38:47","slug":"celebro-cobat-inicio-del-ciclo-escolar-2022-2023","status":"publish","type":"post","link":"https:\/\/estado29.mx\/?p=81495","title":{"rendered":"Celebr\u00f3 cobat inicio del ciclo escolar 2022-2023"},"content":{"rendered":"\n<p>*Auguraron \u00e9xito para la comunidad estudiantil de los 24 planteles y cinco Telebachilleratos<\/p>\n\n\n\n<p>El Colegio de Bachilleres del Estado de Tlaxcala (Cobat) celebr\u00f3 el arranque del ciclo escolar 2022-2023 con un emotivo homenaje en el plantel 01 Tlaxcala, donde dieron la bienvenida al semestre 2022B a la comunidad estudiantil, madres y padres de familia, docentes, personal administrativo, de apoyo e intendencia que forman parte del subsistema.<\/p>\n\n\n\n<p>El director general del Cobat, Darwin P\u00e9rez y P\u00e9rez se\u00f1al\u00f3 que el instituto de Tlaxcala tiene 41 a\u00f1os desde su fundaci\u00f3n, motivo por el cual fue sede para dar inicio a las actividades educativas, desde donde augur\u00f3 \u00e9xito a todas y todos los alumnos.<\/p>\n\n\n\n<p>Mencion\u00f3 que adem\u00e1s de estar comprometidos en el acompa\u00f1amiento acad\u00e9mico de las y los j\u00f3venes, fomentan valores como la disciplina y la constancia, a fin de darles las bases para que triunfen en la vida.<\/p>\n\n\n\n<p>Por \u00faltimo, exhort\u00f3 al personal directivo, administrativo y profesores a superarse d\u00eda a d\u00eda hasta alcanzar objetivos competitivos que aporten a la mejora de la educaci\u00f3n que se imparte en el colegio para las y los estudiantes que, orgullosamente, pertenecen a esta gran instituci\u00f3n educativa.<\/p>\n\n\n\n<p>Es as\u00ed como comenz\u00f3 un nuevo ciclo para los 24 planteles y cinco Telebachilleratos que componen al Cobat, con el prop\u00f3sito de mantener la m\u00e1s alta calidad en la formaci\u00f3n integral de las juventudes tlaxcaltecas.<\/p>\n\n\n\n<p>Al evento asistieron los coordinadores sectoriales; por la zona 1, Ruperto Gonz\u00e1lez Linares; de la zona 2, Domitila Guevara Flores; de la zona 3, Aurelia Victoria Morales Cort\u00e9s y de la zona 4, \u00c1ngel Tapia Munive; tambi\u00e9n se cont\u00f3 con la presencia del nuevo director del plantel 01, Rodolfo Brito Jim\u00e9nez.<\/p>\n","protected":false},"excerpt":{"rendered":"<p>*Auguraron \u00e9xito para la comunidad estudiantil de los 24 planteles y cinco Telebachilleratos El Colegio de Bachilleres del Estado de Tlaxcala (Cobat) celebr\u00f3 el arranque del ciclo escolar 2022-2023 con un emotivo homenaje en el plantel 01 Tlaxcala, donde dieron la bienvenida al semestre 2022B a la comunidad estudiantil, madres y padres de familia, docentes, [&hellip;]<\/p>\n","protected":false},"author":4,"featured_media":81496,"comment_status":"open","ping_status":"open","sticky":false,"template":"","format":"standard","meta":{"om_disable_all_campaigns":false,"_monsterinsights_skip_tracking":false,"_monsterinsights_sitenote_active":false,"_monsterinsights_sitenote_note":"","_monsterinsights_sitenote_category":0,"jnews-multi-image_gallery":[],"jnews_single_post":{"subtitle":"","format":"standard","video":"","gallery":"","source_name":"","source_url":"","via_name":"","via_url":"","override_template":"0","override":[{"template":"1","single_blog_custom":"","parallax":"1","fullscreen":"1","layout":"right-sidebar","sidebar":"default-sidebar","second_sidebar":"default-sidebar","sticky_sidebar":"1","share_position":"top","share_float_style":"share-monocrhome","show_share_counter":"1","show_view_counter":"1","show_featured":"1","show_post_meta":"1","show_post_author":"1","show_post_author_image":"1","show_post_date":"1","post_date_format":"default","post_date_format_custom":"Y\/m\/d","show_post_category":"1","show_post_reading_time":"0","post_reading_time_wpm":"300","show_zoom_button":"0","zoom_button_out_step":"2","zoom_button_in_step":"3","show_post_tag":"1","show_prev_next_post":"1","show_popup_post":"1","number_popup_post":"1","show_author_box":"1","show_post_related":"0","show_inline_post_related":"0"}],"override_image_size":"0","image_override":[{"single_post_thumbnail_size":"crop-500","single_post_gallery_size":"crop-500"}],"trending_post":"0","trending_post_position":"meta","trending_post_label":"Trending","sponsored_post":"0","sponsored_post_label":"Sponsored by","sponsored_post_name":"","sponsored_post_url":"","sponsored_post_logo_enable":"0","sponsored_post_logo":"","sponsored_post_desc":"","disable_ad":"0"},"jnews_primary_category":{"id":""},"footnotes":""},"categories":[80,43,52],"tags":[277,150,110,96],"class_list":["post-81495","post","type-post","status-publish","format-standard","has-post-thumbnail","hentry","category-educacion","category-estado","category-gobierno-de-tlaxcala","tag-educacion-3","tag-gobierno-del-estado","tag-municipios","tag-tlaxcala"],"aioseo_notices":[],"_links":{"self":[{"href":"https:\/\/estado29.mx\/index.php?rest_route=\/wp\/v2\/posts\/81495","targetHints":{"allow":["GET"]}}],"collection":[{"href":"https:\/\/estado29.mx\/index.php?rest_route=\/wp\/v2\/posts"}],"about":[{"href":"https:\/\/estado29.mx\/index.php?rest_route=\/wp\/v2\/types\/post"}],"author":[{"embeddable":true,"href":"https:\/\/estado29.mx\/index.php?rest_route=\/wp\/v2\/users\/4"}],"replies":[{"embeddable":true,"href":"https:\/\/estado29.mx\/index.php?rest_route=%2Fwp%2Fv2%2Fcomments&post=81495"}],"version-history":[{"count":1,"href":"https:\/\/estado29.mx\/index.php?rest_route=\/wp\/v2\/posts\/81495\/revisions"}],"predecessor-version":[{"id":81497,"href":"https:\/\/estado29.mx\/index.php?rest_route=\/wp\/v2\/posts\/81495\/revisions\/81497"}],"wp:featuredmedia":[{"embeddable":true,"href":"https:\/\/estado29.mx\/index.php?rest_route=\/wp\/v2\/media\/81496"}],"wp:attachment":[{"href":"https:\/\/estado29.mx\/index.php?rest_route=%2Fwp%2Fv2%2Fmedia&parent=81495"}],"wp:term":[{"taxonomy":"category","embeddable":true,"href":"https:\/\/estado29.mx\/index.php?rest_route=%2Fwp%2Fv2%2Fcategories&post=81495"},{"taxonomy":"post_tag","embeddable":true,"href":"https:\/\/estado29.mx\/index.php?rest_route=%2Fwp%2Fv2%2Ftags&post=81495"}],"curies":[{"name":"wp","href":"https:\/\/api.w.org\/{rel}","templated":true}]}}