{"id":81498,"date":"2022-08-30T12:39:50","date_gmt":"2022-08-30T12:39:50","guid":{"rendered":"https:\/\/estado29.mx\/?p=81498"},"modified":"2022-08-30T12:39:50","modified_gmt":"2022-08-30T12:39:50","slug":"fomenta-secretaria-de-movilidad-y-transporte-regreso-seguro-a-clases","status":"publish","type":"post","link":"https:\/\/estado29.mx\/?p=81498","title":{"rendered":"Fomenta secretar\u00eda de movilidad y transporte regreso seguro a clases"},"content":{"rendered":"\n<p>*La dependencia estatal refuerza las medidas de prevenci\u00f3n en unidades de transporte p\u00fablico<\/p>\n\n\n\n<p>La Secretar\u00eda de Movilidad y Transporte (SMyT), en coordinaci\u00f3n con la Secretar\u00eda de Salud (SESA), fortalece las medidas de prevenci\u00f3n y cuidado entre los usuarios de las unidades de transporte p\u00fablico para evitar contagios de Covid-19 y, con ello, garantizar un regreso seguro a clases<\/p>\n\n\n\n<p>A trav\u00e9s de una campa\u00f1a de difusi\u00f3n, que consta de la colocaci\u00f3n de stickers y microperforados en las unidades, la SMyT invita a la ciudadan\u00eda a cumplir con el uso obligatorio del cubrebocas, la aplicaci\u00f3n de alcohol en gel, as\u00ed como a realizar una t\u00e9cnica correcta de lavado de manos y estornudo.<\/p>\n\n\n\n<p>Paralelamente, la dependencia estatal mantendr\u00e1 la supervisi\u00f3n permanente en todas las rutas del estado para que concesionarios y operadores cumplan las medidas sanitarias emitidas por el Consejo Estatal de Salud.<\/p>\n\n\n\n<p>De ah\u00ed que personal de inspecci\u00f3n adscrito a la secretar\u00eda supervisa continuamente que los conductores cumplan con la limpieza permanente de las unidades, el uso de cubrebocas y trasladen el n\u00famero de pasajeros permitido.<\/p>\n\n\n\n<p>Cabe se\u00f1alar que estas acciones continuar\u00e1n mientras prevalezca la emergencia sanitaria, por lo que es necesario no relajar las medidas, ya que es corresponsabilidad de usuarios, operadores y autoridades el cumplimiento de las mismas para protecci\u00f3n de todos.<\/p>\n\n\n\n<p>La instituci\u00f3n hizo un llamado a la poblaci\u00f3n para reportar el incumplimiento de las medidas sanitarias o cualquier otra anomal\u00eda que se presente en el transporte p\u00fablico, al n\u00famero telef\u00f3nico 246 46 5 29 76, en un horario de atenci\u00f3n de lunes a viernes de 8:00 a 17:00 horas, deber\u00e1 proporcionar la ruta y placa de la unidad.<\/p>\n","protected":false},"excerpt":{"rendered":"<p>*La dependencia estatal refuerza las medidas de prevenci\u00f3n en unidades de transporte p\u00fablico La Secretar\u00eda de Movilidad y Transporte (SMyT), en coordinaci\u00f3n con la Secretar\u00eda de Salud (SESA), fortalece las medidas de prevenci\u00f3n y cuidado entre los usuarios de las unidades de transporte p\u00fablico para evitar contagios de Covid-19 y, con ello, garantizar un regreso [&hellip;]<\/p>\n","protected":false},"author":4,"featured_media":81499,"comment_status":"open","ping_status":"open","sticky":false,"template":"","format":"standard","meta":{"om_disable_all_campaigns":false,"_monsterinsights_skip_tracking":false,"_monsterinsights_sitenote_active":false,"_monsterinsights_sitenote_note":"","_monsterinsights_sitenote_category":0,"jnews-multi-image_gallery":[],"jnews_single_post":[],"jnews_primary_category":[],"footnotes":""},"categories":[43,52],"tags":[150,110,96],"class_list":["post-81498","post","type-post","status-publish","format-standard","has-post-thumbnail","hentry","category-estado","category-gobierno-de-tlaxcala","tag-gobierno-del-estado","tag-municipios","tag-tlaxcala"],"aioseo_notices":[],"_links":{"self":[{"href":"https:\/\/estado29.mx\/index.php?rest_route=\/wp\/v2\/posts\/81498","targetHints":{"allow":["GET"]}}],"collection":[{"href":"https:\/\/estado29.mx\/index.php?rest_route=\/wp\/v2\/posts"}],"about":[{"href":"https:\/\/estado29.mx\/index.php?rest_route=\/wp\/v2\/types\/post"}],"author":[{"embeddable":true,"href":"https:\/\/estado29.mx\/index.php?rest_route=\/wp\/v2\/users\/4"}],"replies":[{"embeddable":true,"href":"https:\/\/estado29.mx\/index.php?rest_route=%2Fwp%2Fv2%2Fcomments&post=81498"}],"version-history":[{"count":1,"href":"https:\/\/estado29.mx\/index.php?rest_route=\/wp\/v2\/posts\/81498\/revisions"}],"predecessor-version":[{"id":81500,"href":"https:\/\/estado29.mx\/index.php?rest_route=\/wp\/v2\/posts\/81498\/revisions\/81500"}],"wp:featuredmedia":[{"embeddable":true,"href":"https:\/\/estado29.mx\/index.php?rest_route=\/wp\/v2\/media\/81499"}],"wp:attachment":[{"href":"https:\/\/estado29.mx\/index.php?rest_route=%2Fwp%2Fv2%2Fmedia&parent=81498"}],"wp:term":[{"taxonomy":"category","embeddable":true,"href":"https:\/\/estado29.mx\/index.php?rest_route=%2Fwp%2Fv2%2Fcategories&post=81498"},{"taxonomy":"post_tag","embeddable":true,"href":"https:\/\/estado29.mx\/index.php?rest_route=%2Fwp%2Fv2%2Ftags&post=81498"}],"curies":[{"name":"wp","href":"https:\/\/api.w.org\/{rel}","templated":true}]}}