{"id":81501,"date":"2022-08-30T12:44:04","date_gmt":"2022-08-30T12:44:04","guid":{"rendered":"https:\/\/estado29.mx\/?p=81501"},"modified":"2022-08-30T12:44:05","modified_gmt":"2022-08-30T12:44:05","slug":"regresaron-a-clases-mas-de-17-mil-alumnos-del-cecyte-emsad-tlaxcala","status":"publish","type":"post","link":"https:\/\/estado29.mx\/?p=81501","title":{"rendered":"Regresaron a clases m\u00e1s de 17 mil alumnos del CECYTE\u2013EMSAD Tlaxcala"},"content":{"rendered":"\n<p>*Iniciaron actividades escolares 6 mil nuevos estudiantes en el ciclo 2022-2023, semestre A<\/p>\n\n\n\n<p>Con el objetivo de contribuir al desarrollo estatal mediante la formaci\u00f3n de t\u00e9cnicos a trav\u00e9s de procesos educativos y recursos tecnol\u00f3gicos de calidad, el Colegio de Estudios Cient\u00edficos y Tecnol\u00f3gicos del Estado (Cecyte) y centros de Educaci\u00f3n Media Superior a Distancia (Emsad), inici\u00f3 este lunes el ciclo escolar 2022-2023, semestre A, en los 57 planteles con el ingreso de 17 mil 507 j\u00f3venes tlaxcaltecas.<\/p>\n\n\n\n<p>El director general del subsistema, Norberto Cervantes Contreras se\u00f1al\u00f3 que se trabaja en equipo para brindar una educaci\u00f3n de calidad, \u201ccubrimos todos los aspectos formativos, incluido un perfil humanista que garantiza una formaci\u00f3n integral. Adem\u00e1s, contamos con programas de estudio 100 por ciento din\u00e1micos para el desarrollo y formaci\u00f3n acad\u00e9mica\u201d.<\/p>\n\n\n\n<p>De igual forma, se ofrecen la opci\u00f3n del Sistema de Educaci\u00f3n Dual, \u201cacercando a nuestros estudiantes con el sector productivo; y de este modo pongan en pr\u00e1ctica las habilidades adquiridas en la escuela&#8221;, expuso.<\/p>\n\n\n\n<p>Cervantes Contreras exhort\u00f3 al personal docente a redoblar esfuerzos para que los 6 mil j\u00f3venes que se incorporan sean ejemplo del esfuerzo constante y orgullo del Cecyte-Emsad, que cada d\u00eda se posiciona como una instituci\u00f3n de calidad y prestigio reconocida en el estado, con m\u00e1s de 31 a\u00f1os de experiencia e historia educativa.<\/p>\n\n\n\n<p>Cecyte cuenta con 32 planteles donde se ofertan 23 distintas especialidades, con opci\u00f3n a obtener un t\u00edtulo acreditando una educaci\u00f3n cient\u00edfica y tecnol\u00f3gica de calidad, adem\u00e1s de 25 centros de Educaci\u00f3n Media Superior a Distancia, donde se imparte Bachillerato General con terminal de formaci\u00f3n para el trabajo.<\/p>\n","protected":false},"excerpt":{"rendered":"<p>*Iniciaron actividades escolares 6 mil nuevos estudiantes en el ciclo 2022-2023, semestre A Con el objetivo de contribuir al desarrollo estatal mediante la formaci\u00f3n de t\u00e9cnicos a trav\u00e9s de procesos educativos y recursos tecnol\u00f3gicos de calidad, el Colegio de Estudios Cient\u00edficos y Tecnol\u00f3gicos del Estado (Cecyte) y centros de Educaci\u00f3n Media Superior a Distancia (Emsad), [&hellip;]<\/p>\n","protected":false},"author":4,"featured_media":81502,"comment_status":"open","ping_status":"open","sticky":false,"template":"","format":"standard","meta":{"om_disable_all_campaigns":false,"_monsterinsights_skip_tracking":false,"_monsterinsights_sitenote_active":false,"_monsterinsights_sitenote_note":"","_monsterinsights_sitenote_category":0,"jnews-multi-image_gallery":[],"jnews_single_post":{"subtitle":"","format":"standard","video":"","gallery":"","source_name":"","source_url":"","via_name":"","via_url":"","override_template":"0","override":[{"template":"1","single_blog_custom":"","parallax":"1","fullscreen":"1","layout":"right-sidebar","sidebar":"default-sidebar","second_sidebar":"default-sidebar","sticky_sidebar":"1","share_position":"top","share_float_style":"share-monocrhome","show_share_counter":"1","show_view_counter":"1","show_featured":"1","show_post_meta":"1","show_post_author":"1","show_post_author_image":"1","show_post_date":"1","post_date_format":"default","post_date_format_custom":"Y\/m\/d","show_post_category":"1","show_post_reading_time":"0","post_reading_time_wpm":"300","show_zoom_button":"0","zoom_button_out_step":"2","zoom_button_in_step":"3","show_post_tag":"1","show_prev_next_post":"1","show_popup_post":"1","number_popup_post":"1","show_author_box":"1","show_post_related":"0","show_inline_post_related":"0"}],"override_image_size":"0","image_override":[{"single_post_thumbnail_size":"crop-500","single_post_gallery_size":"crop-500"}],"trending_post":"0","trending_post_position":"meta","trending_post_label":"Trending","sponsored_post":"0","sponsored_post_label":"Sponsored by","sponsored_post_name":"","sponsored_post_url":"","sponsored_post_logo_enable":"0","sponsored_post_logo":"","sponsored_post_desc":"","disable_ad":"0"},"jnews_primary_category":{"id":""},"footnotes":""},"categories":[43,52],"tags":[389,388,150,110,96],"class_list":["post-81501","post","type-post","status-publish","format-standard","has-post-thumbnail","hentry","category-estado","category-gobierno-de-tlaxcala","tag-cecyte","tag-emsad","tag-gobierno-del-estado","tag-municipios","tag-tlaxcala"],"aioseo_notices":[],"_links":{"self":[{"href":"https:\/\/estado29.mx\/index.php?rest_route=\/wp\/v2\/posts\/81501","targetHints":{"allow":["GET"]}}],"collection":[{"href":"https:\/\/estado29.mx\/index.php?rest_route=\/wp\/v2\/posts"}],"about":[{"href":"https:\/\/estado29.mx\/index.php?rest_route=\/wp\/v2\/types\/post"}],"author":[{"embeddable":true,"href":"https:\/\/estado29.mx\/index.php?rest_route=\/wp\/v2\/users\/4"}],"replies":[{"embeddable":true,"href":"https:\/\/estado29.mx\/index.php?rest_route=%2Fwp%2Fv2%2Fcomments&post=81501"}],"version-history":[{"count":1,"href":"https:\/\/estado29.mx\/index.php?rest_route=\/wp\/v2\/posts\/81501\/revisions"}],"predecessor-version":[{"id":81503,"href":"https:\/\/estado29.mx\/index.php?rest_route=\/wp\/v2\/posts\/81501\/revisions\/81503"}],"wp:featuredmedia":[{"embeddable":true,"href":"https:\/\/estado29.mx\/index.php?rest_route=\/wp\/v2\/media\/81502"}],"wp:attachment":[{"href":"https:\/\/estado29.mx\/index.php?rest_route=%2Fwp%2Fv2%2Fmedia&parent=81501"}],"wp:term":[{"taxonomy":"category","embeddable":true,"href":"https:\/\/estado29.mx\/index.php?rest_route=%2Fwp%2Fv2%2Fcategories&post=81501"},{"taxonomy":"post_tag","embeddable":true,"href":"https:\/\/estado29.mx\/index.php?rest_route=%2Fwp%2Fv2%2Ftags&post=81501"}],"curies":[{"name":"wp","href":"https:\/\/api.w.org\/{rel}","templated":true}]}}