{"id":81504,"date":"2022-08-30T12:45:55","date_gmt":"2022-08-30T12:45:55","guid":{"rendered":"https:\/\/estado29.mx\/?p=81504"},"modified":"2022-08-30T12:45:56","modified_gmt":"2022-08-30T12:45:56","slug":"inicia-ciclo-escolar-y-la-transformacion-educativa-en-tlaxcala","status":"publish","type":"post","link":"https:\/\/estado29.mx\/?p=81504","title":{"rendered":"Inicia ciclo escolar y la transformaci\u00f3n educativa en Tlaxcala"},"content":{"rendered":"\n<p>*El gobierno del estado se comprometi\u00f3 a elevar el nivel educativo de las y los tlaxcaltecas, as\u00ed como fortalecer las becas para que ning\u00fan alumno abandone los estudios<\/p>\n\n\n\n<p>Al inaugurar el Ciclo Escolar 2022-2023 de manera presencial, luego de dos a\u00f1os de educaci\u00f3n a distancia e hibrida a causa de la pandemia por Covid-19, el secretario de Gobierno, Sergio Gonz\u00e1lez Hern\u00e1ndez, en representaci\u00f3n de la gobernadora Lorena Cu\u00e9llar Cisneros, afirm\u00f3 que con el inicio del ciclo lectivo comienza la \u201cTransformaci\u00f3n Educativa en Tlaxcala\u201d que busca mejorar el nivel educativo de las y los tlaxcaltecas mediante pol\u00edticas y mayores recursos que lleguen a las instituciones p\u00fablicas para beneficio de las y los alumnos.<\/p>\n\n\n\n<p>\u201cEl reto es que en Tlaxcala, al t\u00e9rmino del sexenio, se debe elevar de 9.8 a\u00f1os a un mayor rango y aunque la entidad est\u00e1 por encima de la media nacional, el compromiso es que se dise\u00f1en las pol\u00edticas para que los tlaxcaltecas tengan un mayor nivel educativo y el compromiso de la gobernadora Lorena Cu\u00e9llar Cisneros es mejorar las condiciones de los espacios f\u00edsicos de las escuelas a trav\u00e9s de los programas espejo que tienen origen en el gobierno federal, as\u00ed como las becas para educaci\u00f3n inicial, primaria, secundaria, media superior y superior para evitar la deserci\u00f3n escolar e impulsar el futuro de las y los estudiantes\u201d, precis\u00f3.<\/p>\n\n\n\n<p>La inauguraci\u00f3n del ciclo lectivo se realiz\u00f3 en la escuela primaria \u201cMiguel Hidalgo\u201d del municipio de Contla de Juan Cuamatzi. Ante la comunidad escolar, el responsable de la pol\u00edtica interna de gobierno dijo que la pandemia mostr\u00f3 una nueva relaci\u00f3n educativa entre alumnas, alumnos, docentes y padres de familia.<\/p>\n\n\n\n<p>\u201cDescubrimos nuevas formas de ense\u00f1anza que se aplicaron durante los dos a\u00f1os cuando la educaci\u00f3n se realiz\u00f3 a distancia y de manera h\u00edbrida, los padres vivieron otro momento de convertir las casas en aulas de aprendizaje y los maestros aprendieron nuevas formas de ense\u00f1ar y debemos enfrentarnos a los retos del presente, por eso juntos sigamos construyendo una nueva historia para el estado\u201d, mencion\u00f3.<\/p>\n\n\n\n<p>En su momento el secretario de Educaci\u00f3n P\u00fablica del estado, Homero Meneses Hern\u00e1ndez destac\u00f3 el respaldo del gobierno del presidente Andr\u00e9s Manuel L\u00f3pez Obrador y la colaboraci\u00f3n de los municipios que se han sumado a la pol\u00edtica del gobierno local para iniciar con la transformaci\u00f3n educativa en Tlaxcala de manera presencial.<\/p>\n\n\n\n<p>\u201cVamos a iniciar con la transformaci\u00f3n educativa en el estado y vamos a trabajar en tres vertientes que consisten en prepararnos, el n\u00famero uno es implementar el nuevo plan de estudios 2022, el segundo es iniciar y consolidar el Nuevo Modelo Educativo Tlaxcalteca (Numet) y el tercero es implementar reformas profundas para la protecci\u00f3n de los derechos humanos de las ni\u00f1as, ni\u00f1os, adolescentes y j\u00f3venes, as\u00ed como dar la revalorizaci\u00f3n del magisterio tlaxcalteca para que nunca m\u00e1s se deval\u00fae la imagen de las y los maestros\u201d, resalt\u00f3.<\/p>\n\n\n\n<p>Meneses Hern\u00e1ndez destac\u00f3 que en el presente ciclo escolar se han eliminado los puntos de venta de uniformes y libros al interior de las escuelas p\u00fablicas en el marco de la \u201cEstrategia Vamos Todas y Todos por la Educaci\u00f3n\u201d, que se firm\u00f3 en el estado de Puebla, adem\u00e1s de lograr el uniforme \u00fanico y se ha impulsado la organizaci\u00f3n de las y los padres de familia, quienes con la voluntad que los caracteriza seguir\u00e1n apoyando a la educaci\u00f3n.<\/p>\n\n\n\n<p>En su intervenci\u00f3n, el titular de la Unidad de Administraci\u00f3n y Finanzas de la Secretar\u00eda de Educaci\u00f3n P\u00fablica (SEP) federal, \u00d3scar Flores Jim\u00e9nez destac\u00f3 la responsabilidad con la que las y los maestros asumen su funci\u00f3n siempre que los necesita la naci\u00f3n. Destac\u00f3 el trabajo de coordinaci\u00f3n y la alianza con la educaci\u00f3n para el gobierno de M\u00e9xico.<\/p>\n\n\n\n<p>\u201cLa vacunaci\u00f3n ha resultado efectiva en ni\u00f1as, ni\u00f1os, adultos y personas mayores, y en ello la gobernadora Lorena Cu\u00e9llar es una aliada de la educaci\u00f3n y de la salud, y donde se han alcanzado cifras positivas que benefician a las y los tlaxcaltecas\u201d, afirm\u00f3.<\/p>\n\n\n\n<p>En su mensaje, el director de la escuela primaria \u201cMiguel Hidalgo\u201d, Abundio V\u00e1zquez Cano destac\u00f3 el apoyo de la gobernadora Lorena Cu\u00e9llar Cisneros por beneficiar a la escuela y mejorar la infraestructura de la instituci\u00f3n, con un mill\u00f3n de pesos.<\/p>\n\n\n\n<p>Al concluir el acto c\u00edvico, las autoridades educativas y de gobierno dieron el toque de campana con lo que dieron por iniciado el ciclo escolar.<\/p>\n\n\n\n<p>A la inauguraci\u00f3n asisti\u00f3 el titular de la Oficina de Enlace Educativo en el estado de Tlaxcala, Jos\u00e9 Ciro Marcial Rodr\u00edguez Flores; los secretarios generales de las secciones 31 y 55 del Sindicato Nacional de Trabajadores de la Educaci\u00f3n (SNTE), Cutberto Ch\u00e1vez de la Rosa y Jorge Guevara Lozada, respectivamente; as\u00ed como el presidente municipal de Contla de Juan Cuamatzi, Eddy Rold\u00e1n Xolocotzi; representantes del Tribunal Superior de Justicia del Estado y de la 23 Zona Militar.<\/p>\n","protected":false},"excerpt":{"rendered":"<p>*El gobierno del estado se comprometi\u00f3 a elevar el nivel educativo de las y los tlaxcaltecas, as\u00ed como fortalecer las becas para que ning\u00fan alumno abandone los estudios Al inaugurar el Ciclo Escolar 2022-2023 de manera presencial, luego de dos a\u00f1os de educaci\u00f3n a distancia e hibrida a causa de la pandemia por Covid-19, el [&hellip;]<\/p>\n","protected":false},"author":4,"featured_media":81505,"comment_status":"open","ping_status":"open","sticky":false,"template":"","format":"standard","meta":{"om_disable_all_campaigns":false,"_monsterinsights_skip_tracking":false,"_monsterinsights_sitenote_active":false,"_monsterinsights_sitenote_note":"","_monsterinsights_sitenote_category":0,"jnews-multi-image_gallery":[],"jnews_single_post":{"subtitle":"","format":"standard","video":"","gallery":"","source_name":"","source_url":"","via_name":"","via_url":"","override_template":"0","override":[{"template":"1","single_blog_custom":"","parallax":"1","fullscreen":"1","layout":"right-sidebar","sidebar":"default-sidebar","second_sidebar":"default-sidebar","sticky_sidebar":"1","share_position":"top","share_float_style":"share-monocrhome","show_share_counter":"1","show_view_counter":"1","show_featured":"1","show_post_meta":"1","show_post_author":"1","show_post_author_image":"1","show_post_date":"1","post_date_format":"default","post_date_format_custom":"Y\/m\/d","show_post_category":"1","show_post_reading_time":"0","post_reading_time_wpm":"300","show_zoom_button":"0","zoom_button_out_step":"2","zoom_button_in_step":"3","show_post_tag":"1","show_prev_next_post":"1","show_popup_post":"1","number_popup_post":"1","show_author_box":"1","show_post_related":"0","show_inline_post_related":"0"}],"override_image_size":"0","image_override":[{"single_post_thumbnail_size":"crop-500","single_post_gallery_size":"crop-500"}],"trending_post":"0","trending_post_position":"meta","trending_post_label":"Trending","sponsored_post":"0","sponsored_post_label":"Sponsored by","sponsored_post_name":"","sponsored_post_url":"","sponsored_post_logo_enable":"0","sponsored_post_logo":"","sponsored_post_desc":"","disable_ad":"0"},"jnews_primary_category":{"id":""},"footnotes":""},"categories":[80,43,52],"tags":[731,150,110,284,96,285],"class_list":["post-81504","post","type-post","status-publish","format-standard","has-post-thumbnail","hentry","category-educacion","category-estado","category-gobierno-de-tlaxcala","tag-ciclo-escolar","tag-gobierno-del-estado","tag-municipios","tag-sepe","tag-tlaxcala","tag-uset"],"aioseo_notices":[],"_links":{"self":[{"href":"https:\/\/estado29.mx\/index.php?rest_route=\/wp\/v2\/posts\/81504","targetHints":{"allow":["GET"]}}],"collection":[{"href":"https:\/\/estado29.mx\/index.php?rest_route=\/wp\/v2\/posts"}],"about":[{"href":"https:\/\/estado29.mx\/index.php?rest_route=\/wp\/v2\/types\/post"}],"author":[{"embeddable":true,"href":"https:\/\/estado29.mx\/index.php?rest_route=\/wp\/v2\/users\/4"}],"replies":[{"embeddable":true,"href":"https:\/\/estado29.mx\/index.php?rest_route=%2Fwp%2Fv2%2Fcomments&post=81504"}],"version-history":[{"count":1,"href":"https:\/\/estado29.mx\/index.php?rest_route=\/wp\/v2\/posts\/81504\/revisions"}],"predecessor-version":[{"id":81506,"href":"https:\/\/estado29.mx\/index.php?rest_route=\/wp\/v2\/posts\/81504\/revisions\/81506"}],"wp:featuredmedia":[{"embeddable":true,"href":"https:\/\/estado29.mx\/index.php?rest_route=\/wp\/v2\/media\/81505"}],"wp:attachment":[{"href":"https:\/\/estado29.mx\/index.php?rest_route=%2Fwp%2Fv2%2Fmedia&parent=81504"}],"wp:term":[{"taxonomy":"category","embeddable":true,"href":"https:\/\/estado29.mx\/index.php?rest_route=%2Fwp%2Fv2%2Fcategories&post=81504"},{"taxonomy":"post_tag","embeddable":true,"href":"https:\/\/estado29.mx\/index.php?rest_route=%2Fwp%2Fv2%2Ftags&post=81504"}],"curies":[{"name":"wp","href":"https:\/\/api.w.org\/{rel}","templated":true}]}}