{"id":81551,"date":"2022-08-31T12:38:06","date_gmt":"2022-08-31T12:38:06","guid":{"rendered":"https:\/\/estado29.mx\/?p=81551"},"modified":"2022-08-31T12:38:07","modified_gmt":"2022-08-31T12:38:07","slug":"obtienen-artesanos-tlaxcaltecas-premios-del-x-concurso-nacional-de-textiles-y-rebozo-2022","status":"publish","type":"post","link":"https:\/\/estado29.mx\/?p=81551","title":{"rendered":"Obtienen artesanos tlaxcaltecas premios del X concurso nacional de textiles y rebozo 2022"},"content":{"rendered":"\n<p>*Juan Carlos Conde Copalcua e Israel Antonio P\u00e9rez, ambos originarios de Contla, obtuvieron el Galard\u00f3n Nacional de Textil y el primer lugar de la Categor\u00eda B.3 Textiles de Lana, respectivamente<\/p>\n\n\n\n<p>En Casa de las Artesan\u00edas fueron presentados los artesanos del municipio de Contla de Juan Cuamatzi que resultaron ganadores en el X Concurso Nacional de Textiles y Rebozo 2022, organizado por la Secretar\u00eda de Cultura del Gobierno de M\u00e9xico, a trav\u00e9s del Fondo Nacional para el Fomento de las Artesan\u00edas (Fonart), el Instituto Nacional de los Pueblos Ind\u00edgenas y la Coordinaci\u00f3n Nacional de Memoria Hist\u00f3rica y Cultural de M\u00e9xico.<\/p>\n\n\n\n<p>El Galard\u00f3n Nacional de Textil lo obtuvo Juan Carlos Conde Copalcua por su sarape de lana \u201cTexohpapalotl\u201d, tejido en telar de pedal, te\u00f1ido con tinte natural a\u00f1il e iconograf\u00eda de conchitas y mariposas.<\/p>\n\n\n\n<p>Mientras que Israel Antonio P\u00e9rez gan\u00f3 el primer lugar de la Categor\u00eda B.3 Textiles de Lana, con su sarape de saltillo tlaxcalteca del siglo XVIII, hecho de lana tejida en telar de pedal con hilos de oro y plata, te\u00f1ido con tintes naturales a\u00f1il, peric\u00f3n, nuez, palo de Brasil y grana cochinilla.<\/p>\n\n\n\n<p>Al respecto, el director de Casa de las Artesan\u00edas de Tlaxcala (CAT), Sa\u00fal P\u00e9rez Bravo, acompa\u00f1ado de los creadores y autoridades municipales, afirm\u00f3 que la gobernadora Lorena Cu\u00e9llar Cisneros ha incrementado los apoyos al sector artesanal para contribuir al desarrollo humano, social y econ\u00f3mico de las personas que se dedican a esta actividad, mismas que representan la identidad cultural del estado.<\/p>\n\n\n\n<p>\u201cTanto Juan Carlos Conde como Israel Antonio P\u00e9rez son artesanos originarios del municipio de Contla, con su gran talento y amor al textil, el d\u00eda de hoy dejan nuevamente al estado de Tlaxcala en alto. No es f\u00e1cil competir con toda la naci\u00f3n y decir que se trajeron el galard\u00f3n y un primer lugar en la categor\u00eda, es un orgullo tener ese tipo de talentos, ya que gracias a ellos nosotros tenemos una identidad\u201d, resalt\u00f3.<\/p>\n\n\n\n<p>Agreg\u00f3 que en lo que va de la actual administraci\u00f3n, Tlaxcala se ha hecho acreedora de seis premios a nivel nacional por lo que Casa de las Artesan\u00edas continuar\u00e1 respaldando a todos los artesanos de la entidad para que sus creaciones se conozcan en todo el pa\u00eds y el mundo.<\/p>\n\n\n\n<p>En su intervenci\u00f3n, Israel Antonio P\u00e9rez y Juan Carlos Conde Copalcua se mostraron orgullosos de que sus prendas resultaran seleccionadas de entre las 427 obras provenientes de 15 entidades que participaron en el concurso, puesto que estas piezas conllevan un mayor grado de dificultad.<\/p>\n\n\n\n<p>\u201cMe llev\u00f3 alrededor de tres meses elaborarla porque son lanas finas, la verdad fue un reto para m\u00ed porque las piezas que yo elaboro van subiendo de dificultad y el proceso del te\u00f1ido fue meramente m\u00edo, me llevo un proceso de alrededor de un mes para sacar el te\u00f1ido que quer\u00eda porque fueron diferentes tipos de azul\u201d, explic\u00f3 Conde Copalcua.<\/p>\n\n\n\n<p>De igual forma, reconocieron el respaldo que la mandataria estatal da a los art\u00edfices tlaxcaltecas, lo que permite mantener viva esta tradici\u00f3n para transmitirla a las futuras generaciones.<\/p>\n\n\n\n<p>La ceremonia de premiaci\u00f3n se realizar\u00e1 este mi\u00e9rcoles 31 de agosto en el Centro Cultural Teopanzolco de Cuernavaca, Morelos, donde los j\u00f3venes tlaxcaltecas recibir\u00e1n sus premios junto a artesanas y artesanos de Chiapas, Ciudad de M\u00e9xico, Estado de M\u00e9xico, Guerrero, Hidalgo, Michoac\u00e1n, Morelos, Oaxaca, Puebla, San Luis Potos\u00ed y Veracruz.<\/p>\n","protected":false},"excerpt":{"rendered":"<p>*Juan Carlos Conde Copalcua e Israel Antonio P\u00e9rez, ambos originarios de Contla, obtuvieron el Galard\u00f3n Nacional de Textil y el primer lugar de la Categor\u00eda B.3 Textiles de Lana, respectivamente En Casa de las Artesan\u00edas fueron presentados los artesanos del municipio de Contla de Juan Cuamatzi que resultaron ganadores en el X Concurso Nacional de [&hellip;]<\/p>\n","protected":false},"author":4,"featured_media":81552,"comment_status":"open","ping_status":"open","sticky":false,"template":"","format":"standard","meta":{"om_disable_all_campaigns":false,"_monsterinsights_skip_tracking":false,"_monsterinsights_sitenote_active":false,"_monsterinsights_sitenote_note":"","_monsterinsights_sitenote_category":0,"jnews-multi-image_gallery":[],"jnews_single_post":{"subtitle":"","format":"standard","video":"","gallery":"","source_name":"","source_url":"","via_name":"","via_url":"","override_template":"0","override":[{"template":"1","single_blog_custom":"","parallax":"1","fullscreen":"1","layout":"right-sidebar","sidebar":"default-sidebar","second_sidebar":"default-sidebar","sticky_sidebar":"1","share_position":"top","share_float_style":"share-monocrhome","show_share_counter":"1","show_view_counter":"1","show_featured":"1","show_post_meta":"1","show_post_author":"1","show_post_author_image":"1","show_post_date":"1","post_date_format":"default","post_date_format_custom":"Y\/m\/d","show_post_category":"1","show_post_reading_time":"0","post_reading_time_wpm":"300","show_zoom_button":"0","zoom_button_out_step":"2","zoom_button_in_step":"3","show_post_tag":"1","show_prev_next_post":"1","show_popup_post":"1","number_popup_post":"1","show_author_box":"1","show_post_related":"0","show_inline_post_related":"0"}],"override_image_size":"0","image_override":[{"single_post_thumbnail_size":"crop-500","single_post_gallery_size":"crop-500"}],"trending_post":"0","trending_post_position":"meta","trending_post_label":"Trending","sponsored_post":"0","sponsored_post_label":"Sponsored by","sponsored_post_name":"","sponsored_post_url":"","sponsored_post_logo_enable":"0","sponsored_post_logo":"","sponsored_post_desc":"","disable_ad":"0"},"jnews_primary_category":{"id":""},"footnotes":""},"categories":[43,52],"tags":[150,110,96],"class_list":["post-81551","post","type-post","status-publish","format-standard","has-post-thumbnail","hentry","category-estado","category-gobierno-de-tlaxcala","tag-gobierno-del-estado","tag-municipios","tag-tlaxcala"],"aioseo_notices":[],"_links":{"self":[{"href":"https:\/\/estado29.mx\/index.php?rest_route=\/wp\/v2\/posts\/81551","targetHints":{"allow":["GET"]}}],"collection":[{"href":"https:\/\/estado29.mx\/index.php?rest_route=\/wp\/v2\/posts"}],"about":[{"href":"https:\/\/estado29.mx\/index.php?rest_route=\/wp\/v2\/types\/post"}],"author":[{"embeddable":true,"href":"https:\/\/estado29.mx\/index.php?rest_route=\/wp\/v2\/users\/4"}],"replies":[{"embeddable":true,"href":"https:\/\/estado29.mx\/index.php?rest_route=%2Fwp%2Fv2%2Fcomments&post=81551"}],"version-history":[{"count":1,"href":"https:\/\/estado29.mx\/index.php?rest_route=\/wp\/v2\/posts\/81551\/revisions"}],"predecessor-version":[{"id":81553,"href":"https:\/\/estado29.mx\/index.php?rest_route=\/wp\/v2\/posts\/81551\/revisions\/81553"}],"wp:featuredmedia":[{"embeddable":true,"href":"https:\/\/estado29.mx\/index.php?rest_route=\/wp\/v2\/media\/81552"}],"wp:attachment":[{"href":"https:\/\/estado29.mx\/index.php?rest_route=%2Fwp%2Fv2%2Fmedia&parent=81551"}],"wp:term":[{"taxonomy":"category","embeddable":true,"href":"https:\/\/estado29.mx\/index.php?rest_route=%2Fwp%2Fv2%2Fcategories&post=81551"},{"taxonomy":"post_tag","embeddable":true,"href":"https:\/\/estado29.mx\/index.php?rest_route=%2Fwp%2Fv2%2Ftags&post=81551"}],"curies":[{"name":"wp","href":"https:\/\/api.w.org\/{rel}","templated":true}]}}