{"id":81666,"date":"2022-09-05T12:49:27","date_gmt":"2022-09-05T12:49:27","guid":{"rendered":"https:\/\/estado29.mx\/?p=81666"},"modified":"2022-09-05T12:49:27","modified_gmt":"2022-09-05T12:49:27","slug":"la-educacion-debe-servir-para-igualar-oportunidades-rector-de-la-uptx","status":"publish","type":"post","link":"https:\/\/estado29.mx\/?p=81666","title":{"rendered":"La educaci\u00f3n debe servir para igualar oportunidades: rector de la UPTX"},"content":{"rendered":"\n<p>*Inici\u00f3 el Ciclo Escolar 2022-2023 en esta universidad<\/p>\n\n\n\n<p>Inici\u00f3 en la Universidad Polit\u00e9cnica de Tlaxcala (UPTx) el ciclo escolar 2022-2023, as\u00ed como el arranque formal de las actividades del cuatrimestre septiembre 22- enero 23, de los siete programas acad\u00e9micos que se imparten en las ingenier\u00edas Financiera, Mecatr\u00f3nica, Industrial, Qu\u00edmica, Tecnolog\u00edas de la Informaci\u00f3n, Biotecnolog\u00eda y Sistemas Automotrices.<\/p>\n\n\n\n<p>En su mensaje, el rector Enrique Padilla S\u00e1nchez pidi\u00f3 a maestros y alumnos valorar el esfuerzo que hace el gobierno del estado para generar las condiciones que permitan llevar educaci\u00f3n a todos los alumnos y, de manera especial, a los 334 j\u00f3venes que, a trav\u00e9s de la modalidad flexible, estudian en las extensiones de la UPTx, ubicadas en los municipios de Benito Ju\u00e1rez, El Carmen Tequexquitla, Contla de Juan Cuamatzi, Emiliano Zapata, Mu\u00f1oz de Domingo Arenas, Nanacamilpa, Papalotla, Terrenate y Yauhquemehcan.<\/p>\n\n\n\n<p>&#8220;En la UPTx estamos convencidos de que la educaci\u00f3n debe servir para igualar oportunidades, por eso es que con el apoyo de la gobernadora Lorena Cu\u00e9llar, se han ampliado las posibilidades de estudiar a distancia, desde diferentes municipios del estado, permitiendo que a trav\u00e9s de una plataforma propia, inventada por la universidad y a trav\u00e9s de la modalidad flexible, se ampl\u00eden las posibilidades de dar educaci\u00f3n a un mayor n\u00famero de j\u00f3venes&#8221;, inform\u00f3.<\/p>\n\n\n\n<p>Fue en el gimnasio de la UPTx en donde el rector Enrique Padilla S\u00e1nchez, junto con la estructura acad\u00e9mica y administrativa, adem\u00e1s de algunas autoridades de los municipios en los que tiene presencia esta instituci\u00f3n educativa, donde dio la bienvenida a los mil 903 alumnos de nuevo ingreso y, de manera simb\u00f3lica, a la totalidad de 6 mil 600 alumnos que son parte de todas las carreras que se imparten.<\/p>\n\n\n\n<p>Finalmente, reconoci\u00f3 a los alumnos el esfuerzo que hacen por acudir a la Polit\u00e9cnica ubicada en el sur del estado, con la intenci\u00f3n de aprender, sobre todo a quienes diariamente se trasladan desde diferentes puntos del estado, a quienes hacen el esfuerzo econ\u00f3mico por terminar sus ingenier\u00edas, ya sea con estudio y trabajo, o al ser parte de una familia con varios hijos o que fue afectada por la pandemia del Covid-19.<\/p>\n","protected":false},"excerpt":{"rendered":"<p>*Inici\u00f3 el Ciclo Escolar 2022-2023 en esta universidad Inici\u00f3 en la Universidad Polit\u00e9cnica de Tlaxcala (UPTx) el ciclo escolar 2022-2023, as\u00ed como el arranque formal de las actividades del cuatrimestre septiembre 22- enero 23, de los siete programas acad\u00e9micos que se imparten en las ingenier\u00edas Financiera, Mecatr\u00f3nica, Industrial, Qu\u00edmica, Tecnolog\u00edas de la Informaci\u00f3n, Biotecnolog\u00eda y [&hellip;]<\/p>\n","protected":false},"author":4,"featured_media":81667,"comment_status":"open","ping_status":"open","sticky":false,"template":"","format":"standard","meta":{"om_disable_all_campaigns":false,"_monsterinsights_skip_tracking":false,"_monsterinsights_sitenote_active":false,"_monsterinsights_sitenote_note":"","_monsterinsights_sitenote_category":0,"jnews-multi-image_gallery":[],"jnews_single_post":{"subtitle":"","format":"standard","video":"","gallery":"","source_name":"","source_url":"","via_name":"","via_url":"","override_template":"0","override":[{"template":"1","single_blog_custom":"","parallax":"1","fullscreen":"1","layout":"right-sidebar","sidebar":"default-sidebar","second_sidebar":"default-sidebar","sticky_sidebar":"1","share_position":"top","share_float_style":"share-monocrhome","show_share_counter":"1","show_view_counter":"1","show_featured":"1","show_post_meta":"1","show_post_author":"1","show_post_author_image":"1","show_post_date":"1","post_date_format":"default","post_date_format_custom":"Y\/m\/d","show_post_category":"1","show_post_reading_time":"0","post_reading_time_wpm":"300","show_zoom_button":"0","zoom_button_out_step":"2","zoom_button_in_step":"3","show_post_tag":"1","show_prev_next_post":"1","show_popup_post":"1","number_popup_post":"1","show_author_box":"1","show_post_related":"0","show_inline_post_related":"0"}],"override_image_size":"0","image_override":[{"single_post_thumbnail_size":"crop-500","single_post_gallery_size":"crop-500"}],"trending_post":"0","trending_post_position":"meta","trending_post_label":"Trending","sponsored_post":"0","sponsored_post_label":"Sponsored by","sponsored_post_name":"","sponsored_post_url":"","sponsored_post_logo_enable":"0","sponsored_post_logo":"","sponsored_post_desc":"","disable_ad":"0"},"jnews_primary_category":{"id":""},"footnotes":""},"categories":[80,43],"tags":[110,284,96,285],"class_list":["post-81666","post","type-post","status-publish","format-standard","has-post-thumbnail","hentry","category-educacion","category-estado","tag-municipios","tag-sepe","tag-tlaxcala","tag-uset"],"aioseo_notices":[],"_links":{"self":[{"href":"https:\/\/estado29.mx\/index.php?rest_route=\/wp\/v2\/posts\/81666","targetHints":{"allow":["GET"]}}],"collection":[{"href":"https:\/\/estado29.mx\/index.php?rest_route=\/wp\/v2\/posts"}],"about":[{"href":"https:\/\/estado29.mx\/index.php?rest_route=\/wp\/v2\/types\/post"}],"author":[{"embeddable":true,"href":"https:\/\/estado29.mx\/index.php?rest_route=\/wp\/v2\/users\/4"}],"replies":[{"embeddable":true,"href":"https:\/\/estado29.mx\/index.php?rest_route=%2Fwp%2Fv2%2Fcomments&post=81666"}],"version-history":[{"count":1,"href":"https:\/\/estado29.mx\/index.php?rest_route=\/wp\/v2\/posts\/81666\/revisions"}],"predecessor-version":[{"id":81668,"href":"https:\/\/estado29.mx\/index.php?rest_route=\/wp\/v2\/posts\/81666\/revisions\/81668"}],"wp:featuredmedia":[{"embeddable":true,"href":"https:\/\/estado29.mx\/index.php?rest_route=\/wp\/v2\/media\/81667"}],"wp:attachment":[{"href":"https:\/\/estado29.mx\/index.php?rest_route=%2Fwp%2Fv2%2Fmedia&parent=81666"}],"wp:term":[{"taxonomy":"category","embeddable":true,"href":"https:\/\/estado29.mx\/index.php?rest_route=%2Fwp%2Fv2%2Fcategories&post=81666"},{"taxonomy":"post_tag","embeddable":true,"href":"https:\/\/estado29.mx\/index.php?rest_route=%2Fwp%2Fv2%2Ftags&post=81666"}],"curies":[{"name":"wp","href":"https:\/\/api.w.org\/{rel}","templated":true}]}}