{"id":81679,"date":"2022-09-06T12:28:14","date_gmt":"2022-09-06T12:28:14","guid":{"rendered":"https:\/\/estado29.mx\/?p=81679"},"modified":"2022-09-06T12:28:15","modified_gmt":"2022-09-06T12:28:15","slug":"superviso-gobernadora-lorena-cuellar-rehabilitacion-de-carretera-xaltocan-munoz","status":"publish","type":"post","link":"https:\/\/estado29.mx\/?p=81679","title":{"rendered":"Supervis\u00f3 gobernadora Lorena Cu\u00e9llar rehabilitaci\u00f3n de carretera Xaltocan-Mu\u00f1oz"},"content":{"rendered":"\n<p>*La inversi\u00f3n es de 15.3 mdp para mejorar la conectividad en el estado<\/p>\n\n\n\n<p>La gobernadora Lorena Cu\u00e9llar Cisneros supervis\u00f3 los trabajos de rehabilitaci\u00f3n de la carretera Xaltocan-Mu\u00f1oz, donde se atienden 4.8 kil\u00f3metros con una inversi\u00f3n de 15 millones 364 mil 863 pesos, con el prop\u00f3sito de construir v\u00edas de comunicaci\u00f3n \u00f3ptimas para la poblaci\u00f3n.<\/p>\n\n\n\n<p>Durante el acto protocolario, la titular del Ejecutivo local indic\u00f3 que su administraci\u00f3n ha efectuado grandes obras en el primer a\u00f1o de gobierno, lo que a su vez genera empleos, pues \u201ccon el recurso que antes se empleaba, que era muy poco, cerca de 100 millones de pesos para obra en todo un a\u00f1o, hoy superamos los 2 mil 100 millones de pesos en inversi\u00f3n de infraestructura (&#8230;) nos da gusto hacer este tipo de obras\u201d.<\/p>\n\n\n\n<p>Inform\u00f3 que el pr\u00f3ximo a\u00f1o se invertir\u00e1 en un laboratorio para verificar que las obras sean de calidad y con amplia duraci\u00f3n, por ello reiter\u00f3 el compromiso de mantener comunicaci\u00f3n directa con los municipios en beneficio de la sociedad, para atender las necesidades de las comunidades.<\/p>\n\n\n\n<p>Cu\u00e9llar Cisneros mencion\u00f3 que Xaltocan y Mu\u00f1oz se han favorecido con proyectos de infraestructura como las labores que se realizan en el templo de San Mart\u00edn Caballero, adem\u00e1s de que se invirtieron casi 250 millones de pesos para lograr la escritura a fin de edificar la Central de Abastos; aunado a las acciones que dar\u00e1n inicio para la construcci\u00f3n de la presidencia municipal de Mu\u00f1oz y la rehabilitaci\u00f3n de otros tramos carreteros con base en las necesidades de ambas localidades.<\/p>\n\n\n\n<p>Mientras que el titular de la Secretar\u00eda de Infraestructura (SI), Alfonso S\u00e1nchez Garc\u00eda detall\u00f3 que estas acciones mejoran la conectividad para 14 mil 62 habitantes de esta regi\u00f3n, por lo que a lo largo de 4.8 kil\u00f3metros de esta v\u00eda terrestre se realizan trabajos de construcci\u00f3n de terracer\u00eda, bacheo, tendido de carpeta asf\u00e1ltica, riego de sello, cunetas, guarniciones, banquetas y se\u00f1alamiento horizontal.<\/p>\n\n\n\n<p>Refiri\u00f3 que a un a\u00f1o de iniciada la transformaci\u00f3n en Tlaxcala, el apoyo y respaldo a las y los tlaxcaltecas sigue adelante para mejorar las instalaciones de los servicios de salud, seguridad y comunicaci\u00f3n a lo largo del estado, \u201cquiero agradecer su compa\u00f1\u00eda, en la supervisi\u00f3n del avance de los trabajos de rehabilitaci\u00f3n de la carretera que conecta a los municipios de Mu\u00f1oz de Domingo Arenas y Xaltocan\u201d.<\/p>\n\n\n\n<p>A su vez, los presidentes municipales de Xaltocan y de Mu\u00f1oz de Domingo Arenas, Jos\u00e9 Luis Hern\u00e1ndez V\u00e1zquez y H\u00e9ctor Prisco Fern\u00e1ndez, respectivamente, agradecieron el apoyo que les brinda la mandataria estatal para transformar a sus comunidades y generar un cambio y una buena historia.<\/p>\n\n\n\n<p>Importante referir que, adem\u00e1s de estas acciones, se han supervisado los tramos carreteros de Apizaco-Mu\u00f1oz, Tlaxco-Uni\u00f3n Ejidal Tierra y Libertad, Mazaquiahuac, Atltzayanca-Santa Cruz Pocitos, Espa\u00f1ita-Ixtacuixtla y San Miguel del Milagro-Santa Apolonia Teacalco.<\/p>\n\n\n\n<p>De esta manera, el Gobierno del Estado busca mejorar las v\u00edas de acceso y conexi\u00f3n entre comunidades, impulsando as\u00ed el desarrollo y bienestar para todos los rincones de Tlaxcala, en respuesta a las principales necesidades de la ciudadan\u00eda.<\/p>\n\n\n\n<p>Esta ocasi\u00f3n acudieron tambi\u00e9n el diputado local, Vicente Morales P\u00e9rez; el presidente de la comunidad de San Isidro Chipila, Jorge Col\u00edn Delgado, as\u00ed como regidoras, regidores y personal administrativo de ambos ayuntamientos.<\/p>\n","protected":false},"excerpt":{"rendered":"<p>*La inversi\u00f3n es de 15.3 mdp para mejorar la conectividad en el estado La gobernadora Lorena Cu\u00e9llar Cisneros supervis\u00f3 los trabajos de rehabilitaci\u00f3n de la carretera Xaltocan-Mu\u00f1oz, donde se atienden 4.8 kil\u00f3metros con una inversi\u00f3n de 15 millones 364 mil 863 pesos, con el prop\u00f3sito de construir v\u00edas de comunicaci\u00f3n \u00f3ptimas para la poblaci\u00f3n. Durante [&hellip;]<\/p>\n","protected":false},"author":4,"featured_media":81680,"comment_status":"open","ping_status":"open","sticky":false,"template":"","format":"standard","meta":{"om_disable_all_campaigns":false,"_monsterinsights_skip_tracking":false,"_monsterinsights_sitenote_active":false,"_monsterinsights_sitenote_note":"","_monsterinsights_sitenote_category":0,"jnews-multi-image_gallery":[],"jnews_single_post":{"subtitle":"","format":"standard","video":"","gallery":"","source_name":"","source_url":"","via_name":"","via_url":"","override_template":"0","override":[{"template":"1","single_blog_custom":"","parallax":"1","fullscreen":"1","layout":"right-sidebar","sidebar":"default-sidebar","second_sidebar":"default-sidebar","sticky_sidebar":"1","share_position":"top","share_float_style":"share-monocrhome","show_share_counter":"1","show_view_counter":"1","show_featured":"1","show_post_meta":"1","show_post_author":"1","show_post_author_image":"1","show_post_date":"1","post_date_format":"default","post_date_format_custom":"Y\/m\/d","show_post_category":"1","show_post_reading_time":"0","post_reading_time_wpm":"300","show_zoom_button":"0","zoom_button_out_step":"2","zoom_button_in_step":"3","show_post_tag":"1","show_prev_next_post":"1","show_popup_post":"1","number_popup_post":"1","show_author_box":"1","show_post_related":"0","show_inline_post_related":"0"}],"override_image_size":"0","image_override":[{"single_post_thumbnail_size":"crop-500","single_post_gallery_size":"crop-500"}],"trending_post":"0","trending_post_position":"meta","trending_post_label":"Trending","sponsored_post":"0","sponsored_post_label":"Sponsored by","sponsored_post_name":"","sponsored_post_url":"","sponsored_post_logo_enable":"0","sponsored_post_logo":"","sponsored_post_desc":"","disable_ad":"0"},"jnews_primary_category":{"id":""},"footnotes":""},"categories":[43,52],"tags":[563,150,110,96],"class_list":["post-81679","post","type-post","status-publish","format-standard","has-post-thumbnail","hentry","category-estado","category-gobierno-de-tlaxcala","tag-carreteras","tag-gobierno-del-estado","tag-municipios","tag-tlaxcala"],"aioseo_notices":[],"_links":{"self":[{"href":"https:\/\/estado29.mx\/index.php?rest_route=\/wp\/v2\/posts\/81679","targetHints":{"allow":["GET"]}}],"collection":[{"href":"https:\/\/estado29.mx\/index.php?rest_route=\/wp\/v2\/posts"}],"about":[{"href":"https:\/\/estado29.mx\/index.php?rest_route=\/wp\/v2\/types\/post"}],"author":[{"embeddable":true,"href":"https:\/\/estado29.mx\/index.php?rest_route=\/wp\/v2\/users\/4"}],"replies":[{"embeddable":true,"href":"https:\/\/estado29.mx\/index.php?rest_route=%2Fwp%2Fv2%2Fcomments&post=81679"}],"version-history":[{"count":1,"href":"https:\/\/estado29.mx\/index.php?rest_route=\/wp\/v2\/posts\/81679\/revisions"}],"predecessor-version":[{"id":81681,"href":"https:\/\/estado29.mx\/index.php?rest_route=\/wp\/v2\/posts\/81679\/revisions\/81681"}],"wp:featuredmedia":[{"embeddable":true,"href":"https:\/\/estado29.mx\/index.php?rest_route=\/wp\/v2\/media\/81680"}],"wp:attachment":[{"href":"https:\/\/estado29.mx\/index.php?rest_route=%2Fwp%2Fv2%2Fmedia&parent=81679"}],"wp:term":[{"taxonomy":"category","embeddable":true,"href":"https:\/\/estado29.mx\/index.php?rest_route=%2Fwp%2Fv2%2Fcategories&post=81679"},{"taxonomy":"post_tag","embeddable":true,"href":"https:\/\/estado29.mx\/index.php?rest_route=%2Fwp%2Fv2%2Ftags&post=81679"}],"curies":[{"name":"wp","href":"https:\/\/api.w.org\/{rel}","templated":true}]}}