{"id":81682,"date":"2022-09-06T12:31:22","date_gmt":"2022-09-06T12:31:22","guid":{"rendered":"https:\/\/estado29.mx\/?p=81682"},"modified":"2022-09-06T12:31:23","modified_gmt":"2022-09-06T12:31:23","slug":"entrego-gobernadora-134-auxiliares-auditivos-para-personas-con-discapacidad","status":"publish","type":"post","link":"https:\/\/estado29.mx\/?p=81682","title":{"rendered":"Entreg\u00f3 gobernadora 134 auxiliares auditivos para personas con discapacidad"},"content":{"rendered":"\n<p>*La Secretar\u00eda de Bienestar estatal beneficiar\u00e1 a 8 mil 500 personas con diversos apoyos<\/p>\n\n\n\n<p>La Gobernadora Lorena Cu\u00e9llar Cisneros hizo entrega de 134 auxiliares auditivos como parte del Programa Ayudas Funcionales para Personas con Discapacidad de la Secretar\u00eda de Bienestar de Tlaxcala, derivado de las pol\u00edticas sociales que se impulsan para atender a los grupos en situaci\u00f3n de vulnerabilidad como sector prioritario de la administraci\u00f3n estatal.<\/p>\n\n\n\n<p>En el evento protocolario que se llev\u00f3 a cabo en las instalaciones de la Direcci\u00f3n de Bienestar Integral de la secretar\u00eda estatal, ubicadas en el municipio de Apizaco, la mandataria recalc\u00f3 que en la tarea de llevar bienestar a m\u00e1s personas y transformar los servicios de atenci\u00f3n integral para las personas m\u00e1s necesitadas, no est\u00e1 sola y cuenta con el respaldo de los integrantes del Congreso local.<\/p>\n\n\n\n<p>Destac\u00f3 que lo m\u00e1s importante de ejercer un cargo p\u00fablico, es poder servir a otros y que gracias a ello, \u201choy tenemos nuevos hospitales, estamos operando de la vista de manera gratuita; hoy tenemos un Centro de Hemodi\u00e1lisis para todas las personas que est\u00e1n enfermas de insuficiencia renal, hoy se est\u00e1n haciendo en Tlaxcala trasplantes renales y de coraz\u00f3n, vamos a tener un CRI Telet\u00f3n y el apoyo econ\u00f3mico para todas las personas con discapacidad (\u2026) y todo esto no se pudiera hacer si no tuvi\u00e9ramos un Congreso sensible, que escucha y que entiende que el dinero debe ser para eso, para ayudar\u201d, sostuvo.&nbsp;<\/p>\n\n\n\n<p>En su oportunidad, la presidenta honor\u00edfica del Comit\u00e9 de Bienestar y Desarrollo Social de Tlaxcala, Mar\u00eda Fernanda Espinosa de los Monteros Cu\u00e9llar resalt\u00f3 que la dedicaci\u00f3n y trabajo que se realiza en beneficio de los grupos vulnerables es de suma importancia, porque es un tema de justicia social para atender \u201ca quienes durante mucho tiempo fueron olvidados, los m\u00e1s vulnerables, los m\u00e1s necesitados\u201d.<\/p>\n\n\n\n<p>Mar\u00eda Estela \u00c1lvarez Corona, titular de la Secretar\u00eda de Bienestar, inform\u00f3 que este programa beneficiar\u00e1 a 8 mil 500 personas con la entrega de ayudas funcionales como sillas de ruedas est\u00e1ndar, pr\u00f3tesis de pierna, andaderas, auxiliares auditivos, sillas para ni\u00f1os y adultos con par\u00e1lisis cerebral, bastones y pa\u00f1ales para adulto.<\/p>\n\n\n\n<p>De igual manera, expuso que la dependencia a su cargo cuenta con el Programa de Apoyo Econ\u00f3mico para Personas con Discapacidad, derivado del convenio entre el gobierno del estado y la delegaci\u00f3n federal de Programas Sociales, para beneficiar a personas de 30 a 64 a\u00f1os de edad, con lo que se logra en Tlaxcala la universalidad de este esquema en apoyo a tlaxcaltecas de cero a 64 a\u00f1os que enfrenten una condici\u00f3n permanente de discapacidad para que puedan contar con un ingreso de 2 mil 800 pesos bimestrales.<\/p>\n\n\n\n<p>La presidenta de la Mesa Directiva del Congreso local, Leticia Mart\u00ednez Cer\u00f3n reconoci\u00f3 el trabajo en materia de bienestar social que realiza el gobierno del estado y refrend\u00f3 la disposici\u00f3n de los representantes del Poder Legislativo para trabajar en unidad por el bien de Tlaxcala.<\/p>\n\n\n\n<p>Al evento tambi\u00e9n asisti\u00f3 la legisladora M\u00f3nica S\u00e1nchez Angulo y se efectu\u00f3 la entrega simb\u00f3lica de los apoyos a los beneficiarios Isidoro S\u00e1nchez Espinoza y a la ni\u00f1a Melanie Cristal Garc\u00eda Corona.&nbsp;<\/p>\n\n\n\n<p>Las personas interesadas en obtener ayudas funcionales para personas con discapacidad pueden dirigirse a las oficinas centrales de la Secretar\u00eda de Bienestar, ubicadas en calle Miguel Hidalgo, n\u00famero 36, de la colonia centro de la capital tlaxcalteca o bien en Prolongaci\u00f3n 16 de septiembre, sin n\u00famero, en la ciudad de Apizaco, junto a la plaza de toros. Tambi\u00e9n pueden solicitar informes a los n\u00fameros telef\u00f3nicos 246 46 6 17 40 y 241 113 19 76.<\/p>\n","protected":false},"excerpt":{"rendered":"<p>*La Secretar\u00eda de Bienestar estatal beneficiar\u00e1 a 8 mil 500 personas con diversos apoyos La Gobernadora Lorena Cu\u00e9llar Cisneros hizo entrega de 134 auxiliares auditivos como parte del Programa Ayudas Funcionales para Personas con Discapacidad de la Secretar\u00eda de Bienestar de Tlaxcala, derivado de las pol\u00edticas sociales que se impulsan para atender a los grupos [&hellip;]<\/p>\n","protected":false},"author":4,"featured_media":81683,"comment_status":"open","ping_status":"open","sticky":false,"template":"","format":"standard","meta":{"om_disable_all_campaigns":false,"_monsterinsights_skip_tracking":false,"_monsterinsights_sitenote_active":false,"_monsterinsights_sitenote_note":"","_monsterinsights_sitenote_category":0,"jnews-multi-image_gallery":[],"jnews_single_post":{"subtitle":"","format":"standard","video":"","gallery":"","source_name":"","source_url":"","via_name":"","via_url":"","override_template":"0","override":[{"template":"1","single_blog_custom":"","parallax":"1","fullscreen":"1","layout":"right-sidebar","sidebar":"default-sidebar","second_sidebar":"default-sidebar","sticky_sidebar":"1","share_position":"top","share_float_style":"share-monocrhome","show_share_counter":"1","show_view_counter":"1","show_featured":"1","show_post_meta":"1","show_post_author":"1","show_post_author_image":"1","show_post_date":"1","post_date_format":"default","post_date_format_custom":"Y\/m\/d","show_post_category":"1","show_post_reading_time":"0","post_reading_time_wpm":"300","show_zoom_button":"0","zoom_button_out_step":"2","zoom_button_in_step":"3","show_post_tag":"1","show_prev_next_post":"1","show_popup_post":"1","number_popup_post":"1","show_author_box":"1","show_post_related":"0","show_inline_post_related":"0"}],"override_image_size":"0","image_override":[{"single_post_thumbnail_size":"crop-500","single_post_gallery_size":"crop-500"}],"trending_post":"0","trending_post_position":"meta","trending_post_label":"Trending","sponsored_post":"0","sponsored_post_label":"Sponsored by","sponsored_post_name":"","sponsored_post_url":"","sponsored_post_logo_enable":"0","sponsored_post_logo":"","sponsored_post_desc":"","disable_ad":"0"},"jnews_primary_category":{"id":""},"footnotes":""},"categories":[43,52,81],"tags":[150,110,96],"class_list":["post-81682","post","type-post","status-publish","format-standard","has-post-thumbnail","hentry","category-estado","category-gobierno-de-tlaxcala","category-salud-estado","tag-gobierno-del-estado","tag-municipios","tag-tlaxcala"],"aioseo_notices":[],"_links":{"self":[{"href":"https:\/\/estado29.mx\/index.php?rest_route=\/wp\/v2\/posts\/81682","targetHints":{"allow":["GET"]}}],"collection":[{"href":"https:\/\/estado29.mx\/index.php?rest_route=\/wp\/v2\/posts"}],"about":[{"href":"https:\/\/estado29.mx\/index.php?rest_route=\/wp\/v2\/types\/post"}],"author":[{"embeddable":true,"href":"https:\/\/estado29.mx\/index.php?rest_route=\/wp\/v2\/users\/4"}],"replies":[{"embeddable":true,"href":"https:\/\/estado29.mx\/index.php?rest_route=%2Fwp%2Fv2%2Fcomments&post=81682"}],"version-history":[{"count":1,"href":"https:\/\/estado29.mx\/index.php?rest_route=\/wp\/v2\/posts\/81682\/revisions"}],"predecessor-version":[{"id":81684,"href":"https:\/\/estado29.mx\/index.php?rest_route=\/wp\/v2\/posts\/81682\/revisions\/81684"}],"wp:featuredmedia":[{"embeddable":true,"href":"https:\/\/estado29.mx\/index.php?rest_route=\/wp\/v2\/media\/81683"}],"wp:attachment":[{"href":"https:\/\/estado29.mx\/index.php?rest_route=%2Fwp%2Fv2%2Fmedia&parent=81682"}],"wp:term":[{"taxonomy":"category","embeddable":true,"href":"https:\/\/estado29.mx\/index.php?rest_route=%2Fwp%2Fv2%2Fcategories&post=81682"},{"taxonomy":"post_tag","embeddable":true,"href":"https:\/\/estado29.mx\/index.php?rest_route=%2Fwp%2Fv2%2Ftags&post=81682"}],"curies":[{"name":"wp","href":"https:\/\/api.w.org\/{rel}","templated":true}]}}