{"id":81685,"date":"2022-09-06T12:33:56","date_gmt":"2022-09-06T12:33:56","guid":{"rendered":"https:\/\/estado29.mx\/?p=81685"},"modified":"2022-09-06T12:33:57","modified_gmt":"2022-09-06T12:33:57","slug":"concluyo-uatx-actividades-del-40-aniversario-del-cijurep","status":"publish","type":"post","link":"https:\/\/estado29.mx\/?p=81685","title":{"rendered":"Concluy\u00f3 UATx actividades del 40 Aniversario del CIJUREP"},"content":{"rendered":"\n<p><\/p>\n\n\n\n<p>\u00b7&nbsp;&nbsp;&nbsp;&nbsp;&nbsp;&nbsp;&nbsp;&nbsp;&nbsp;<strong>Disert\u00f3 Rector sobre el Estado constitucional de derecho<\/strong><\/p>\n\n\n\n<p>El Centro de Investigaciones Jur\u00eddico\u2013Pol\u00edticas (CIJUREP) de la Universidad Aut\u00f3noma de Tlaxcala (UATx), culmin\u00f3 con las actividades&nbsp;del evento intitulado:&nbsp;&lt;&lt;Los Congresos Constituyentes en la Historia de M\u00e9xico&gt;&gt;, realizada en el marco de su 40 Aniversario, efectuado en el auditorio \u201cManuel de Lardizabal y Uribe\u201d de la Facultad de Derecho, Ciencias Pol\u00edticas y Criminolog\u00eda.<\/p>\n\n\n\n<p>Como parte de la clausura, el Doctor Seraf\u00edn Ortiz Ortiz, Rector de la UATx, dict\u00f3 la conferencia magistral:&nbsp;&lt;&lt;Estado constitucional de derecho&gt;&gt;, disertaci\u00f3n que estuvo dividida en dos momentos, una bajo un escenario hist\u00f3rico, para reconstruir las caracter\u00edsticas del estado moderno y, la otra, tuvo como objetivo situar el alegato acerca de la configuraci\u00f3n de un estado constitucional de derecho.<\/p>\n\n\n\n<p>Aludiendo al contexto hist\u00f3rico, refiri\u00f3 que, el estado mon\u00e1rquico, se caracteriz\u00f3 por colocar la soberan\u00eda en el poder del Estado, la emisi\u00f3n de leyes sin necesidad de ning\u00fan consentimiento ajeno, declarar la guerra y la paz, instituir a los principales funcionarios, juzgar en calidad de Corte inapelable, conceder gracia, acu\u00f1ar moneda, as\u00ed como imponer impuestos.<\/p>\n\n\n\n<p>Subray\u00f3 que, la noci\u00f3n de estado de derecho implica la idea de un sistema de frenos y&nbsp;&nbsp; contrapesos del poder estatal, a fin de evitar un dominio sin l\u00edmites, restringi\u00e9ndose as\u00ed actuaciones dentro del marco legal que ofrecen las constituciones y las leyes, por ello, los caracteres de este estado son: soberan\u00eda popular, legalidad, tripartici\u00f3n, control de poderes y garant\u00edas, por lo que la teor\u00eda pol\u00edtica que sostiene este constructo, debe garantizar, ante todo, los derechos humanos.&nbsp;<\/p>\n\n\n\n<p>M\u00e1s adelante, el Rector de la UATx expuso que, en este estado constitucional de derecho, la educaci\u00f3n juega un papel significativo para atenuar el potencial de comportamientos desviados y delictivos, en este sentido, apunt\u00f3 que, la Universidad, tiene un papel central, en consecuencia, desde la Aut\u00f3noma de Tlaxcala, se forman ciudadanos para que se conviertan en profesionistas que orienten sus comportamientos por los valores laicos, tales como: libertad, igualdad, respeto, seguridad&nbsp; y protecci\u00f3n de la dignidad&nbsp; humana, con los cuales se tiene un horizonte y un abanico amplio para tratar de prevenir diferentes problem\u00e1ticas.&nbsp;&nbsp;<\/p>\n\n\n\n<p>Este evento, cont\u00f3 con la presencia del Doctor Fernando Tenorio Tagle, Coordinador General del CIJUREP; del Doctor Emmanuel Rodr\u00edguez Baca, Secretario Acad\u00e9mico del Centro; del Licenciado Dante Morales Cruz, Director de la Facultad de Derecho, Ciencias Pol\u00edticas y Criminolog\u00eda; as\u00ed como de investigadores, catedr\u00e1ticos y estudiantes.<\/p>\n","protected":false},"excerpt":{"rendered":"<p>\u00b7&nbsp;&nbsp;&nbsp;&nbsp;&nbsp;&nbsp;&nbsp;&nbsp;&nbsp;Disert\u00f3 Rector sobre el Estado constitucional de derecho El Centro de Investigaciones Jur\u00eddico\u2013Pol\u00edticas (CIJUREP) de la Universidad Aut\u00f3noma de Tlaxcala (UATx), culmin\u00f3 con las actividades&nbsp;del evento intitulado:&nbsp;&lt;&lt;Los Congresos Constituyentes en la Historia de M\u00e9xico&gt;&gt;, realizada en el marco de su 40 Aniversario, efectuado en el auditorio \u201cManuel de Lardizabal y Uribe\u201d de la Facultad de [&hellip;]<\/p>\n","protected":false},"author":4,"featured_media":81686,"comment_status":"open","ping_status":"open","sticky":false,"template":"","format":"standard","meta":{"om_disable_all_campaigns":false,"_monsterinsights_skip_tracking":false,"_monsterinsights_sitenote_active":false,"_monsterinsights_sitenote_note":"","_monsterinsights_sitenote_category":0,"jnews-multi-image_gallery":[],"jnews_single_post":{"subtitle":"","format":"standard","video":"","gallery":"","source_name":"","source_url":"","via_name":"","via_url":"","override_template":"0","override":[{"template":"1","single_blog_custom":"","parallax":"1","fullscreen":"1","layout":"right-sidebar","sidebar":"default-sidebar","second_sidebar":"default-sidebar","sticky_sidebar":"1","share_position":"top","share_float_style":"share-monocrhome","show_share_counter":"1","show_view_counter":"1","show_featured":"1","show_post_meta":"1","show_post_author":"1","show_post_author_image":"1","show_post_date":"1","post_date_format":"default","post_date_format_custom":"Y\/m\/d","show_post_category":"1","show_post_reading_time":"0","post_reading_time_wpm":"300","show_zoom_button":"0","zoom_button_out_step":"2","zoom_button_in_step":"3","show_post_tag":"1","show_prev_next_post":"1","show_popup_post":"1","number_popup_post":"1","show_author_box":"1","show_post_related":"0","show_inline_post_related":"0"}],"override_image_size":"0","image_override":[{"single_post_thumbnail_size":"crop-500","single_post_gallery_size":"crop-500"}],"trending_post":"0","trending_post_position":"meta","trending_post_label":"Trending","sponsored_post":"0","sponsored_post_label":"Sponsored by","sponsored_post_name":"","sponsored_post_url":"","sponsored_post_logo_enable":"0","sponsored_post_logo":"","sponsored_post_desc":"","disable_ad":"0"},"jnews_primary_category":{"id":""},"footnotes":""},"categories":[80,43],"tags":[150,110,96,310],"class_list":["post-81685","post","type-post","status-publish","format-standard","has-post-thumbnail","hentry","category-educacion","category-estado","tag-gobierno-del-estado","tag-municipios","tag-tlaxcala","tag-uatx"],"aioseo_notices":[],"_links":{"self":[{"href":"https:\/\/estado29.mx\/index.php?rest_route=\/wp\/v2\/posts\/81685","targetHints":{"allow":["GET"]}}],"collection":[{"href":"https:\/\/estado29.mx\/index.php?rest_route=\/wp\/v2\/posts"}],"about":[{"href":"https:\/\/estado29.mx\/index.php?rest_route=\/wp\/v2\/types\/post"}],"author":[{"embeddable":true,"href":"https:\/\/estado29.mx\/index.php?rest_route=\/wp\/v2\/users\/4"}],"replies":[{"embeddable":true,"href":"https:\/\/estado29.mx\/index.php?rest_route=%2Fwp%2Fv2%2Fcomments&post=81685"}],"version-history":[{"count":1,"href":"https:\/\/estado29.mx\/index.php?rest_route=\/wp\/v2\/posts\/81685\/revisions"}],"predecessor-version":[{"id":81687,"href":"https:\/\/estado29.mx\/index.php?rest_route=\/wp\/v2\/posts\/81685\/revisions\/81687"}],"wp:featuredmedia":[{"embeddable":true,"href":"https:\/\/estado29.mx\/index.php?rest_route=\/wp\/v2\/media\/81686"}],"wp:attachment":[{"href":"https:\/\/estado29.mx\/index.php?rest_route=%2Fwp%2Fv2%2Fmedia&parent=81685"}],"wp:term":[{"taxonomy":"category","embeddable":true,"href":"https:\/\/estado29.mx\/index.php?rest_route=%2Fwp%2Fv2%2Fcategories&post=81685"},{"taxonomy":"post_tag","embeddable":true,"href":"https:\/\/estado29.mx\/index.php?rest_route=%2Fwp%2Fv2%2Ftags&post=81685"}],"curies":[{"name":"wp","href":"https:\/\/api.w.org\/{rel}","templated":true}]}}