{"id":81691,"date":"2022-09-06T12:37:31","date_gmt":"2022-09-06T12:37:31","guid":{"rendered":"https:\/\/estado29.mx\/?p=81691"},"modified":"2022-09-06T12:37:32","modified_gmt":"2022-09-06T12:37:32","slug":"activo-cepc-protocolos-de-seguridad-por-explosion-de-polvorin-clandestino","status":"publish","type":"post","link":"https:\/\/estado29.mx\/?p=81691","title":{"rendered":"Activ\u00f3 CEPC protocolos de seguridad por explosi\u00f3n de polvor\u00edn clandestino"},"content":{"rendered":"\n<p>*Autoridades decomisaron cerca de 10 toneladas de pirotecnia<\/p>\n\n\n\n<p>Este lunes, la explosi\u00f3n de un polvor\u00edn clandestino oblig\u00f3 la activaci\u00f3n de protocolos de seguridad, por lo que personal de la Coordinaci\u00f3n Estatal de Protecci\u00f3n Civil (CEPC), en conjunto con la Secretar\u00eda de Seguridad Ciudadana (SSC), el Heroico Cuerpo de Bomberos, la Secretar\u00eda de la Defensa Nacional (Sedena) y Guardia Nacional (GN), se concentr\u00f3 en el antiguo camino a Sanct\u00f3rum, frente al rancho \u201cN\u00e1jera\u201d, del municipio de Espa\u00f1ita, para verificar este incidente.<\/p>\n\n\n\n<p>De acuerdo con las primeras indagatorias, la explosi\u00f3n del polvor\u00edn fue por el mal manejo de los qu\u00edmicos que se utilizan, ya que los responsables del lugar no contaban con el permiso correspondiente de la Sedena y de la CEPC, por lo que sus protocolos de actuaci\u00f3n fueron inadecuados, lo que dio como resultado la detonaci\u00f3n.<\/p>\n\n\n\n<p>El coordinador estatal de Protecci\u00f3n Civil, Juvencio Nieto Galicia inform\u00f3 que derivado de la explosi\u00f3n, un masculino de 36 a\u00f1os de edad falleci\u00f3 y otras dos personas, originarias de Sanct\u00f3rum de L\u00e1zaro C\u00e1rdenas, resultaron con quemaduras, quienes son atendidas en el Hospital General de Calpulalpan para su atenci\u00f3n. \u201cFue un polvor\u00edn clandestino, que no est\u00e1 registrado; desafortunadamente falleci\u00f3 una persona y dos m\u00e1s se encuentran heridas\u201d.<\/p>\n\n\n\n<p>Asimismo, confirm\u00f3 que la explosi\u00f3n fue en un taller que opera al interior de un domicilio particular y a unos 20 metros de distancia se localiz\u00f3 una bodega donde se encontraban cerca de 10 toneladas de material pirot\u00e9cnico, pero la explosi\u00f3n no alcanz\u00f3 el material resguardado.<\/p>\n\n\n\n<p>De la misma forma, el funcionario estatal manifest\u00f3 que la SSC detuvo a cuatro personas por estos hechos. \u201cAcordonamos el \u00e1rea y se resguard\u00f3 el inmueble para que vengan las autoridades correspondientes, el Ministerio P\u00fablico para iniciar las indagatorias correspondientes\u201d.<\/p>\n\n\n\n<p>Nieto Galicia confirm\u00f3 que los polvorines que se encuentran en la clandestinidad dan como resultado accidentes como \u00e9ste. \u201cCon el mes de septiembre arrancamos un operativo de revisi\u00f3n, tanto en los mercados como en los lugares donde suele venderse este tipo de artefactos. Para evitar que haya un riesgo se pide que sigan los protocolos de seguridad y de actuaci\u00f3n. En este caso, las personas no quisieron regularizarse y siguieron viviendo en la clandestinidad, desafortunadamente se les dio esta desgracia con la p\u00e9rdida de una persona\u201d.<\/p>\n\n\n\n<p>El funcionario local mencion\u00f3 que este es el primer decomiso que se realiza en el estado desde que inici\u00f3 la actual administraci\u00f3n estatal, por ello exhort\u00f3 a los 60 municipios a realizar un trabajo en conjunto para el bien de la ciudadan\u00eda.<\/p>\n\n\n\n<p>\u201cEs el primer decomiso que estamos haciendo, repito, son cerca de las 10 toneladas, tanto de material ya hecho como de materiales para la producci\u00f3n de pirotecnia. Seguiremos haciendo los recorridos en todos los municipios, el exhorto ya se hizo a los presidentes municipales para que hagamos trabajo conjunto, esto es en pro de la ciudadan\u00eda y evitar alguna situaci\u00f3n mayor\u201d. concluy\u00f3.<\/p>\n","protected":false},"excerpt":{"rendered":"<p>*Autoridades decomisaron cerca de 10 toneladas de pirotecnia Este lunes, la explosi\u00f3n de un polvor\u00edn clandestino oblig\u00f3 la activaci\u00f3n de protocolos de seguridad, por lo que personal de la Coordinaci\u00f3n Estatal de Protecci\u00f3n Civil (CEPC), en conjunto con la Secretar\u00eda de Seguridad Ciudadana (SSC), el Heroico Cuerpo de Bomberos, la Secretar\u00eda de la Defensa Nacional [&hellip;]<\/p>\n","protected":false},"author":4,"featured_media":81692,"comment_status":"open","ping_status":"open","sticky":false,"template":"","format":"standard","meta":{"om_disable_all_campaigns":false,"_monsterinsights_skip_tracking":false,"_monsterinsights_sitenote_active":false,"_monsterinsights_sitenote_note":"","_monsterinsights_sitenote_category":0,"jnews-multi-image_gallery":[],"jnews_single_post":{"subtitle":"","format":"standard","video":"","gallery":"","source_name":"","source_url":"","via_name":"","via_url":"","override_template":"0","override":[{"template":"1","single_blog_custom":"","parallax":"1","fullscreen":"1","layout":"right-sidebar","sidebar":"default-sidebar","second_sidebar":"default-sidebar","sticky_sidebar":"1","share_position":"top","share_float_style":"share-monocrhome","show_share_counter":"1","show_view_counter":"1","show_featured":"1","show_post_meta":"1","show_post_author":"1","show_post_author_image":"1","show_post_date":"1","post_date_format":"default","post_date_format_custom":"Y\/m\/d","show_post_category":"1","show_post_reading_time":"0","post_reading_time_wpm":"300","show_zoom_button":"0","zoom_button_out_step":"2","zoom_button_in_step":"3","show_post_tag":"1","show_prev_next_post":"1","show_popup_post":"1","number_popup_post":"1","show_author_box":"1","show_post_related":"0","show_inline_post_related":"0"}],"override_image_size":"0","image_override":[{"single_post_thumbnail_size":"crop-500","single_post_gallery_size":"crop-500"}],"trending_post":"0","trending_post_position":"meta","trending_post_label":"Trending","sponsored_post":"0","sponsored_post_label":"Sponsored by","sponsored_post_name":"","sponsored_post_url":"","sponsored_post_logo_enable":"0","sponsored_post_logo":"","sponsored_post_desc":"","disable_ad":"0"},"jnews_primary_category":{"id":""},"footnotes":""},"categories":[43,52],"tags":[331,110,118,96],"class_list":["post-81691","post","type-post","status-publish","format-standard","has-post-thumbnail","hentry","category-estado","category-gobierno-de-tlaxcala","tag-cepc","tag-municipios","tag-ssc","tag-tlaxcala"],"aioseo_notices":[],"_links":{"self":[{"href":"https:\/\/estado29.mx\/index.php?rest_route=\/wp\/v2\/posts\/81691","targetHints":{"allow":["GET"]}}],"collection":[{"href":"https:\/\/estado29.mx\/index.php?rest_route=\/wp\/v2\/posts"}],"about":[{"href":"https:\/\/estado29.mx\/index.php?rest_route=\/wp\/v2\/types\/post"}],"author":[{"embeddable":true,"href":"https:\/\/estado29.mx\/index.php?rest_route=\/wp\/v2\/users\/4"}],"replies":[{"embeddable":true,"href":"https:\/\/estado29.mx\/index.php?rest_route=%2Fwp%2Fv2%2Fcomments&post=81691"}],"version-history":[{"count":1,"href":"https:\/\/estado29.mx\/index.php?rest_route=\/wp\/v2\/posts\/81691\/revisions"}],"predecessor-version":[{"id":81693,"href":"https:\/\/estado29.mx\/index.php?rest_route=\/wp\/v2\/posts\/81691\/revisions\/81693"}],"wp:featuredmedia":[{"embeddable":true,"href":"https:\/\/estado29.mx\/index.php?rest_route=\/wp\/v2\/media\/81692"}],"wp:attachment":[{"href":"https:\/\/estado29.mx\/index.php?rest_route=%2Fwp%2Fv2%2Fmedia&parent=81691"}],"wp:term":[{"taxonomy":"category","embeddable":true,"href":"https:\/\/estado29.mx\/index.php?rest_route=%2Fwp%2Fv2%2Fcategories&post=81691"},{"taxonomy":"post_tag","embeddable":true,"href":"https:\/\/estado29.mx\/index.php?rest_route=%2Fwp%2Fv2%2Ftags&post=81691"}],"curies":[{"name":"wp","href":"https:\/\/api.w.org\/{rel}","templated":true}]}}