{"id":81706,"date":"2022-09-07T12:38:43","date_gmt":"2022-09-07T12:38:43","guid":{"rendered":"https:\/\/estado29.mx\/?p=81706"},"modified":"2022-09-07T12:38:44","modified_gmt":"2022-09-07T12:38:44","slug":"participo-pgje-de-tlaxcala-en-conferencia-nacional-de-procuracion-de-justicia","status":"publish","type":"post","link":"https:\/\/estado29.mx\/?p=81706","title":{"rendered":"Particip\u00f3 PGJE de Tlaxcala en conferencia nacional de procuraci\u00f3n de justicia"},"content":{"rendered":"\n<p>*Acordaron fortalecer estrategias para el combate a la delincuencia<\/p>\n\n\n\n<p>La Procuradur\u00eda General de Justicia del Estado (PGJE) de Tlaxcala particip\u00f3 en la Conferencia Nacional de Procuraci\u00f3n de Justicia (CNPJ) efectuada en las oficinas centrales en la Ciudad de M\u00e9xico, con la finalidad de fortalecer temas en el \u00e1mbito de la procuraci\u00f3n de justicia y de seguridad.<\/p>\n\n\n\n<p>A la reuni\u00f3n, que estuvo encabezada por el fiscal General de la Rep\u00fablica, Alejandro Gertz Manero y el presidente de la Suprema Corte de Justicia de la Naci\u00f3n (SCJN), Arturo Zald\u00edvar Lelo de Larrea, tambi\u00e9n acudi\u00f3 la titular de la PJGE en la entidad, Ernestina Carro Rold\u00e1n, as\u00ed como las y los fiscales y procuradores de todo el pa\u00eds.<\/p>\n\n\n\n<p>Donde a trav\u00e9s del di\u00e1logo abordaron temas como: prisi\u00f3n preventiva oficiosa, telefon\u00eda con jueces federales, el retraso en las audiencias en el \u00e1mbito federal, la desaparici\u00f3n forzada y el feminicidio.<\/p>\n\n\n\n<p>En la mesa, las funcionarias y funcionarios acordaron fortalecer estrategias para el combate a la delincuencia, adem\u00e1s de la investigaci\u00f3n del delito en un ambiente de corresponsabilidad, con apego irrestricto a la ley y a las garant\u00edas individuales.<\/p>\n\n\n\n<p>La administraci\u00f3n estatal refuerza el compromiso de sumar esfuerzos con los diferentes niveles de gobierno para realizar acciones certeras que permitan mantener a Tlaxcala como el estado m\u00e1s seguro del pa\u00eds.<\/p>\n","protected":false},"excerpt":{"rendered":"<p>*Acordaron fortalecer estrategias para el combate a la delincuencia La Procuradur\u00eda General de Justicia del Estado (PGJE) de Tlaxcala particip\u00f3 en la Conferencia Nacional de Procuraci\u00f3n de Justicia (CNPJ) efectuada en las oficinas centrales en la Ciudad de M\u00e9xico, con la finalidad de fortalecer temas en el \u00e1mbito de la procuraci\u00f3n de justicia y de [&hellip;]<\/p>\n","protected":false},"author":4,"featured_media":81707,"comment_status":"open","ping_status":"open","sticky":false,"template":"","format":"standard","meta":{"om_disable_all_campaigns":false,"_monsterinsights_skip_tracking":false,"_monsterinsights_sitenote_active":false,"_monsterinsights_sitenote_note":"","_monsterinsights_sitenote_category":0,"jnews-multi-image_gallery":[],"jnews_single_post":{"subtitle":"","format":"standard","video":"","gallery":"","source_name":"","source_url":"","via_name":"","via_url":"","override_template":"0","override":[{"template":"1","single_blog_custom":"","parallax":"1","fullscreen":"1","layout":"right-sidebar","sidebar":"default-sidebar","second_sidebar":"default-sidebar","sticky_sidebar":"1","share_position":"top","share_float_style":"share-monocrhome","show_share_counter":"1","show_view_counter":"1","show_featured":"1","show_post_meta":"1","show_post_author":"1","show_post_author_image":"1","show_post_date":"1","post_date_format":"default","post_date_format_custom":"Y\/m\/d","show_post_category":"1","show_post_reading_time":"0","post_reading_time_wpm":"300","show_zoom_button":"0","zoom_button_out_step":"2","zoom_button_in_step":"3","show_post_tag":"1","show_prev_next_post":"1","show_popup_post":"1","number_popup_post":"1","show_author_box":"1","show_post_related":"0","show_inline_post_related":"0"}],"override_image_size":"0","image_override":[{"single_post_thumbnail_size":"crop-500","single_post_gallery_size":"crop-500"}],"trending_post":"0","trending_post_position":"meta","trending_post_label":"Trending","sponsored_post":"0","sponsored_post_label":"Sponsored by","sponsored_post_name":"","sponsored_post_url":"","sponsored_post_logo_enable":"0","sponsored_post_logo":"","sponsored_post_desc":"","disable_ad":"0"},"jnews_primary_category":{"id":""},"footnotes":""},"categories":[43,52],"tags":[150,110,91,96],"class_list":["post-81706","post","type-post","status-publish","format-standard","has-post-thumbnail","hentry","category-estado","category-gobierno-de-tlaxcala","tag-gobierno-del-estado","tag-municipios","tag-pgje","tag-tlaxcala"],"aioseo_notices":[],"_links":{"self":[{"href":"https:\/\/estado29.mx\/index.php?rest_route=\/wp\/v2\/posts\/81706","targetHints":{"allow":["GET"]}}],"collection":[{"href":"https:\/\/estado29.mx\/index.php?rest_route=\/wp\/v2\/posts"}],"about":[{"href":"https:\/\/estado29.mx\/index.php?rest_route=\/wp\/v2\/types\/post"}],"author":[{"embeddable":true,"href":"https:\/\/estado29.mx\/index.php?rest_route=\/wp\/v2\/users\/4"}],"replies":[{"embeddable":true,"href":"https:\/\/estado29.mx\/index.php?rest_route=%2Fwp%2Fv2%2Fcomments&post=81706"}],"version-history":[{"count":1,"href":"https:\/\/estado29.mx\/index.php?rest_route=\/wp\/v2\/posts\/81706\/revisions"}],"predecessor-version":[{"id":81708,"href":"https:\/\/estado29.mx\/index.php?rest_route=\/wp\/v2\/posts\/81706\/revisions\/81708"}],"wp:featuredmedia":[{"embeddable":true,"href":"https:\/\/estado29.mx\/index.php?rest_route=\/wp\/v2\/media\/81707"}],"wp:attachment":[{"href":"https:\/\/estado29.mx\/index.php?rest_route=%2Fwp%2Fv2%2Fmedia&parent=81706"}],"wp:term":[{"taxonomy":"category","embeddable":true,"href":"https:\/\/estado29.mx\/index.php?rest_route=%2Fwp%2Fv2%2Fcategories&post=81706"},{"taxonomy":"post_tag","embeddable":true,"href":"https:\/\/estado29.mx\/index.php?rest_route=%2Fwp%2Fv2%2Ftags&post=81706"}],"curies":[{"name":"wp","href":"https:\/\/api.w.org\/{rel}","templated":true}]}}