{"id":81709,"date":"2022-09-07T12:41:24","date_gmt":"2022-09-07T12:41:24","guid":{"rendered":"https:\/\/estado29.mx\/?p=81709"},"modified":"2022-09-07T12:41:25","modified_gmt":"2022-09-07T12:41:25","slug":"realiza-sia-primera-feria-del-conocimiento-ciencia-e-innovacion-tecnologica-de-las-instituciones-educativas-para-el-campo","status":"publish","type":"post","link":"https:\/\/estado29.mx\/?p=81709","title":{"rendered":"Realiza SIA primera feria del conocimiento, ciencia e innovaci\u00f3n tecnol\u00f3gica de las instituciones educativas para el campo"},"content":{"rendered":"\n<p>*Se firm\u00f3 convenio con el Inifap y hubo exposiciones y ponencias<\/p>\n\n\n\n<p>Con el objetivo de ofrecer el conocimiento que genera la investigaci\u00f3n en las diversas universidades, colegios y tecnol\u00f3gicos referente a la agricultura, el gobierno del estado, a trav\u00e9s de la Secretar\u00eda de Impulso Agropecuario (SIA), realiz\u00f3 la \u201cPrimera Feria del Conocimiento, Ciencia e Innovaci\u00f3n Tecnol\u00f3gica de las Instituciones Educativas para el Campo\u201d, en el domo blanco del recinto ferial de Tlaxcala, en donde participaron 16 escuelas, 19 expositores y 17 agroempresas locales.<\/p>\n\n\n\n<p>Para el titular de la Secretar\u00eda de Gobierno (Segob), Sergio Gonz\u00e1lez Hern\u00e1ndez, la transformaci\u00f3n del campo es una prioridad, ya que \u201ccomo lo ha propuesto nuestro presidente Andr\u00e9s Manuel L\u00f3pez Obrador y como tambi\u00e9n lo tiene presente nuestra gobernadora Lorena Cu\u00e9llar Cisneros, quiero decirles que no vamos a permitir en Tlaxcala que el destino nos alcance, me refiero a que nosotros tenemos que ir un paso adelante innovando, cambiando aspectos del orden cultural que han estado presentes por muchos a\u00f1os en el campo, hoy requerimos tambi\u00e9n la voluntad de nuestros compa\u00f1eros productores, mujeres y hombres que todos los d\u00edas luchan por arrancarle el producto al campo y con ello tambi\u00e9n darle sustento y vida a este estado de Tlaxcala\u201d.<\/p>\n\n\n\n<p>Gonz\u00e1lez Hern\u00e1ndez agreg\u00f3 que se vive \u201cun momento muy importante, es apenas un a\u00f1o de gobierno, tenemos el tiempo suficiente para trabajar arduamente, hombro con hombro, con las mujeres y con los hombres para hacer productivo, para tener rentabilidad en el campo, para que la gente vea que el campo tambi\u00e9n da para proyectos de vida y eso creo que conjuntamente con las instituciones educativas, con la investigaci\u00f3n que se hace y con la voluntad de las mujeres y hombres del campo, lo vamos a lograr\u201d.<\/p>\n\n\n\n<p>Mencion\u00f3 que el compromiso de la gobernadora es de todo el apoyo para el campo tlaxcalteca, \u201cen el primer a\u00f1o, cuando se propuso la situaci\u00f3n presupuestal, se increment\u00f3 en 100 millones de pesos el presupuesto destinado al campo, cosa que en muchos a\u00f1os no se hab\u00eda hecho\u201d.<\/p>\n\n\n\n<p>En su momento, el secretario de Impulso Agropecuario, Rafael de la Pe\u00f1a Bernal coment\u00f3 que se est\u00e1 escribiendo la nueva historia que ha propuesto la gobernadora, \u201cdebemos reconocer y dignificar la labor de producir alimentos de alta calidad y materia prima para la elaboraci\u00f3n de productos y subproductos\u201d.<\/p>\n\n\n\n<p>Durante el evento se realiz\u00f3 la firma de convenio entre la SIA y el Instituto Nacional de Investigaciones Forestales, Agr\u00edcola y Pecuarias (Inifap), en el cual se busca trabajar de forma coordinada para la producci\u00f3n de semilla de cultivos b\u00e1sicos, entre ellos papa, trigo, ma\u00edz y frijol, as\u00ed como en asuntos forestales al combate de la plaga del descortezador, tambi\u00e9n temas como el uso y el aprovechamiento del agua, y en el manejo ecol\u00f3gico de los cultivos.<\/p>\n\n\n\n<p>En tanto, el encargado del despacho de los asuntos correspondientes a la Direcci\u00f3n General del Inifap, Luis \u00c1ngel Rodr\u00edguez del Bosque, salud\u00f3 a los h\u00e9roes del campo tlaxcalteca, a las productoras y productores, a quienes inform\u00f3 que \u201ctenemos actividades actualmente en desarrollo con parcelas de validaci\u00f3n aqu\u00ed en Tlaxcala, tenemos una parcela de papa donde vamos a cosechar 60 toneladas de papa para semilla, de tal forma que se van a beneficiar m\u00e1s de 60 productores que en los pr\u00f3ximos meses van a sembrar papa\u201d.<\/p>\n\n\n\n<p>En su oportunidad, el director de Agricultura de la SIA, Jos\u00e9 Humberto Vega V\u00e1zquez, habl\u00f3 sobre la importancia de establecer l\u00edneas de investigaci\u00f3n conjunta para resolver los grandes problemas que se tienen en el estado, \u201ccon el clima adverso, con los problemas internacionales que han encarecido exponencialmente los insumos, el costo del fertilizante\u2026 hay el conocimiento necesario, hay varias universidades, centros de investigaci\u00f3n han trabajado y que se puede aprovechar\u201d.<\/p>\n\n\n\n<p>Al finalizar el acto protocolario se realiz\u00f3 un recorrido por los stands donde las instituciones expusieron sus innovaciones tecnol\u00f3gicas, las l\u00edneas de investigaci\u00f3n actuales y realizaron retroalimentaci\u00f3n con las y los productores para conocer las necesidades reales del sector agr\u00edcola, de igual forma las empresas del ramo dieron a conocer sus nuevos insumos para la producci\u00f3n agropecuaria.<\/p>\n\n\n\n<p>Como complemento de la feria del conocimiento, se desarroll\u00f3 una pl\u00e1tica sobre \u201cCiencia y tecnolog\u00eda al servicio de las productoras y productores de Tlaxcala\u201d, a cargo de los investigadores Jos\u00e9 Pablo Cruz Hern\u00e1ndez, Aquiles Carballo Carballo y Gerardo Noriega Altamirano. Asimismo, se ofreci\u00f3 la conferencia magistral \u201cEl durazno como una oportunidad de desarrollo en Tlaxcala\u201d, por parte del investigador Salvador P\u00e9rez Gonz\u00e1lez.<\/p>\n\n\n\n<p>Realiza SIA primera feria del conocimiento, ciencia e innovaci\u00f3n tecnol\u00f3gica de las instituciones educativas para el campo<\/p>\n\n\n\n<p>*Se firm\u00f3 convenio con el Inifap y hubo exposiciones y ponencias<\/p>\n\n\n\n<p>Con el objetivo de ofrecer el conocimiento que genera la investigaci\u00f3n en las diversas universidades, colegios y tecnol\u00f3gicos referente a la agricultura, el gobierno del estado, a trav\u00e9s de la Secretar\u00eda de Impulso Agropecuario (SIA), realiz\u00f3 la \u201cPrimera Feria del Conocimiento, Ciencia e Innovaci\u00f3n Tecnol\u00f3gica de las Instituciones Educativas para el Campo\u201d, en el domo blanco del recinto ferial de Tlaxcala, en donde participaron 16 escuelas, 19 expositores y 17 agroempresas locales.<\/p>\n\n\n\n<p>Para el titular de la Secretar\u00eda de Gobierno (Segob), Sergio Gonz\u00e1lez Hern\u00e1ndez, la transformaci\u00f3n del campo es una prioridad, ya que \u201ccomo lo ha propuesto nuestro presidente Andr\u00e9s Manuel L\u00f3pez Obrador y como tambi\u00e9n lo tiene presente nuestra gobernadora Lorena Cu\u00e9llar Cisneros, quiero decirles que no vamos a permitir en Tlaxcala que el destino nos alcance, me refiero a que nosotros tenemos que ir un paso adelante innovando, cambiando aspectos del orden cultural que han estado presentes por muchos a\u00f1os en el campo, hoy requerimos tambi\u00e9n la voluntad de nuestros compa\u00f1eros productores, mujeres y hombres que todos los d\u00edas luchan por arrancarle el producto al campo y con ello tambi\u00e9n darle sustento y vida a este estado de Tlaxcala\u201d.<\/p>\n\n\n\n<p>Gonz\u00e1lez Hern\u00e1ndez agreg\u00f3 que se vive \u201cun momento muy importante, es apenas un a\u00f1o de gobierno, tenemos el tiempo suficiente para trabajar arduamente, hombro con hombro, con las mujeres y con los hombres para hacer productivo, para tener rentabilidad en el campo, para que la gente vea que el campo tambi\u00e9n da para proyectos de vida y eso creo que conjuntamente con las instituciones educativas, con la investigaci\u00f3n que se hace y con la voluntad de las mujeres y hombres del campo, lo vamos a lograr\u201d.<\/p>\n\n\n\n<p>Mencion\u00f3 que el compromiso de la gobernadora es de todo el apoyo para el campo tlaxcalteca, \u201cen el primer a\u00f1o, cuando se propuso la situaci\u00f3n presupuestal, se increment\u00f3 en 100 millones de pesos el presupuesto destinado al campo, cosa que en muchos a\u00f1os no se hab\u00eda hecho\u201d.<\/p>\n\n\n\n<p>En su momento, el secretario de Impulso Agropecuario, Rafael de la Pe\u00f1a Bernal coment\u00f3 que se est\u00e1 escribiendo la nueva historia que ha propuesto la gobernadora, \u201cdebemos reconocer y dignificar la labor de producir alimentos de alta calidad y materia prima para la elaboraci\u00f3n de productos y subproductos\u201d.<\/p>\n\n\n\n<p>Durante el evento se realiz\u00f3 la firma de convenio entre la SIA y el Instituto Nacional de Investigaciones Forestales, Agr\u00edcola y Pecuarias (Inifap), en el cual se busca trabajar de forma coordinada para la producci\u00f3n de semilla de cultivos b\u00e1sicos, entre ellos papa, trigo, ma\u00edz y frijol, as\u00ed como en asuntos forestales al combate de la plaga del descortezador, tambi\u00e9n temas como el uso y el aprovechamiento del agua, y en el manejo ecol\u00f3gico de los cultivos.<\/p>\n\n\n\n<p>En tanto, el encargado del despacho de los asuntos correspondientes a la Direcci\u00f3n General del Inifap, Luis \u00c1ngel Rodr\u00edguez del Bosque, salud\u00f3 a los h\u00e9roes del campo tlaxcalteca, a las productoras y productores, a quienes inform\u00f3 que \u201ctenemos actividades actualmente en desarrollo con parcelas de validaci\u00f3n aqu\u00ed en Tlaxcala, tenemos una parcela de papa donde vamos a cosechar 60 toneladas de papa para semilla, de tal forma que se van a beneficiar m\u00e1s de 60 productores que en los pr\u00f3ximos meses van a sembrar papa\u201d.<\/p>\n\n\n\n<p>En su oportunidad, el director de Agricultura de la SIA, Jos\u00e9 Humberto Vega V\u00e1zquez, habl\u00f3 sobre la importancia de establecer l\u00edneas de investigaci\u00f3n conjunta para resolver los grandes problemas que se tienen en el estado, \u201ccon el clima adverso, con los problemas internacionales que han encarecido exponencialmente los insumos, el costo del fertilizante\u2026 hay el conocimiento necesario, hay varias universidades, centros de investigaci\u00f3n han trabajado y que se puede aprovechar\u201d.<\/p>\n\n\n\n<p>Al finalizar el acto protocolario se realiz\u00f3 un recorrido por los stands donde las instituciones expusieron sus innovaciones tecnol\u00f3gicas, las l\u00edneas de investigaci\u00f3n actuales y realizaron retroalimentaci\u00f3n con las y los productores para conocer las necesidades reales del sector agr\u00edcola, de igual forma las empresas del ramo dieron a conocer sus nuevos insumos para la producci\u00f3n agropecuaria.<\/p>\n\n\n\n<p>Como complemento de la feria del conocimiento, se desarroll\u00f3 una pl\u00e1tica sobre \u201cCiencia y tecnolog\u00eda al servicio de las productoras y productores de Tlaxcala\u201d, a cargo de los investigadores Jos\u00e9 Pablo Cruz Hern\u00e1ndez, Aquiles Carballo Carballo y Gerardo Noriega Altamirano. Asimismo, se ofreci\u00f3 la conferencia magistral \u201cEl durazno como una oportunidad de desarrollo en Tlaxcala\u201d, por parte del investigador Salvador P\u00e9rez Gonz\u00e1lez.<\/p>\n","protected":false},"excerpt":{"rendered":"<p>*Se firm\u00f3 convenio con el Inifap y hubo exposiciones y ponencias Con el objetivo de ofrecer el conocimiento que genera la investigaci\u00f3n en las diversas universidades, colegios y tecnol\u00f3gicos referente a la agricultura, el gobierno del estado, a trav\u00e9s de la Secretar\u00eda de Impulso Agropecuario (SIA), realiz\u00f3 la \u201cPrimera Feria del Conocimiento, Ciencia e Innovaci\u00f3n [&hellip;]<\/p>\n","protected":false},"author":4,"featured_media":81710,"comment_status":"open","ping_status":"open","sticky":false,"template":"","format":"standard","meta":{"om_disable_all_campaigns":false,"_monsterinsights_skip_tracking":false,"_monsterinsights_sitenote_active":false,"_monsterinsights_sitenote_note":"","_monsterinsights_sitenote_category":0,"jnews-multi-image_gallery":[],"jnews_single_post":{"subtitle":"","format":"standard","video":"","gallery":"","source_name":"","source_url":"","via_name":"","via_url":"","override_template":"0","override":[{"template":"1","single_blog_custom":"","parallax":"1","fullscreen":"1","layout":"right-sidebar","sidebar":"default-sidebar","second_sidebar":"default-sidebar","sticky_sidebar":"1","share_position":"top","share_float_style":"share-monocrhome","show_share_counter":"1","show_view_counter":"1","show_featured":"1","show_post_meta":"1","show_post_author":"1","show_post_author_image":"1","show_post_date":"1","post_date_format":"default","post_date_format_custom":"Y\/m\/d","show_post_category":"1","show_post_reading_time":"0","post_reading_time_wpm":"300","show_zoom_button":"0","zoom_button_out_step":"2","zoom_button_in_step":"3","show_post_tag":"1","show_prev_next_post":"1","show_popup_post":"1","number_popup_post":"1","show_author_box":"1","show_post_related":"0","show_inline_post_related":"0"}],"override_image_size":"0","image_override":[{"single_post_thumbnail_size":"crop-500","single_post_gallery_size":"crop-500"}],"trending_post":"0","trending_post_position":"meta","trending_post_label":"Trending","sponsored_post":"0","sponsored_post_label":"Sponsored by","sponsored_post_name":"","sponsored_post_url":"","sponsored_post_logo_enable":"0","sponsored_post_logo":"","sponsored_post_desc":"","disable_ad":"0"},"jnews_primary_category":{"id":""},"footnotes":""},"categories":[43,52],"tags":[150,110,275,96],"class_list":["post-81709","post","type-post","status-publish","format-standard","has-post-thumbnail","hentry","category-estado","category-gobierno-de-tlaxcala","tag-gobierno-del-estado","tag-municipios","tag-sia","tag-tlaxcala"],"aioseo_notices":[],"_links":{"self":[{"href":"https:\/\/estado29.mx\/index.php?rest_route=\/wp\/v2\/posts\/81709","targetHints":{"allow":["GET"]}}],"collection":[{"href":"https:\/\/estado29.mx\/index.php?rest_route=\/wp\/v2\/posts"}],"about":[{"href":"https:\/\/estado29.mx\/index.php?rest_route=\/wp\/v2\/types\/post"}],"author":[{"embeddable":true,"href":"https:\/\/estado29.mx\/index.php?rest_route=\/wp\/v2\/users\/4"}],"replies":[{"embeddable":true,"href":"https:\/\/estado29.mx\/index.php?rest_route=%2Fwp%2Fv2%2Fcomments&post=81709"}],"version-history":[{"count":1,"href":"https:\/\/estado29.mx\/index.php?rest_route=\/wp\/v2\/posts\/81709\/revisions"}],"predecessor-version":[{"id":81711,"href":"https:\/\/estado29.mx\/index.php?rest_route=\/wp\/v2\/posts\/81709\/revisions\/81711"}],"wp:featuredmedia":[{"embeddable":true,"href":"https:\/\/estado29.mx\/index.php?rest_route=\/wp\/v2\/media\/81710"}],"wp:attachment":[{"href":"https:\/\/estado29.mx\/index.php?rest_route=%2Fwp%2Fv2%2Fmedia&parent=81709"}],"wp:term":[{"taxonomy":"category","embeddable":true,"href":"https:\/\/estado29.mx\/index.php?rest_route=%2Fwp%2Fv2%2Fcategories&post=81709"},{"taxonomy":"post_tag","embeddable":true,"href":"https:\/\/estado29.mx\/index.php?rest_route=%2Fwp%2Fv2%2Ftags&post=81709"}],"curies":[{"name":"wp","href":"https:\/\/api.w.org\/{rel}","templated":true}]}}