{"id":81718,"date":"2022-09-07T12:47:39","date_gmt":"2022-09-07T12:47:39","guid":{"rendered":"https:\/\/estado29.mx\/?p=81718"},"modified":"2022-09-07T12:47:40","modified_gmt":"2022-09-07T12:47:40","slug":"en-tlaxcala-hay-respeto-al-libre-ejercicio-de-doctrina-y-dh-segob","status":"publish","type":"post","link":"https:\/\/estado29.mx\/?p=81718","title":{"rendered":"En Tlaxcala, hay respeto al libre ejercicio de doctrina y DH: SEGOB"},"content":{"rendered":"\n<p>*Inauguran el foro \u201cLibertad Religiosa y Derechos Humanos\u201d<\/p>\n\n\n\n<p>El gobierno que encabeza Lorena Cu\u00e9llar Cisneros promueve y garantiza el respeto a los derechos humanos de sus ciudadanos, as\u00ed como el libre ejercicio de doctrina, afirm\u00f3 el titular de la Secretar\u00eda de Gobierno (Segob), Sergio Gonz\u00e1lez Hern\u00e1ndez, al inaugurar el foro \u201cLibertad Religiosa y Derechos Humanos\u201d, organizado por el Consejo Interreligioso del Estado de Tlaxcala y la Fundaci\u00f3n Conciencia Nacional por la Libertad Religiosa A.C.<\/p>\n\n\n\n<p>En el auditorio interactivo \u201cManuel de Lardiz\u00e1bal y Uribe\u201d de la Facultad de Derecho, Ciencias Pol\u00edticas y Criminolog\u00eda de la Universidad Aut\u00f3noma de Tlaxcala (UATx), el encargado de la pol\u00edtica interna afirm\u00f3 que \u201cen el estado se goza de libertad para realizar todo tipo de actividades y doctrinas y que los encuentros interreligiosos de esta magnitud son muy valiosos porque coadyuvan con el gobierno en las tareas del orden social\u201d.<\/p>\n\n\n\n<p>Ante estudiantes de primer semestre de la Facultad de Derecho, Gonz\u00e1lez Hern\u00e1ndez reiter\u00f3 que desde el gobierno de Tlaxcala se trabaja en la defensa de los Derechos Humanos, \u201ces un valor que nosotros tenemos que acrecentar como personas para ser mejores ciudadanos y que todo el capital humano que tenemos, realice tareas de conciencia y actividad social que permitan tener un mejor Tlaxcala\u201d.<\/p>\n\n\n\n<p>Durante las ponencias, el director de Evaluaci\u00f3n y Seguimiento del Sistema de Justicia Penal de la Secretar\u00eda de Gobernaci\u00f3n, Rafael Hern\u00e1ndez Hern\u00e1ndez destac\u00f3 que el gobierno del estado garantiza el cumplimiento al art\u00edculo 24 de la Carta Magna que se\u00f1ala las libertades de conciencia y de religi\u00f3n, y que adem\u00e1s est\u00e1n integradas en el Plan Estatal de Desarrollo (PED).<\/p>\n\n\n\n<p>\u201cDentro del eje denominado \u2018Pol\u00edtica\u2019 se estableci\u00f3 el apartado, respeto y cumplimiento de los derechos humanos y dentro del programa n\u00famero tres, referente a los derechos humanos de los tlaxcaltecas y su objetivo es garantizar, prevenir y proteger los derechos humanos de todas las personas dentro del territorio tlaxcalteca\u201d, apunt\u00f3.<\/p>\n\n\n\n<p>Hern\u00e1ndez Hern\u00e1ndez agreg\u00f3 que la gobernadora del estado es una persona con un alto nivel de sensibilidad hacia nuestros semejantes, pues sobre \u201cla toma de conciencia de la sociedad, antes no se hablaba de ella; sin embargo, ella ha instruido a los servidores a conducirse con una aut\u00e9ntica cultura de paz, promover una sociedad sin violencia e incluyente\u201d.<\/p>\n\n\n\n<p>Los temas de las ponencias fueron: \u201cLibertad Religiosa y Derechos Humanos\u201d, a cargo de la pastora y presidenta del Consejo Interreligioso del Estado de Tlaxcala, Mar\u00eda Elena Brindis; y \u201cLibertad Religiosa y Derechos Humanos, por parte del director general de Conciencia Nacional por la Libertad Religiosa, Christian Badillo Guti\u00e9rrez.<\/p>\n\n\n\n<p>Al foro tambi\u00e9n asistieron l\u00edderes religiosos, acad\u00e9micos y sociedad civil en general.<\/p>\n","protected":false},"excerpt":{"rendered":"<p>*Inauguran el foro \u201cLibertad Religiosa y Derechos Humanos\u201d El gobierno que encabeza Lorena Cu\u00e9llar Cisneros promueve y garantiza el respeto a los derechos humanos de sus ciudadanos, as\u00ed como el libre ejercicio de doctrina, afirm\u00f3 el titular de la Secretar\u00eda de Gobierno (Segob), Sergio Gonz\u00e1lez Hern\u00e1ndez, al inaugurar el foro \u201cLibertad Religiosa y Derechos Humanos\u201d, [&hellip;]<\/p>\n","protected":false},"author":4,"featured_media":81719,"comment_status":"open","ping_status":"open","sticky":false,"template":"","format":"standard","meta":{"om_disable_all_campaigns":false,"_monsterinsights_skip_tracking":false,"_monsterinsights_sitenote_active":false,"_monsterinsights_sitenote_note":"","_monsterinsights_sitenote_category":0,"jnews-multi-image_gallery":[],"jnews_single_post":{"subtitle":"","format":"standard","video":"","gallery":"","source_name":"","source_url":"","via_name":"","via_url":"","override_template":"0","override":[{"template":"1","single_blog_custom":"","parallax":"1","fullscreen":"1","layout":"right-sidebar","sidebar":"default-sidebar","second_sidebar":"default-sidebar","sticky_sidebar":"1","share_position":"top","share_float_style":"share-monocrhome","show_share_counter":"1","show_view_counter":"1","show_featured":"1","show_post_meta":"1","show_post_author":"1","show_post_author_image":"1","show_post_date":"1","post_date_format":"default","post_date_format_custom":"Y\/m\/d","show_post_category":"1","show_post_reading_time":"0","post_reading_time_wpm":"300","show_zoom_button":"0","zoom_button_out_step":"2","zoom_button_in_step":"3","show_post_tag":"1","show_prev_next_post":"1","show_popup_post":"1","number_popup_post":"1","show_author_box":"1","show_post_related":"0","show_inline_post_related":"0"}],"override_image_size":"0","image_override":[{"single_post_thumbnail_size":"crop-500","single_post_gallery_size":"crop-500"}],"trending_post":"0","trending_post_position":"meta","trending_post_label":"Trending","sponsored_post":"0","sponsored_post_label":"Sponsored by","sponsored_post_name":"","sponsored_post_url":"","sponsored_post_logo_enable":"0","sponsored_post_logo":"","sponsored_post_desc":"","disable_ad":"0"},"jnews_primary_category":{"id":""},"footnotes":""},"categories":[43,52],"tags":[150,110,96],"class_list":["post-81718","post","type-post","status-publish","format-standard","has-post-thumbnail","hentry","category-estado","category-gobierno-de-tlaxcala","tag-gobierno-del-estado","tag-municipios","tag-tlaxcala"],"aioseo_notices":[],"_links":{"self":[{"href":"https:\/\/estado29.mx\/index.php?rest_route=\/wp\/v2\/posts\/81718","targetHints":{"allow":["GET"]}}],"collection":[{"href":"https:\/\/estado29.mx\/index.php?rest_route=\/wp\/v2\/posts"}],"about":[{"href":"https:\/\/estado29.mx\/index.php?rest_route=\/wp\/v2\/types\/post"}],"author":[{"embeddable":true,"href":"https:\/\/estado29.mx\/index.php?rest_route=\/wp\/v2\/users\/4"}],"replies":[{"embeddable":true,"href":"https:\/\/estado29.mx\/index.php?rest_route=%2Fwp%2Fv2%2Fcomments&post=81718"}],"version-history":[{"count":1,"href":"https:\/\/estado29.mx\/index.php?rest_route=\/wp\/v2\/posts\/81718\/revisions"}],"predecessor-version":[{"id":81720,"href":"https:\/\/estado29.mx\/index.php?rest_route=\/wp\/v2\/posts\/81718\/revisions\/81720"}],"wp:featuredmedia":[{"embeddable":true,"href":"https:\/\/estado29.mx\/index.php?rest_route=\/wp\/v2\/media\/81719"}],"wp:attachment":[{"href":"https:\/\/estado29.mx\/index.php?rest_route=%2Fwp%2Fv2%2Fmedia&parent=81718"}],"wp:term":[{"taxonomy":"category","embeddable":true,"href":"https:\/\/estado29.mx\/index.php?rest_route=%2Fwp%2Fv2%2Fcategories&post=81718"},{"taxonomy":"post_tag","embeddable":true,"href":"https:\/\/estado29.mx\/index.php?rest_route=%2Fwp%2Fv2%2Ftags&post=81718"}],"curies":[{"name":"wp","href":"https:\/\/api.w.org\/{rel}","templated":true}]}}