{"id":81721,"date":"2022-09-07T12:49:26","date_gmt":"2022-09-07T12:49:26","guid":{"rendered":"https:\/\/estado29.mx\/?p=81721"},"modified":"2022-09-07T12:49:27","modified_gmt":"2022-09-07T12:49:27","slug":"instalo-coepes-tlaxcala-instancia-de-vinculacion-consulta-y-participacion-social","status":"publish","type":"post","link":"https:\/\/estado29.mx\/?p=81721","title":{"rendered":"Instal\u00f3 coepes-Tlaxcala instancia de vinculaci\u00f3n, consulta y participaci\u00f3n social"},"content":{"rendered":"\n<p>*Servir\u00e1 para fortalecer el sistema local de educaci\u00f3n superior<\/p>\n\n\n\n<p>El secretario de Educaci\u00f3n P\u00fablica local, Homero Meneses Hern\u00e1ndez nombr\u00f3 a los integrantes de la Instancia de Vinculaci\u00f3n, Consulta y Participaci\u00f3n Social que fungir\u00e1 como \u00f3rgano auxiliar de la Comisi\u00f3n Estatal para la Planeaci\u00f3n de la Educaci\u00f3n Superior (Coepes) en Tlaxcala, con el objetivo de colaborar en el fortalecimiento de los programas de estudio de las distintas instituciones p\u00fablicas de este nivel de formaci\u00f3n.<\/p>\n\n\n\n<p>Durante la segunda sesi\u00f3n ordinaria del Coepes realizada en la Universidad Pedag\u00f3gica Nacional (UPN), unidad 291, el funcionario estatal destac\u00f3 que para obtener resultados \u00f3ptimos en la formaci\u00f3n de las y los j\u00f3venes profesionistas es necesario el trabajo coordinado y en concurrencia con las autoridades de los tres niveles de gobierno.<\/p>\n\n\n\n<p>\u201cLa Ley General de Educaci\u00f3n Superior est\u00e1 regida por distintos principios de articulaci\u00f3n y conceptos que convocan al entendimiento \u00e9tico y profesional, que ponen por delante la coordinaci\u00f3n y vinculaci\u00f3n entre todos, por eso es importante saber el papel de las instituciones de educaci\u00f3n superior del estado y ver de qu\u00e9 forma apoyarnos y fortalecernos a favor de la educaci\u00f3n\u201d, resalt\u00f3.<\/p>\n\n\n\n<p>En su intervenci\u00f3n, el coordinador de Proyectos Especiales y Vinculaci\u00f3n Social de la Subsecretar\u00eda de Educaci\u00f3n Superior de la Secretar\u00eda de Educaci\u00f3n P\u00fablica (SEP) federal, Ram\u00f3n C\u00e1rdenas Villarreal, subray\u00f3 que la educaci\u00f3n es una herramienta fundamental para la transformaci\u00f3n y el desarrollo del pa\u00eds, de ah\u00ed la importancia de generar v\u00ednculos con todos los sectores de la sociedad.<\/p>\n\n\n\n<p>\u201cLa oferta educativa tiene que ir de la mano con las necesidades de la poblaci\u00f3n, con la realidad territorial y que esta sirva para el propio desarrollo de las comunidades, la instancia de vinculaci\u00f3n que se constituye en Tlaxcala ser\u00e1 nuestra herramienta para recibir propuestas y analizar temas que tengan que ver con el desarrollo de la entidad\u201d, remarc\u00f3.<\/p>\n\n\n\n<p>En tanto, el rector de la Universidad Aut\u00f3noma de Tlaxcala (UATx), Seraf\u00edn Ortiz Ortiz expuso que el proceso formativo de la m\u00e1xima casa de estudios prioriza el sentido de humanizaci\u00f3n de los estudiantes para que \u201csalgan convencidos de que la convivencia social se construye a trav\u00e9s del reforzamiento de valores magnificados en la igualdad, la seguridad, la propiedad y su respeto\u201d.<\/p>\n\n\n\n<p>A la instalaci\u00f3n oficial de la Instancia de Vinculaci\u00f3n, Consulta y Participaci\u00f3n Social fueron convocados la presidenta honorifica del Comit\u00e9 Consultivo de Bienestar y Desarrollo Social del estado, Fernanda Espinosa de los Monteros Cu\u00e9llar; el presidente de la Confederaci\u00f3n Patronal de la Rep\u00fablica Mexicana (Coparmex) en Tlaxcala, No\u00e9 Altamirano Islas; el director general del Colegio Nacional de Educaci\u00f3n Profesional T\u00e9cnica (Conalep), Moctezuma Bautista V\u00e1zquez; y el director de la licenciatura en Derecho de la Universidad del Valle de Tlaxcala (UVT), Norberto S\u00e1nchez Briones.<\/p>\n\n\n\n<p>As\u00ed como por los rectores de las Universidades Tecnol\u00f3gica de Tlaxcala (UTT), Marco Castillo Hern\u00e1ndez; Metropolitana de Tlaxcala (UMT), Marcelina Cruz Ordaz; el director del Instituto Tecnol\u00f3gico del Altiplano de Tlaxcala (ITAT), Miguel \u00c1ngel Couoh Novelo; y el gerente general del Fideicomiso de Ciudad Industrial Xicoht\u00e9ncatl (Fidecix), Humberto Mac\u00edas Romero, los dos \u00faltimos son los encargados de coordinar los trabajos.<\/p>\n","protected":false},"excerpt":{"rendered":"<p>*Servir\u00e1 para fortalecer el sistema local de educaci\u00f3n superior El secretario de Educaci\u00f3n P\u00fablica local, Homero Meneses Hern\u00e1ndez nombr\u00f3 a los integrantes de la Instancia de Vinculaci\u00f3n, Consulta y Participaci\u00f3n Social que fungir\u00e1 como \u00f3rgano auxiliar de la Comisi\u00f3n Estatal para la Planeaci\u00f3n de la Educaci\u00f3n Superior (Coepes) en Tlaxcala, con el objetivo de colaborar [&hellip;]<\/p>\n","protected":false},"author":4,"featured_media":81722,"comment_status":"open","ping_status":"open","sticky":false,"template":"","format":"standard","meta":{"om_disable_all_campaigns":false,"_monsterinsights_skip_tracking":false,"_monsterinsights_sitenote_active":false,"_monsterinsights_sitenote_note":"","_monsterinsights_sitenote_category":0,"jnews-multi-image_gallery":[],"jnews_single_post":{"subtitle":"","format":"standard","video":"","gallery":"","source_name":"","source_url":"","via_name":"","via_url":"","override_template":"0","override":[{"template":"1","single_blog_custom":"","parallax":"1","fullscreen":"1","layout":"right-sidebar","sidebar":"default-sidebar","second_sidebar":"default-sidebar","sticky_sidebar":"1","share_position":"top","share_float_style":"share-monocrhome","show_share_counter":"1","show_view_counter":"1","show_featured":"1","show_post_meta":"1","show_post_author":"1","show_post_author_image":"1","show_post_date":"1","post_date_format":"default","post_date_format_custom":"Y\/m\/d","show_post_category":"1","show_post_reading_time":"0","post_reading_time_wpm":"300","show_zoom_button":"0","zoom_button_out_step":"2","zoom_button_in_step":"3","show_post_tag":"1","show_prev_next_post":"1","show_popup_post":"1","number_popup_post":"1","show_author_box":"1","show_post_related":"0","show_inline_post_related":"0"}],"override_image_size":"0","image_override":[{"single_post_thumbnail_size":"crop-500","single_post_gallery_size":"crop-500"}],"trending_post":"0","trending_post_position":"meta","trending_post_label":"Trending","sponsored_post":"0","sponsored_post_label":"Sponsored by","sponsored_post_name":"","sponsored_post_url":"","sponsored_post_logo_enable":"0","sponsored_post_logo":"","sponsored_post_desc":"","disable_ad":"0"},"jnews_primary_category":{"id":""},"footnotes":""},"categories":[43,52],"tags":[150,110,96,745],"class_list":["post-81721","post","type-post","status-publish","format-standard","has-post-thumbnail","hentry","category-estado","category-gobierno-de-tlaxcala","tag-gobierno-del-estado","tag-municipios","tag-tlaxcala","tag-upn"],"aioseo_notices":[],"_links":{"self":[{"href":"https:\/\/estado29.mx\/index.php?rest_route=\/wp\/v2\/posts\/81721","targetHints":{"allow":["GET"]}}],"collection":[{"href":"https:\/\/estado29.mx\/index.php?rest_route=\/wp\/v2\/posts"}],"about":[{"href":"https:\/\/estado29.mx\/index.php?rest_route=\/wp\/v2\/types\/post"}],"author":[{"embeddable":true,"href":"https:\/\/estado29.mx\/index.php?rest_route=\/wp\/v2\/users\/4"}],"replies":[{"embeddable":true,"href":"https:\/\/estado29.mx\/index.php?rest_route=%2Fwp%2Fv2%2Fcomments&post=81721"}],"version-history":[{"count":1,"href":"https:\/\/estado29.mx\/index.php?rest_route=\/wp\/v2\/posts\/81721\/revisions"}],"predecessor-version":[{"id":81723,"href":"https:\/\/estado29.mx\/index.php?rest_route=\/wp\/v2\/posts\/81721\/revisions\/81723"}],"wp:featuredmedia":[{"embeddable":true,"href":"https:\/\/estado29.mx\/index.php?rest_route=\/wp\/v2\/media\/81722"}],"wp:attachment":[{"href":"https:\/\/estado29.mx\/index.php?rest_route=%2Fwp%2Fv2%2Fmedia&parent=81721"}],"wp:term":[{"taxonomy":"category","embeddable":true,"href":"https:\/\/estado29.mx\/index.php?rest_route=%2Fwp%2Fv2%2Fcategories&post=81721"},{"taxonomy":"post_tag","embeddable":true,"href":"https:\/\/estado29.mx\/index.php?rest_route=%2Fwp%2Fv2%2Ftags&post=81721"}],"curies":[{"name":"wp","href":"https:\/\/api.w.org\/{rel}","templated":true}]}}