{"id":81923,"date":"2022-09-15T12:21:26","date_gmt":"2022-09-15T12:21:26","guid":{"rendered":"https:\/\/estado29.mx\/?p=81923"},"modified":"2022-09-15T12:21:27","modified_gmt":"2022-09-15T12:21:27","slug":"lanza-gobierno-del-estado-estrategia-movil-para-prevenir-suicidios-en-los-municipios","status":"publish","type":"post","link":"https:\/\/estado29.mx\/?p=81923","title":{"rendered":"Lanza gobierno del estado estrategia m\u00f3vil para prevenir suicidios en los municipios"},"content":{"rendered":"\n<p>*En coordinaci\u00f3n, gobierno del estado, Cesesp y Sedif dieron el banderazo de inicio del m\u00f3dulo itinerante \u201cPlatiquemos, una nueva historia de vida\u201d<\/p>\n\n\n\n<p>La gobernadora Lorena Cu\u00e9llar Cisneros, junto con la presidenta honor\u00edfica del Sistema Estatal DIF, Mariana Espinosa de los Monteros Cu\u00e9llar, dio el banderazo de salida al m\u00f3dulo itinerante \u201cPlatiquemos, una nueva historia de vida\u201d, enfocado a prevenir el suicidio desde los municipios con atenci\u00f3n psicol\u00f3gica gratuita.<\/p>\n\n\n\n<p>El arranque de la unidad m\u00f3vil de ayuda psicol\u00f3gica que recorrer\u00e1 12 municipios del estado, en una primera etapa, se llev\u00f3 a cabo en la explanada del Centro Expositor de Tlaxcala, en el que estuvieron presentes la directora general del Sistema Estatal DIF, Flor L\u00f3pez Hinojosa; el comisionado Ejecutivo de Seguridad P\u00fablica (Cesesp), Maximino Hern\u00e1ndez Pulido; as\u00ed como el director del Centro Estatal de Informaci\u00f3n, Alejandro Di Grazia Rao.<\/p>\n\n\n\n<p>Al respecto, la gobernadora Cu\u00e9llar Cisneros se dirigi\u00f3 a las y los alumnos del Colegio de Bachilleres de Tlaxcala (Cobat), plantel 24 de Tizatl\u00e1n, que asistieron al evento, a quienes les coment\u00f3 que tambi\u00e9n pueden ayudar a salvar vidas identificando se\u00f1ales de alerta entre sus amigos y compa\u00f1eros, pidiendo ayuda al 911 y acerc\u00e1ndose al m\u00f3dulo itinerante.<\/p>\n\n\n\n<p>\u201cEste gobierno lo que quiere es escucharlos a trav\u00e9s de las diferentes dependencias, para poder mitigar las causas que generan estos problemas, por eso presentamos este m\u00f3dulo itinerante para la prevenci\u00f3n del suicidio que hemos denominado \u2018Platiquemos, una nueva historia de vida\u2019, todos los d\u00edas trabajamos para escribir una nueva historia para Tlaxcala, pero tambi\u00e9n nos interesa mucho ir formando historias de vida, felicidad, alegr\u00eda para los j\u00f3venes, enfrentando con ayuda profesional las crisis por las que est\u00e1n atravesando\u201d, recalc\u00f3 la mandataria.<\/p>\n\n\n\n<p>Cu\u00e9llar Cisneros dijo que no hay se\u00f1ales menores de alerta, sino que todas se deben atender para evitar desenlaces fatales.<\/p>\n\n\n\n<p>En su oportunidad, la presidenta honor\u00edfica del Sedif, Mariana Espinosa de los Monteros expuso que este problema de salud p\u00fablica es m\u00e1s recurrente en j\u00f3venes y adultos mayores, con quienes debe existir una cercan\u00eda para contener los casos y disminuir el \u00edndice de suicidios en Tlaxcala.<\/p>\n\n\n\n<p>Agreg\u00f3 que a pesar de que Tlaxcala ya cuenta con una l\u00ednea de atenci\u00f3n psicol\u00f3gica en el 911, \u201csiempre sabemos que la llamada telef\u00f3nica no es lo mismo a estar cerca de las personas, por eso la idea de contar con una unidad m\u00f3vil y llegar a las comunidades, a las familias, tocar los corazones de la gente que as\u00ed lo necesita, ser\u00e1 la primera forma de detectar, contener y canalizar casos a los DIF municipales y a la Secretar\u00eda de Salud, para darles un seguimiento y acompa\u00f1ar a las personas en esos momentos dif\u00edciles y evitar casos lamentables\u201d.<\/p>\n\n\n\n<p>En tanto, Di Grazia Rao inform\u00f3 que en Tlaxcala se han registrado del 1 de septiembre de 2021 a la fecha, 114 amenazas de suicidio y 85 actos consumados, estos casos han tenido seguimiento psicol\u00f3gico de la Secretar\u00eda de Salud y del Sedif, de ah\u00ed la importancia de contar con m\u00e1s mecanismos para disminuir la incidencia de este problema de salud p\u00fablica en la entidad.<\/p>\n\n\n\n<p>En la unidad itinerante participan 29 psic\u00f3logos, con equipos de cinco profesionales cada s\u00e1bado con un horario de 9:00 a 13: 00 horas, en las explanadas principales de 12 municipios, iniciando en Tlaxcala, Tlaxco, Chiautempan, Apizaco, Huamantla, Calpulalpan, San Pablo del Monte, Yauhquemehcan, Nanacamilpa, Tzompantepec, Santa Cruz Tlaxcala y Tetla, en una primera etapa.<\/p>\n","protected":false},"excerpt":{"rendered":"<p>*En coordinaci\u00f3n, gobierno del estado, Cesesp y Sedif dieron el banderazo de inicio del m\u00f3dulo itinerante \u201cPlatiquemos, una nueva historia de vida\u201d La gobernadora Lorena Cu\u00e9llar Cisneros, junto con la presidenta honor\u00edfica del Sistema Estatal DIF, Mariana Espinosa de los Monteros Cu\u00e9llar, dio el banderazo de salida al m\u00f3dulo itinerante \u201cPlatiquemos, una nueva historia de [&hellip;]<\/p>\n","protected":false},"author":4,"featured_media":81924,"comment_status":"open","ping_status":"open","sticky":false,"template":"","format":"standard","meta":{"om_disable_all_campaigns":false,"_monsterinsights_skip_tracking":false,"_monsterinsights_sitenote_active":false,"_monsterinsights_sitenote_note":"","_monsterinsights_sitenote_category":0,"jnews-multi-image_gallery":[],"jnews_single_post":{"subtitle":"","format":"standard","video":"","gallery":"","source_name":"","source_url":"","via_name":"","via_url":"","override_template":"0","override":[{"template":"1","single_blog_custom":"","parallax":"1","fullscreen":"1","layout":"right-sidebar","sidebar":"default-sidebar","second_sidebar":"default-sidebar","sticky_sidebar":"1","share_position":"top","share_float_style":"share-monocrhome","show_share_counter":"1","show_view_counter":"1","show_featured":"1","show_post_meta":"1","show_post_author":"1","show_post_author_image":"1","show_post_date":"1","post_date_format":"default","post_date_format_custom":"Y\/m\/d","show_post_category":"1","show_post_reading_time":"0","post_reading_time_wpm":"300","show_zoom_button":"0","zoom_button_out_step":"2","zoom_button_in_step":"3","show_post_tag":"1","show_prev_next_post":"1","show_popup_post":"1","number_popup_post":"1","show_author_box":"1","show_post_related":"0","show_inline_post_related":"0"}],"override_image_size":"0","image_override":[{"single_post_thumbnail_size":"crop-500","single_post_gallery_size":"crop-500"}],"trending_post":"0","trending_post_position":"meta","trending_post_label":"Trending","sponsored_post":"0","sponsored_post_label":"Sponsored by","sponsored_post_name":"","sponsored_post_url":"","sponsored_post_logo_enable":"0","sponsored_post_logo":"","sponsored_post_desc":"","disable_ad":"0"},"jnews_primary_category":{"id":""},"footnotes":""},"categories":[43,52],"tags":[150,110,141,148,96],"class_list":["post-81923","post","type-post","status-publish","format-standard","has-post-thumbnail","hentry","category-estado","category-gobierno-de-tlaxcala","tag-gobierno-del-estado","tag-municipios","tag-salud","tag-sesa","tag-tlaxcala"],"aioseo_notices":[],"_links":{"self":[{"href":"https:\/\/estado29.mx\/index.php?rest_route=\/wp\/v2\/posts\/81923","targetHints":{"allow":["GET"]}}],"collection":[{"href":"https:\/\/estado29.mx\/index.php?rest_route=\/wp\/v2\/posts"}],"about":[{"href":"https:\/\/estado29.mx\/index.php?rest_route=\/wp\/v2\/types\/post"}],"author":[{"embeddable":true,"href":"https:\/\/estado29.mx\/index.php?rest_route=\/wp\/v2\/users\/4"}],"replies":[{"embeddable":true,"href":"https:\/\/estado29.mx\/index.php?rest_route=%2Fwp%2Fv2%2Fcomments&post=81923"}],"version-history":[{"count":1,"href":"https:\/\/estado29.mx\/index.php?rest_route=\/wp\/v2\/posts\/81923\/revisions"}],"predecessor-version":[{"id":81925,"href":"https:\/\/estado29.mx\/index.php?rest_route=\/wp\/v2\/posts\/81923\/revisions\/81925"}],"wp:featuredmedia":[{"embeddable":true,"href":"https:\/\/estado29.mx\/index.php?rest_route=\/wp\/v2\/media\/81924"}],"wp:attachment":[{"href":"https:\/\/estado29.mx\/index.php?rest_route=%2Fwp%2Fv2%2Fmedia&parent=81923"}],"wp:term":[{"taxonomy":"category","embeddable":true,"href":"https:\/\/estado29.mx\/index.php?rest_route=%2Fwp%2Fv2%2Fcategories&post=81923"},{"taxonomy":"post_tag","embeddable":true,"href":"https:\/\/estado29.mx\/index.php?rest_route=%2Fwp%2Fv2%2Ftags&post=81923"}],"curies":[{"name":"wp","href":"https:\/\/api.w.org\/{rel}","templated":true}]}}