{"id":82021,"date":"2022-09-21T12:25:48","date_gmt":"2022-09-21T12:25:48","guid":{"rendered":"https:\/\/estado29.mx\/?p=82021"},"modified":"2022-09-21T12:25:48","modified_gmt":"2022-09-21T12:25:48","slug":"coloco-gobernadora-lorena-cuellar-primera-piedra-de-la-uit-en-ixtenco","status":"publish","type":"post","link":"https:\/\/estado29.mx\/?p=82021","title":{"rendered":"Coloc\u00f3 gobernadora Lorena Cu\u00e9llar primera piedra de la UIT en Ixtenco"},"content":{"rendered":"\n<p><\/p>\n\n\n\n<p>*Se destinan 21.1 mdp para la primera etapa, tendr\u00e1 la capacidad de atender a 400 estudiantes<\/p>\n\n\n\n<p>La gobernadora Lorena Cu\u00e9llar Cisneros coloc\u00f3 la primera piedra del Proyecto Constructivo de la Universidad Intercultural de Tlaxcala (UIT), que ser\u00e1 edificada en el municipio de Ixtenco con una inversi\u00f3n de 21 millones 147 mil 333 pesos en su primera etapa, con el objetivo de brindar justicia a las comunidades y pueblos originarios de la entidad.<\/p>\n\n\n\n<p>Durante el acto protocolario, la titular del Ejecutivo local indic\u00f3 que este proyecto fue una petici\u00f3n de la gente que llevaba 70 a\u00f1os emiti\u00e9ndola a diferentes gobiernos y hoy se logr\u00f3 concretar gracias al esfuerzo conjunto, por lo que agradeci\u00f3 el apoyo del presidente de M\u00e9xico, Andr\u00e9s Manuel L\u00f3pez Obrador.<\/p>\n\n\n\n<p>\u201cPara mi gobierno es sumamente importante la educaci\u00f3n, pero la educaci\u00f3n de los pueblos ind\u00edgenas es un compromiso que hoy empezamos a cumplir (&#8230;) este esfuerzo se inici\u00f3 desde marzo, presentamos las nuevas instalaciones de la Universidad Polit\u00e9cnica de Tlaxcala, en Tequexquitla, en junio la extensi\u00f3n universitaria en Yauhquemehcan y ahora con esta Universidad Intercultural de Tlaxcala, y qu\u00e9 mejor que est\u00e9 asentada en Ixtenco\u201d, extern\u00f3.<\/p>\n\n\n\n<p>Cu\u00e9llar Cisneros detall\u00f3 que esta instituci\u00f3n educativa naci\u00f3 de las necesidades que surgieron a lo largo de muchos a\u00f1os, misma que \u201ctendr\u00e1 la capacidad de atender a 400 estudiantes; para el segundo semestre del a\u00f1o 2023 se dar\u00e1 inicio a dos carreras con una matr\u00edcula importante y, sobre todo, se le dar\u00e1 prioridad a la comunidad y pueblos originarios de nuestro estado\u201d.<\/p>\n\n\n\n<p>En tanto, el subsecretario de Educaci\u00f3n Superior de la Secretar\u00eda de Educaci\u00f3n P\u00fablica (SEP) del Gobierno de M\u00e9xico, Luciano Concheiro B\u00f3rquez dijo que Lorena Cu\u00e9llar presenta un horizonte distinto para Tlaxcala, pues la colocaci\u00f3n de esta primera piedra dar\u00e1 un cambio radical en la educaci\u00f3n, as\u00ed como la transformaci\u00f3n de la educaci\u00f3n b\u00e1sica, en la que Tlaxcala jugar\u00e1 un papel central; al mismo tiempo, reconoci\u00f3 el \u00edmpetu del Comit\u00e9 Promotor Ampliado, ya que \u201ceste proyecto es un esfuerzo colectivo que busca marcar un nuevo horizonte en la educaci\u00f3n superior\u201d.<\/p>\n\n\n\n<p>Puntualiz\u00f3 que con esta Universidad se recuperar\u00e1 la educaci\u00f3n y la cultura, pues solo es posible construir otra educaci\u00f3n superior si las instituciones se asumen como interlocutoras y formadoras en la diversidad que existe, \u201cen Tlaxcala 42 de cada 100 estudiantes abandonan la educaci\u00f3n superior, estamos con una deuda enorme que tendremos que enfrentar (&#8230;) nos queda seguir trabajando, y todo esto ha sido posible gracias al gran apoyo que hemos recibido de nuestra gobernadora Lorena, muchas gracias\u201d.<\/p>\n\n\n\n<p>Mientras que el titular de la Secretar\u00eda de Educaci\u00f3n P\u00fablica del Estado (SEPE), Homero Meneses Hern\u00e1ndez enalteci\u00f3 el entusiasmo de la gobernadora para cumplir con una promesa de campa\u00f1a que se convirti\u00f3 en una indicaci\u00f3n para construir y darle sentido gracias al apoyo del gobierno federal, \u201ceste esfuerzo tiene en su ra\u00edz su principal indicador de fortaleza, y es la construcci\u00f3n de una Universidad desde el pueblo y para el pueblo, construida de una manera que los pueblos originarios habr\u00e1n de definir\u201d.<\/p>\n\n\n\n<p>A su vez, el secretario de Cultura, Antonio Mart\u00ednez Vel\u00e1zquez resalt\u00f3 la importancia de rescatar estos espacios como resultado de la resistencia de la cultura, sobre todo en Ixtenco, al ser una de las m\u00e1s importantes del estado, \u201choy regresan a un lugar central de la educaci\u00f3n superior en el pa\u00eds, con respeto y con dignidad siempre de los pueblos originarios, pero que tendr\u00e1n un nuevo sentido, ojal\u00e1 la Cuarta Transformaci\u00f3n contin\u00fae este sentido y que no sean nunca m\u00e1s relegados\u201d.<\/p>\n\n\n\n<p>Finalmente, el presidente municipal de Ixtenco, Renato S\u00e1nchez Rojas agradeci\u00f3 la solidaridad y buena voluntad de las personas y autoridades que hicieron posible lo que por generaciones se hab\u00eda anhelado; \u201ca nombre de los habitantes del pueblo otom\u00ed de Ixtenco, les entreg\u00f3 mi pensamiento y palabra en se\u00f1al de gratitud por la distinci\u00f3n de habernos elegido como sede de la Universidad Intercultural de Tlaxcala, la haremos nuestra, as\u00ed como el compromiso hist\u00f3rico de engrandecerla y consolidarla\u201d.<\/p>\n\n\n\n<p>La mandataria estatal, acompa\u00f1ada de autoridades educativas, entreg\u00f3 reconocimientos a cinco integrantes del Comit\u00e9 Promotor Ampliado por su trabajo y participaci\u00f3n en la creaci\u00f3n de la Universidad. Se trat\u00f3 de Ulises Tamayo P\u00e9rez, Francisco Castro P\u00e9rez, Ethel Xochitiotzin P\u00e9rez, P\u00e1nfilo Hern\u00e1ndez Ortiz y \u00d3scar Torres Carpintero.<\/p>\n\n\n\n<p>En el evento estuvieron presentes la directora de Educaci\u00f3n Intercultural de la SEP, Mar\u00eda de los \u00c1ngeles Gordillo Casta\u00f1eda; la directora de Educaci\u00f3n Media Superior y Superior de la Unidad de Servicios Educativos de Tlaxcala (USET), Sandra Corona Padilla, adem\u00e1s de las y los integrantes del Comit\u00e9 Promotor Ampliado, entre otros invitados especiales.<\/p>\n","protected":false},"excerpt":{"rendered":"<p>*Se destinan 21.1 mdp para la primera etapa, tendr\u00e1 la capacidad de atender a 400 estudiantes La gobernadora Lorena Cu\u00e9llar Cisneros coloc\u00f3 la primera piedra del Proyecto Constructivo de la Universidad Intercultural de Tlaxcala (UIT), que ser\u00e1 edificada en el municipio de Ixtenco con una inversi\u00f3n de 21 millones 147 mil 333 pesos en su [&hellip;]<\/p>\n","protected":false},"author":4,"featured_media":82022,"comment_status":"open","ping_status":"open","sticky":false,"template":"","format":"standard","meta":{"om_disable_all_campaigns":false,"_monsterinsights_skip_tracking":false,"_monsterinsights_sitenote_active":false,"_monsterinsights_sitenote_note":"","_monsterinsights_sitenote_category":0,"jnews-multi-image_gallery":[],"jnews_single_post":{"subtitle":"","format":"standard","video":"","gallery":"","source_name":"","source_url":"","via_name":"","via_url":"","override_template":"0","override":[{"template":"1","single_blog_custom":"","parallax":"1","fullscreen":"1","layout":"right-sidebar","sidebar":"default-sidebar","second_sidebar":"default-sidebar","sticky_sidebar":"1","share_position":"top","share_float_style":"share-monocrhome","show_share_counter":"1","show_view_counter":"1","show_featured":"1","show_post_meta":"1","show_post_author":"1","show_post_author_image":"1","show_post_date":"1","post_date_format":"default","post_date_format_custom":"Y\/m\/d","show_post_category":"1","show_post_reading_time":"0","post_reading_time_wpm":"300","show_zoom_button":"0","zoom_button_out_step":"2","zoom_button_in_step":"3","show_post_tag":"1","show_prev_next_post":"1","show_popup_post":"1","number_popup_post":"1","show_author_box":"1","show_post_related":"0","show_inline_post_related":"0"}],"override_image_size":"0","image_override":[{"single_post_thumbnail_size":"crop-500","single_post_gallery_size":"crop-500"}],"trending_post":"0","trending_post_position":"meta","trending_post_label":"Trending","sponsored_post":"0","sponsored_post_label":"Sponsored by","sponsored_post_name":"","sponsored_post_url":"","sponsored_post_logo_enable":"0","sponsored_post_logo":"","sponsored_post_desc":"","disable_ad":"0"},"jnews_primary_category":{"id":""},"footnotes":""},"categories":[43,52],"tags":[772,150,198,110,96,771],"class_list":["post-82021","post","type-post","status-publish","format-standard","has-post-thumbnail","hentry","category-estado","category-gobierno-de-tlaxcala","tag-educvacion","tag-gobierno-del-estado","tag-ixtenco","tag-municipios","tag-tlaxcala","tag-uit"],"aioseo_notices":[],"_links":{"self":[{"href":"https:\/\/estado29.mx\/index.php?rest_route=\/wp\/v2\/posts\/82021","targetHints":{"allow":["GET"]}}],"collection":[{"href":"https:\/\/estado29.mx\/index.php?rest_route=\/wp\/v2\/posts"}],"about":[{"href":"https:\/\/estado29.mx\/index.php?rest_route=\/wp\/v2\/types\/post"}],"author":[{"embeddable":true,"href":"https:\/\/estado29.mx\/index.php?rest_route=\/wp\/v2\/users\/4"}],"replies":[{"embeddable":true,"href":"https:\/\/estado29.mx\/index.php?rest_route=%2Fwp%2Fv2%2Fcomments&post=82021"}],"version-history":[{"count":1,"href":"https:\/\/estado29.mx\/index.php?rest_route=\/wp\/v2\/posts\/82021\/revisions"}],"predecessor-version":[{"id":82023,"href":"https:\/\/estado29.mx\/index.php?rest_route=\/wp\/v2\/posts\/82021\/revisions\/82023"}],"wp:featuredmedia":[{"embeddable":true,"href":"https:\/\/estado29.mx\/index.php?rest_route=\/wp\/v2\/media\/82022"}],"wp:attachment":[{"href":"https:\/\/estado29.mx\/index.php?rest_route=%2Fwp%2Fv2%2Fmedia&parent=82021"}],"wp:term":[{"taxonomy":"category","embeddable":true,"href":"https:\/\/estado29.mx\/index.php?rest_route=%2Fwp%2Fv2%2Fcategories&post=82021"},{"taxonomy":"post_tag","embeddable":true,"href":"https:\/\/estado29.mx\/index.php?rest_route=%2Fwp%2Fv2%2Ftags&post=82021"}],"curies":[{"name":"wp","href":"https:\/\/api.w.org\/{rel}","templated":true}]}}