{"id":82024,"date":"2022-09-21T12:28:12","date_gmt":"2022-09-21T12:28:12","guid":{"rendered":"https:\/\/estado29.mx\/?p=82024"},"modified":"2022-09-21T12:28:13","modified_gmt":"2022-09-21T12:28:13","slug":"asegura-ssc-material-forestal-en-huamantla","status":"publish","type":"post","link":"https:\/\/estado29.mx\/?p=82024","title":{"rendered":"Asegura SSC material forestal en Huamantla\u00a0"},"content":{"rendered":"\n<p>\u2022\u00a0\u00a0\u00a0\u00a0\u00a0\u00a0\u00a0\u00a0El material fue puesto a resguardo de la Procuradur\u00eda Federal de Protecci\u00f3n al Ambiente.\u00a0<\/p>\n\n\n\n<p>Elementos de la Secretar\u00eda de Seguridad Ciudadana (SSC), a trav\u00e9s de la Polic\u00eda de Monta\u00f1a, aseguraron material forestal, que fue localizado en una zona perteneciente al \u00e1rea natural protegida del Parque Nacional Malinche. &nbsp;<\/p>\n\n\n\n<p>El hallazgo se dio durante un recorrido de seguridad y vigilancia, en el camino de terracer\u00eda de la comunidad de Guadalupe Altamira, municipio de Huamantla, a la altura del paraje conocido como \u201cPiedra Grande\u201d, donde los elementos localizaron material maderable cortado en rollo de diferentes dimensiones. &nbsp;<\/p>\n\n\n\n<p>Motivo por el cual, se implement\u00f3 un operativo pie-tierra, para la b\u00fasqueda de alg\u00fan propietario; tras no encontrar persona alguna, elementos de seguridad procedieron al aseguramiento de los indicios encontrados, para posteriormente ser presentado ante la Procuradur\u00eda Federal de Protecci\u00f3n al Ambiente (Profepa). &nbsp;<\/p>\n\n\n\n<p>A trav\u00e9s de estas acciones, la SSC refrenda su compromiso de prevenir y detener los delitos ambientales en el territorio estatal.&nbsp;<\/p>\n","protected":false},"excerpt":{"rendered":"<p>\u2022\u00a0\u00a0\u00a0\u00a0\u00a0\u00a0\u00a0\u00a0El material fue puesto a resguardo de la Procuradur\u00eda Federal de Protecci\u00f3n al Ambiente.\u00a0 Elementos de la Secretar\u00eda de Seguridad Ciudadana (SSC), a trav\u00e9s de la Polic\u00eda de Monta\u00f1a, aseguraron material forestal, que fue localizado en una zona perteneciente al \u00e1rea natural protegida del Parque Nacional Malinche. &nbsp; El hallazgo se dio durante un recorrido [&hellip;]<\/p>\n","protected":false},"author":4,"featured_media":82025,"comment_status":"open","ping_status":"open","sticky":false,"template":"","format":"standard","meta":{"om_disable_all_campaigns":false,"_monsterinsights_skip_tracking":false,"_monsterinsights_sitenote_active":false,"_monsterinsights_sitenote_note":"","_monsterinsights_sitenote_category":0,"jnews-multi-image_gallery":[],"jnews_single_post":{"subtitle":"","format":"standard","video":"","gallery":"","source_name":"","source_url":"","via_name":"","via_url":"","override_template":"0","override":[{"template":"1","single_blog_custom":"","parallax":"1","fullscreen":"1","layout":"right-sidebar","sidebar":"default-sidebar","second_sidebar":"default-sidebar","sticky_sidebar":"1","share_position":"top","share_float_style":"share-monocrhome","show_share_counter":"1","show_view_counter":"1","show_featured":"1","show_post_meta":"1","show_post_author":"1","show_post_author_image":"1","show_post_date":"1","post_date_format":"default","post_date_format_custom":"Y\/m\/d","show_post_category":"1","show_post_reading_time":"0","post_reading_time_wpm":"300","show_zoom_button":"0","zoom_button_out_step":"2","zoom_button_in_step":"3","show_post_tag":"1","show_prev_next_post":"1","show_popup_post":"1","number_popup_post":"1","show_author_box":"1","show_post_related":"0","show_inline_post_related":"0"}],"override_image_size":"0","image_override":[{"single_post_thumbnail_size":"crop-500","single_post_gallery_size":"crop-500"}],"trending_post":"0","trending_post_position":"meta","trending_post_label":"Trending","sponsored_post":"0","sponsored_post_label":"Sponsored by","sponsored_post_name":"","sponsored_post_url":"","sponsored_post_logo_enable":"0","sponsored_post_logo":"","sponsored_post_desc":"","disable_ad":"0"},"jnews_primary_category":{"id":""},"footnotes":""},"categories":[43,47],"tags":[110,118,96],"class_list":["post-82024","post","type-post","status-publish","format-standard","has-post-thumbnail","hentry","category-estado","category-municipios","tag-municipios","tag-ssc","tag-tlaxcala"],"aioseo_notices":[],"_links":{"self":[{"href":"https:\/\/estado29.mx\/index.php?rest_route=\/wp\/v2\/posts\/82024","targetHints":{"allow":["GET"]}}],"collection":[{"href":"https:\/\/estado29.mx\/index.php?rest_route=\/wp\/v2\/posts"}],"about":[{"href":"https:\/\/estado29.mx\/index.php?rest_route=\/wp\/v2\/types\/post"}],"author":[{"embeddable":true,"href":"https:\/\/estado29.mx\/index.php?rest_route=\/wp\/v2\/users\/4"}],"replies":[{"embeddable":true,"href":"https:\/\/estado29.mx\/index.php?rest_route=%2Fwp%2Fv2%2Fcomments&post=82024"}],"version-history":[{"count":1,"href":"https:\/\/estado29.mx\/index.php?rest_route=\/wp\/v2\/posts\/82024\/revisions"}],"predecessor-version":[{"id":82026,"href":"https:\/\/estado29.mx\/index.php?rest_route=\/wp\/v2\/posts\/82024\/revisions\/82026"}],"wp:featuredmedia":[{"embeddable":true,"href":"https:\/\/estado29.mx\/index.php?rest_route=\/wp\/v2\/media\/82025"}],"wp:attachment":[{"href":"https:\/\/estado29.mx\/index.php?rest_route=%2Fwp%2Fv2%2Fmedia&parent=82024"}],"wp:term":[{"taxonomy":"category","embeddable":true,"href":"https:\/\/estado29.mx\/index.php?rest_route=%2Fwp%2Fv2%2Fcategories&post=82024"},{"taxonomy":"post_tag","embeddable":true,"href":"https:\/\/estado29.mx\/index.php?rest_route=%2Fwp%2Fv2%2Ftags&post=82024"}],"curies":[{"name":"wp","href":"https:\/\/api.w.org\/{rel}","templated":true}]}}