{"id":82193,"date":"2022-09-27T12:50:25","date_gmt":"2022-09-27T12:50:25","guid":{"rendered":"https:\/\/estado29.mx\/?p=82193"},"modified":"2022-09-27T12:50:25","modified_gmt":"2022-09-27T12:50:25","slug":"participa-tet-en-la-relatoria-de-los-dialogos-democraticos","status":"publish","type":"post","link":"https:\/\/estado29.mx\/?p=82193","title":{"rendered":"Participa TET en la relator\u00eda de los Di\u00e1logos Democr\u00e1ticos"},"content":{"rendered":"\n<p>Al participar en la relator\u00eda del quinto ciclo de los Di\u00e1logos Democr\u00e1ticos organizados por la Sala Regional Ciudad de M\u00e9xico del Tribunal Electoral del Poder Judicial de la Federaci\u00f3n, en el que se abord\u00f3 el tema: &#8220;El impacto del contexto de violencia en las democracias&#8221;, la presidenta del Tribunal Electoral de Tlaxcala (TET); Claudia Salvador Angel reconoci\u00f3 los estudios presentados por los ponentes.<\/p>\n\n\n\n<p>Al respecto, Claudia Salvador \u00c1ngel mencion\u00f3 que al reconocerse que la violencia pol\u00edtica es el principal riesgo para la democracia, como se\u00f1al\u00f3 Asael Nueche Gonz\u00e1lez, director de la unidad de riesgos de seguridad en Etellekt, \u201ces necesario fortalecer la intervenci\u00f3n de las fiscal\u00edas\u201d como se comprob\u00f3 durante la presentaci\u00f3n del ponente, quien expuso diversas cifras de los delitos electorales detectados en el proceso comicial de 2021.<\/p>\n\n\n\n<p>En tanto de la participaci\u00f3n de Sandra J. Ley Guti\u00e9rrez, profesora investigadora de la Divisi\u00f3n de Estudios Pol\u00edticos del Centro de Investigaci\u00f3n y Docencias Econ\u00f3micas (CIDE), en la relator\u00eda se destacaron los tipos de violencia entre los que \u201cla expresi\u00f3n de la violencia criminal, significa un riesgo para la democracia, particularmente cuando se inhibe la participaci\u00f3n de la ciudadan\u00eda, candidatos y partidos pol\u00edticos\u201d.<\/p>\n\n\n\n<p>Asimismo, la relatora del evento y representante del TET, refiri\u00f3 que en la ponencia a cargo de Fausto Carbajal Glass, consultor en riesgo pol\u00edtico y seguridad, se puntualiz\u00f3 que \u201clos tipos de violencia representan una amenaza a la gobernabilidad democr\u00e1tica por la intervenci\u00f3n del crimen organizado\u201d.<\/p>\n\n\n\n<p>De la participaci\u00f3n de Jorge Alberto Lara Rivera, abogado, internacionalista y especialista en seguridad, la Magistrada Presidenta del TET coment\u00f3 que \u201ces necesario conocer el origen de la relaci\u00f3n entre el crimen organizado y pol\u00edtica para entender la incidencia de estos grupos en los procesos electorales\u201d.<\/p>\n\n\n\n<p>En cuanto a los factores que facilitan la violencia en el caso mexicano, en la relator\u00eda se refiri\u00f3 que los ponentes coincidieron en que la violencia pol\u00edtica no es un fen\u00f3meno nuevo y que la presencia de la violencia generalizada, as\u00ed como el intento de implantar autoritarismos locales, frena la participaci\u00f3n pol\u00edtica, y que la presencia de redes de protecci\u00f3n desde la estructura estatal se aten\u00faa con los procesos de transici\u00f3n pol\u00edtica.<\/p>\n\n\n\n<p>En cuanto a c\u00f3mo revertir el contexto de la violencia, Claudia Salvador retom\u00f3 de la participaci\u00f3n de los ponentes diversas propuestas como la eliminaci\u00f3n del financiamiento privado, la realizaci\u00f3n de evaluaciones de riesgo para entender el proceso de violencia desde lo local, as\u00ed como favorecer la legitimidad de las instituciones por la sociedad lo que implica conocer el contexto local, finalmente se conoce la necesaria intervenci\u00f3n de las autoridades electorales para revertir el contexto de violencia en las distintas etapas de los procesos electorales.<\/p>\n","protected":false},"excerpt":{"rendered":"<p>Al participar en la relator\u00eda del quinto ciclo de los Di\u00e1logos Democr\u00e1ticos organizados por la Sala Regional Ciudad de M\u00e9xico del Tribunal Electoral del Poder Judicial de la Federaci\u00f3n, en el que se abord\u00f3 el tema: &#8220;El impacto del contexto de violencia en las democracias&#8221;, la presidenta del Tribunal Electoral de Tlaxcala (TET); Claudia Salvador [&hellip;]<\/p>\n","protected":false},"author":4,"featured_media":82194,"comment_status":"open","ping_status":"open","sticky":false,"template":"","format":"standard","meta":{"om_disable_all_campaigns":false,"_monsterinsights_skip_tracking":false,"_monsterinsights_sitenote_active":false,"_monsterinsights_sitenote_note":"","_monsterinsights_sitenote_category":0,"jnews-multi-image_gallery":[],"jnews_single_post":{"subtitle":"","format":"standard","video":"","gallery":"","source_name":"","source_url":"","via_name":"","via_url":"","override_template":"0","override":[{"template":"1","single_blog_custom":"","parallax":"1","fullscreen":"1","layout":"right-sidebar","sidebar":"default-sidebar","second_sidebar":"default-sidebar","sticky_sidebar":"1","share_position":"top","share_float_style":"share-monocrhome","show_share_counter":"1","show_view_counter":"1","show_featured":"1","show_post_meta":"1","show_post_author":"1","show_post_author_image":"1","show_post_date":"1","post_date_format":"default","post_date_format_custom":"Y\/m\/d","show_post_category":"1","show_post_reading_time":"0","post_reading_time_wpm":"300","show_zoom_button":"0","zoom_button_out_step":"2","zoom_button_in_step":"3","show_post_tag":"1","show_prev_next_post":"1","show_popup_post":"1","number_popup_post":"1","show_author_box":"1","show_post_related":"0","show_inline_post_related":"0"}],"override_image_size":"0","image_override":[{"single_post_thumbnail_size":"crop-500","single_post_gallery_size":"crop-500"}],"trending_post":"0","trending_post_position":"meta","trending_post_label":"Trending","sponsored_post":"0","sponsored_post_label":"Sponsored by","sponsored_post_name":"","sponsored_post_url":"","sponsored_post_logo_enable":"0","sponsored_post_logo":"","sponsored_post_desc":"","disable_ad":"0"},"jnews_primary_category":{"id":""},"footnotes":""},"categories":[43],"tags":[794,124,96],"class_list":["post-82193","post","type-post","status-publish","format-standard","has-post-thumbnail","hentry","category-estado","tag-cide","tag-tet","tag-tlaxcala"],"aioseo_notices":[],"_links":{"self":[{"href":"https:\/\/estado29.mx\/index.php?rest_route=\/wp\/v2\/posts\/82193","targetHints":{"allow":["GET"]}}],"collection":[{"href":"https:\/\/estado29.mx\/index.php?rest_route=\/wp\/v2\/posts"}],"about":[{"href":"https:\/\/estado29.mx\/index.php?rest_route=\/wp\/v2\/types\/post"}],"author":[{"embeddable":true,"href":"https:\/\/estado29.mx\/index.php?rest_route=\/wp\/v2\/users\/4"}],"replies":[{"embeddable":true,"href":"https:\/\/estado29.mx\/index.php?rest_route=%2Fwp%2Fv2%2Fcomments&post=82193"}],"version-history":[{"count":1,"href":"https:\/\/estado29.mx\/index.php?rest_route=\/wp\/v2\/posts\/82193\/revisions"}],"predecessor-version":[{"id":82195,"href":"https:\/\/estado29.mx\/index.php?rest_route=\/wp\/v2\/posts\/82193\/revisions\/82195"}],"wp:featuredmedia":[{"embeddable":true,"href":"https:\/\/estado29.mx\/index.php?rest_route=\/wp\/v2\/media\/82194"}],"wp:attachment":[{"href":"https:\/\/estado29.mx\/index.php?rest_route=%2Fwp%2Fv2%2Fmedia&parent=82193"}],"wp:term":[{"taxonomy":"category","embeddable":true,"href":"https:\/\/estado29.mx\/index.php?rest_route=%2Fwp%2Fv2%2Fcategories&post=82193"},{"taxonomy":"post_tag","embeddable":true,"href":"https:\/\/estado29.mx\/index.php?rest_route=%2Fwp%2Fv2%2Ftags&post=82193"}],"curies":[{"name":"wp","href":"https:\/\/api.w.org\/{rel}","templated":true}]}}