{"id":82348,"date":"2022-10-05T12:24:36","date_gmt":"2022-10-05T12:24:36","guid":{"rendered":"https:\/\/estado29.mx\/?p=82348"},"modified":"2022-10-05T12:24:36","modified_gmt":"2022-10-05T12:24:36","slug":"asegura-ssc-a-dos-sujetos-por-portacion-y-posesion-de-arma-de-fuego","status":"publish","type":"post","link":"https:\/\/estado29.mx\/?p=82348","title":{"rendered":"Asegura ssc a dos sujetos por portaci\u00f3n y posesi\u00f3n de arma de fuego"},"content":{"rendered":"\n<p>\u2022Se trata de arma de un fuego y un cargador con dos cartuchos \u00fatiles, ambos de calibre 32 mm y un tolete negro.<\/p>\n\n\n\n<p>En atenci\u00f3n a un reporte del Servicio de Emergencias 911, elementos de la Direcci\u00f3n de Seguridad P\u00fablica de la Secretar\u00eda de Seguridad Ciudadana (SSC), aseguraron a dos personas por el delito de posesi\u00f3n y portaci\u00f3n ilegal de arma de fuego y cartuchos, cuando circulaban en su unidad en el municipio de Apizaco.<\/p>\n\n\n\n<p>Los hechos ocurrieron en prolongaci\u00f3n 16 de Septiembre, frente a una plaza comercial de la Colonia La Ci\u00e9nega, cuando los efectivos de la delegaci\u00f3n Apizaco fueron alertados de que en un veh\u00edculo se encontraban sujetos armados; al darles alcance, los elementos procedieron a realizar la inspecci\u00f3n correspondiente de la unidad.<\/p>\n\n\n\n<p>Se trata de Clemente N., de 66 a\u00f1os de edad, y Jeovany N., de 35 a\u00f1os de edad; padre e hijo, quienes viajaban en un veh\u00edculo Volkswagen, l\u00ednea Pointer, color gris y en su interior se encontr\u00f3 un arma de fuego y un cargador con dos cartuchos \u00fatiles, ambos de calibre 32 mm; as\u00ed como a un objeto \u00f3ptimo para agredir, espec\u00edficamente un tolete negro.<\/p>\n\n\n\n<p>Al ser cuestionados, reconocieron que no cuentan con la documentaci\u00f3n para su posesi\u00f3n y portaci\u00f3n, por lo que los elementos estatales procedieron a asegurarlos, as\u00ed como la unidad vehicular y los dispositivos para ponerlos a disposici\u00f3n de la autoridad competente del fuero federal.<\/p>\n\n\n\n<p>Por lo anterior, la SSC invita a la poblaci\u00f3n tlaxcalteca a reportar ante el 911 cualquier hecho il\u00edcito o de emergencia, ya que se desplegar\u00e1n los cuerpos de seguridad para auxiliar a quien lo necesite.<\/p>\n","protected":false},"excerpt":{"rendered":"<p>\u2022Se trata de arma de un fuego y un cargador con dos cartuchos \u00fatiles, ambos de calibre 32 mm y un tolete negro. En atenci\u00f3n a un reporte del Servicio de Emergencias 911, elementos de la Direcci\u00f3n de Seguridad P\u00fablica de la Secretar\u00eda de Seguridad Ciudadana (SSC), aseguraron a dos personas por el delito de [&hellip;]<\/p>\n","protected":false},"author":4,"featured_media":82349,"comment_status":"open","ping_status":"open","sticky":false,"template":"","format":"standard","meta":{"om_disable_all_campaigns":false,"_monsterinsights_skip_tracking":false,"_monsterinsights_sitenote_active":false,"_monsterinsights_sitenote_note":"","_monsterinsights_sitenote_category":0,"jnews-multi-image_gallery":[],"jnews_single_post":{"subtitle":"","format":"standard","video":"","gallery":"","source_name":"","source_url":"","via_name":"","via_url":"","override_template":"0","override":[{"template":"1","single_blog_custom":"","parallax":"1","fullscreen":"1","layout":"right-sidebar","sidebar":"default-sidebar","second_sidebar":"default-sidebar","sticky_sidebar":"1","share_position":"top","share_float_style":"share-monocrhome","show_share_counter":"1","show_view_counter":"1","show_featured":"1","show_post_meta":"1","show_post_author":"1","show_post_author_image":"1","show_post_date":"1","post_date_format":"default","post_date_format_custom":"Y\/m\/d","show_post_category":"1","show_post_reading_time":"0","post_reading_time_wpm":"300","show_zoom_button":"0","zoom_button_out_step":"2","zoom_button_in_step":"3","show_post_tag":"1","show_prev_next_post":"1","show_popup_post":"1","number_popup_post":"1","show_author_box":"1","show_post_related":"0","show_inline_post_related":"0"}],"override_image_size":"0","image_override":[{"single_post_thumbnail_size":"crop-500","single_post_gallery_size":"crop-500"}],"trending_post":"0","trending_post_position":"meta","trending_post_label":"Trending","sponsored_post":"0","sponsored_post_label":"Sponsored by","sponsored_post_name":"","sponsored_post_url":"","sponsored_post_logo_enable":"0","sponsored_post_logo":"","sponsored_post_desc":"","disable_ad":"0"},"jnews_primary_category":{"id":""},"footnotes":""},"categories":[43,52],"tags":[150,110,119,118,96],"class_list":["post-82348","post","type-post","status-publish","format-standard","has-post-thumbnail","hentry","category-estado","category-gobierno-de-tlaxcala","tag-gobierno-del-estado","tag-municipios","tag-seguridad","tag-ssc","tag-tlaxcala"],"aioseo_notices":[],"_links":{"self":[{"href":"https:\/\/estado29.mx\/index.php?rest_route=\/wp\/v2\/posts\/82348","targetHints":{"allow":["GET"]}}],"collection":[{"href":"https:\/\/estado29.mx\/index.php?rest_route=\/wp\/v2\/posts"}],"about":[{"href":"https:\/\/estado29.mx\/index.php?rest_route=\/wp\/v2\/types\/post"}],"author":[{"embeddable":true,"href":"https:\/\/estado29.mx\/index.php?rest_route=\/wp\/v2\/users\/4"}],"replies":[{"embeddable":true,"href":"https:\/\/estado29.mx\/index.php?rest_route=%2Fwp%2Fv2%2Fcomments&post=82348"}],"version-history":[{"count":1,"href":"https:\/\/estado29.mx\/index.php?rest_route=\/wp\/v2\/posts\/82348\/revisions"}],"predecessor-version":[{"id":82350,"href":"https:\/\/estado29.mx\/index.php?rest_route=\/wp\/v2\/posts\/82348\/revisions\/82350"}],"wp:featuredmedia":[{"embeddable":true,"href":"https:\/\/estado29.mx\/index.php?rest_route=\/wp\/v2\/media\/82349"}],"wp:attachment":[{"href":"https:\/\/estado29.mx\/index.php?rest_route=%2Fwp%2Fv2%2Fmedia&parent=82348"}],"wp:term":[{"taxonomy":"category","embeddable":true,"href":"https:\/\/estado29.mx\/index.php?rest_route=%2Fwp%2Fv2%2Fcategories&post=82348"},{"taxonomy":"post_tag","embeddable":true,"href":"https:\/\/estado29.mx\/index.php?rest_route=%2Fwp%2Fv2%2Ftags&post=82348"}],"curies":[{"name":"wp","href":"https:\/\/api.w.org\/{rel}","templated":true}]}}