{"id":82455,"date":"2022-10-11T12:26:16","date_gmt":"2022-10-11T12:26:16","guid":{"rendered":"https:\/\/estado29.mx\/?p=82455"},"modified":"2022-10-11T12:26:17","modified_gmt":"2022-10-11T12:26:17","slug":"alumnos-del-cecyte-construyen-instalacion-monumental-para-el-cervantino","status":"publish","type":"post","link":"https:\/\/estado29.mx\/?p=82455","title":{"rendered":"Alumnos del cecyte construyen instalaci\u00f3n monumental para el cervantino"},"content":{"rendered":"\n<p>*Su obra ser\u00e1 instalada en el estado de Guanajuato, en el marco del 50 aniversario del festival<\/p>\n\n\n\n<p>Gracias a la colaboraci\u00f3n institucional entre la comunidad del Colegio de Estudios Cient\u00edficos y Tecnol\u00f3gicos del Estado (Cecyte) y el Centro de Tecnolog\u00edas Creativas \u201cLa Colmena\u201d, se presentar\u00e1 una instalaci\u00f3n tecnol\u00f3gica interactiva denominada \u201cConductos\u201d, durante el 50 aniversario del Festival Cultural \u201cCervantino\u201d en Guanajuato.<\/p>\n\n\n\n<p>La pieza busca conmemorar el esp\u00edritu cooperativo nacional e internacional propio del festival, y consiste en una instalaci\u00f3n lum\u00ednica y sonora, concebida como el nodo central de una red de espacios interconectados a trav\u00e9s de internet, que pueden enviar y recibir mensajes sonoros.<\/p>\n\n\n\n<p>Los nodos secundarios se encuentran ubicados en distintas ciudades del pa\u00eds, como en la Ciudad de M\u00e9xico (CDMX), Tlaxcala, y otros pa\u00edses como Corea.<\/p>\n\n\n\n<p>A trav\u00e9s de la obra se compartir\u00e1n vivencias, deseos y recuerdos sobre el festival de manera remota.<\/p>\n\n\n\n<p>En la construcci\u00f3n de las partes que comprenden la obra participaron los alumnos Santiago Arizaga, Osiris Malfavon, Jacobo Ram\u00edrez y Emmanuel Mu\u00f1oz, destacados estudiantes que fueron seleccionados por su desempe\u00f1o acad\u00e9mico y su compromiso con el desarrollo de sus comunidades y planteles ubicados en San Pablo Apetatitl\u00e1n, Huactzinco, Yauhquemehcan y Tepeyanco, respectivamente.<\/p>\n\n\n\n<p>Previo a su presentaci\u00f3n en el Cervantino, la obra ser\u00e1 puesta a prueba en las instalaciones de la Secretar\u00eda de Cultura, para revisar que su matriz c\u00fabica de LEDs de nueve metros cuadrados por cinco de alto, permita la realizaci\u00f3n de animaciones tridimensionales en el espacio p\u00fablico, y as\u00ed generar la experiencia inmersiva que se busca.<\/p>\n\n\n\n<p>Posteriormente, la obra se trasladar\u00e1 al estado de Guanajuato para cumplir un periodo de exhibici\u00f3n del 12 al 30 de octubre.<\/p>\n\n\n\n<p>El subsistema CECyTE refuerza su compromiso con acercar a sus estudiantes a espacios de di\u00e1logo, reflexi\u00f3n y desarrollo, tanto tecnol\u00f3gico como cultural, a favor de una transformaci\u00f3n social y la cultura de la paz.<\/p>\n","protected":false},"excerpt":{"rendered":"<p>*Su obra ser\u00e1 instalada en el estado de Guanajuato, en el marco del 50 aniversario del festival Gracias a la colaboraci\u00f3n institucional entre la comunidad del Colegio de Estudios Cient\u00edficos y Tecnol\u00f3gicos del Estado (Cecyte) y el Centro de Tecnolog\u00edas Creativas \u201cLa Colmena\u201d, se presentar\u00e1 una instalaci\u00f3n tecnol\u00f3gica interactiva denominada \u201cConductos\u201d, durante el 50 aniversario [&hellip;]<\/p>\n","protected":false},"author":4,"featured_media":82456,"comment_status":"open","ping_status":"open","sticky":false,"template":"","format":"standard","meta":{"om_disable_all_campaigns":false,"_monsterinsights_skip_tracking":false,"_monsterinsights_sitenote_active":false,"_monsterinsights_sitenote_note":"","_monsterinsights_sitenote_category":0,"jnews-multi-image_gallery":[],"jnews_single_post":{"subtitle":"","format":"standard","video":"","gallery":"","source_name":"","source_url":"","via_name":"","via_url":"","override_template":"0","override":[{"template":"1","single_blog_custom":"","parallax":"1","fullscreen":"1","layout":"right-sidebar","sidebar":"default-sidebar","second_sidebar":"default-sidebar","sticky_sidebar":"1","share_position":"top","share_float_style":"share-monocrhome","show_share_counter":"1","show_view_counter":"1","show_featured":"1","show_post_meta":"1","show_post_author":"1","show_post_author_image":"1","show_post_date":"1","post_date_format":"default","post_date_format_custom":"Y\/m\/d","show_post_category":"1","show_post_reading_time":"0","post_reading_time_wpm":"300","show_zoom_button":"0","zoom_button_out_step":"2","zoom_button_in_step":"3","show_post_tag":"1","show_prev_next_post":"1","show_popup_post":"1","number_popup_post":"1","show_author_box":"1","show_post_related":"0","show_inline_post_related":"0"}],"override_image_size":"0","image_override":[{"single_post_thumbnail_size":"crop-500","single_post_gallery_size":"crop-500"}],"trending_post":"0","trending_post_position":"meta","trending_post_label":"Trending","sponsored_post":"0","sponsored_post_label":"Sponsored by","sponsored_post_name":"","sponsored_post_url":"","sponsored_post_logo_enable":"0","sponsored_post_logo":"","sponsored_post_desc":"","disable_ad":"0"},"jnews_primary_category":{"id":""},"footnotes":""},"categories":[80,43,52,83],"tags":[150,110,284],"class_list":["post-82455","post","type-post","status-publish","format-standard","has-post-thumbnail","hentry","category-educacion","category-estado","category-gobierno-de-tlaxcala","category-juventud","tag-gobierno-del-estado","tag-municipios","tag-sepe"],"aioseo_notices":[],"_links":{"self":[{"href":"https:\/\/estado29.mx\/index.php?rest_route=\/wp\/v2\/posts\/82455","targetHints":{"allow":["GET"]}}],"collection":[{"href":"https:\/\/estado29.mx\/index.php?rest_route=\/wp\/v2\/posts"}],"about":[{"href":"https:\/\/estado29.mx\/index.php?rest_route=\/wp\/v2\/types\/post"}],"author":[{"embeddable":true,"href":"https:\/\/estado29.mx\/index.php?rest_route=\/wp\/v2\/users\/4"}],"replies":[{"embeddable":true,"href":"https:\/\/estado29.mx\/index.php?rest_route=%2Fwp%2Fv2%2Fcomments&post=82455"}],"version-history":[{"count":1,"href":"https:\/\/estado29.mx\/index.php?rest_route=\/wp\/v2\/posts\/82455\/revisions"}],"predecessor-version":[{"id":82457,"href":"https:\/\/estado29.mx\/index.php?rest_route=\/wp\/v2\/posts\/82455\/revisions\/82457"}],"wp:featuredmedia":[{"embeddable":true,"href":"https:\/\/estado29.mx\/index.php?rest_route=\/wp\/v2\/media\/82456"}],"wp:attachment":[{"href":"https:\/\/estado29.mx\/index.php?rest_route=%2Fwp%2Fv2%2Fmedia&parent=82455"}],"wp:term":[{"taxonomy":"category","embeddable":true,"href":"https:\/\/estado29.mx\/index.php?rest_route=%2Fwp%2Fv2%2Fcategories&post=82455"},{"taxonomy":"post_tag","embeddable":true,"href":"https:\/\/estado29.mx\/index.php?rest_route=%2Fwp%2Fv2%2Ftags&post=82455"}],"curies":[{"name":"wp","href":"https:\/\/api.w.org\/{rel}","templated":true}]}}