{"id":82458,"date":"2022-10-11T12:29:15","date_gmt":"2022-10-11T12:29:15","guid":{"rendered":"https:\/\/estado29.mx\/?p=82458"},"modified":"2022-10-11T12:29:16","modified_gmt":"2022-10-11T12:29:16","slug":"entrego-gobernadora-lorena-cuellar-apoyos-del-programa-puertas-y-ventanas-para-tu-hogar","status":"publish","type":"post","link":"https:\/\/estado29.mx\/?p=82458","title":{"rendered":"Entreg\u00f3 gobernadora Lorena Cu\u00e9llar apoyos del programa \u201cpuertas y ventanas para tu hogar\u201d"},"content":{"rendered":"\n<p>*Con una inversi\u00f3n de 9.5 mdp, se beneficiar\u00e1 a mil 583 familias en situaci\u00f3n de vulnerabilidad<\/p>\n\n\n\n<p>La gobernadora Lorena Cu\u00e9llar Cisneros realiz\u00f3 la primera entrega de apoyos econ\u00f3micos a 371 beneficiarios provenientes de 20 municipios de la entidad, a trav\u00e9s del Programa \u201cPuertas y Ventanas para Tu Hogar\u201d que coordina la Secretar\u00eda de Bienestar estatal, quienes recibieron 6 mil pesos cada uno, con la finalidad de contribuir a mejorar el nivel de vida de las familias en situaci\u00f3n de vulnerabilidad.<\/p>\n\n\n\n<p>El gobierno del estado invirti\u00f3 en este programa 9.5 millones de pesos que beneficiar\u00e1n a mil 583 hogares tlaxcaltecas, el cual contempla tambi\u00e9n la contrataci\u00f3n de herreros de las comunidades que ejercen su oficio de manera independiente, para que sean los proveedores de los beneficiarios y con ello dar trabajo a la gente de Tlaxcala.<\/p>\n\n\n\n<p>En la ciudad de Apizaco, la titular del Ejecutivo local expuso que lo m\u00e1s importante para su administraci\u00f3n es el bienestar de las personas y con este programa no s\u00f3lo se fortalece la seguridad de la vivienda, sino que contribuye a preservar la salud de las familias ante la temporada de fr\u00edo, para evitar que la gente enferme por carecer de puertas y ventanas en su casa.<\/p>\n\n\n\n<p>\u201cEste programa lo que pretende lograr es mejorar el nivel de vida, darles bienestar a muchas familias de Tlaxcala, tenemos varios programas (\u2026) hemos tratado de beneficiar y llevar esos programas para que puedan ayudar en la econom\u00eda de los hogares, nos interesa que ustedes vivan mejor, que tengan bienestar, que tengan desde luego salud\u201d, expres\u00f3 la mandataria.<\/p>\n\n\n\n<p>Mientras que la presidenta honor\u00edfica del Comit\u00e9 de Bienestar y Desarrollo Social del Estado de Tlaxcala, Fernanda Espinosa de los Monteros Cu\u00e9llar expuso que junto con la Secretar\u00eda de Bienestar se suman esfuerzos para que los apoyos lleguen directamente a las manos de las personas que m\u00e1s lo requieren.<\/p>\n\n\n\n<p>\u201cHoy recibir\u00e1n sus recursos para que sean ustedes quienes elijan a su proveedor y elabore las puertas y ventanas que hacen falta en su casa para hacerla m\u00e1s confortable y, de igual manera, los productores no tengan que salir de sus localidades para realizar su trabajo\u201d, se\u00f1al\u00f3.<\/p>\n\n\n\n<p>Asimismo, la secretaria de Bienestar, Mar\u00eda Estela \u00c1lvarez Corona detall\u00f3 que este programa se aplicar\u00e1 principalmente en los municipios de Apizaco, Calpulalpan, Tequexquitla, Chiautempan, Huamantla, Ixtenco, Tepetitla, San Pablo del Monte, Tlaxco, Tocatl\u00e1n, Totolac, Ziltlalt\u00e9pec, Papalotla, L\u00e1zaro C\u00e1rdenas, Tlaltelulco, Teacalco, Panotla, Tlaxcala, Axocomanitla y Xaloztoc, donde se concentra el mayor n\u00famero de pobladores con carencia por acceso a la calidad de vida y espacios en la vivienda.<\/p>\n\n\n\n<p>La beneficiaria M\u00f3nica Rivera P\u00e9rez agradeci\u00f3 el apoyo de la gobernadora que le ha permitido tener mayor seguridad y comodidad en su hogar; mientras que, en representaci\u00f3n de los alumineros y herreros que participan en este esquema de apoyo social, Marco Antonio Mel\u00e9ndez Pluma extern\u00f3 su gratitud por la oportunidad de contribuir con su trabajo en el mejoramiento de las viviendas de las y los pobladores que m\u00e1s lo necesitan.<\/p>\n\n\n\n<p>Al evento acudieron el secretario de Gobierno, Sergio Gonz\u00e1lez Hern\u00e1ndez; la secretaria de la Funci\u00f3n P\u00fablica, Er\u00e9ndira Cova Brindis; las diputadas locales, Mar\u00eda Guillermina Loaiza Cortero y Brenda Cecilia Villantes Rodr\u00edguez; los alcaldes Marco Antonio Pluma Mel\u00e9ndez, de Tlaltelulco; Juan Octavio Rojas Cruz, de Papalotla; Armando Flores L\u00f3pez, de Tlaxco; Ra\u00fal Tom\u00e1s Ju\u00e1rez Contreras, de San Pablo del Monte e Hilario Padilla Longino, de Teacalco.<\/p>\n","protected":false},"excerpt":{"rendered":"<p>*Con una inversi\u00f3n de 9.5 mdp, se beneficiar\u00e1 a mil 583 familias en situaci\u00f3n de vulnerabilidad La gobernadora Lorena Cu\u00e9llar Cisneros realiz\u00f3 la primera entrega de apoyos econ\u00f3micos a 371 beneficiarios provenientes de 20 municipios de la entidad, a trav\u00e9s del Programa \u201cPuertas y Ventanas para Tu Hogar\u201d que coordina la Secretar\u00eda de Bienestar estatal, [&hellip;]<\/p>\n","protected":false},"author":4,"featured_media":82459,"comment_status":"open","ping_status":"open","sticky":false,"template":"","format":"standard","meta":{"om_disable_all_campaigns":false,"_monsterinsights_skip_tracking":false,"_monsterinsights_sitenote_active":false,"_monsterinsights_sitenote_note":"","_monsterinsights_sitenote_category":0,"jnews-multi-image_gallery":[],"jnews_single_post":{"subtitle":"","format":"standard","video":"","gallery":"","source_name":"","source_url":"","via_name":"","via_url":"","override_template":"0","override":[{"template":"1","single_blog_custom":"","parallax":"1","fullscreen":"1","layout":"right-sidebar","sidebar":"default-sidebar","second_sidebar":"default-sidebar","sticky_sidebar":"1","share_position":"top","share_float_style":"share-monocrhome","show_share_counter":"1","show_view_counter":"1","show_featured":"1","show_post_meta":"1","show_post_author":"1","show_post_author_image":"1","show_post_date":"1","post_date_format":"default","post_date_format_custom":"Y\/m\/d","show_post_category":"1","show_post_reading_time":"0","post_reading_time_wpm":"300","show_zoom_button":"0","zoom_button_out_step":"2","zoom_button_in_step":"3","show_post_tag":"1","show_prev_next_post":"1","show_popup_post":"1","number_popup_post":"1","show_author_box":"1","show_post_related":"0","show_inline_post_related":"0"}],"override_image_size":"0","image_override":[{"single_post_thumbnail_size":"crop-500","single_post_gallery_size":"crop-500"}],"trending_post":"0","trending_post_position":"meta","trending_post_label":"Trending","sponsored_post":"0","sponsored_post_label":"Sponsored by","sponsored_post_name":"","sponsored_post_url":"","sponsored_post_logo_enable":"0","sponsored_post_logo":"","sponsored_post_desc":"","disable_ad":"0"},"jnews_primary_category":{"id":""},"footnotes":""},"categories":[43,52],"tags":[150,110,96],"class_list":["post-82458","post","type-post","status-publish","format-standard","has-post-thumbnail","hentry","category-estado","category-gobierno-de-tlaxcala","tag-gobierno-del-estado","tag-municipios","tag-tlaxcala"],"aioseo_notices":[],"_links":{"self":[{"href":"https:\/\/estado29.mx\/index.php?rest_route=\/wp\/v2\/posts\/82458","targetHints":{"allow":["GET"]}}],"collection":[{"href":"https:\/\/estado29.mx\/index.php?rest_route=\/wp\/v2\/posts"}],"about":[{"href":"https:\/\/estado29.mx\/index.php?rest_route=\/wp\/v2\/types\/post"}],"author":[{"embeddable":true,"href":"https:\/\/estado29.mx\/index.php?rest_route=\/wp\/v2\/users\/4"}],"replies":[{"embeddable":true,"href":"https:\/\/estado29.mx\/index.php?rest_route=%2Fwp%2Fv2%2Fcomments&post=82458"}],"version-history":[{"count":1,"href":"https:\/\/estado29.mx\/index.php?rest_route=\/wp\/v2\/posts\/82458\/revisions"}],"predecessor-version":[{"id":82460,"href":"https:\/\/estado29.mx\/index.php?rest_route=\/wp\/v2\/posts\/82458\/revisions\/82460"}],"wp:featuredmedia":[{"embeddable":true,"href":"https:\/\/estado29.mx\/index.php?rest_route=\/wp\/v2\/media\/82459"}],"wp:attachment":[{"href":"https:\/\/estado29.mx\/index.php?rest_route=%2Fwp%2Fv2%2Fmedia&parent=82458"}],"wp:term":[{"taxonomy":"category","embeddable":true,"href":"https:\/\/estado29.mx\/index.php?rest_route=%2Fwp%2Fv2%2Fcategories&post=82458"},{"taxonomy":"post_tag","embeddable":true,"href":"https:\/\/estado29.mx\/index.php?rest_route=%2Fwp%2Fv2%2Ftags&post=82458"}],"curies":[{"name":"wp","href":"https:\/\/api.w.org\/{rel}","templated":true}]}}