{"id":82464,"date":"2022-10-11T12:33:05","date_gmt":"2022-10-11T12:33:05","guid":{"rendered":"https:\/\/estado29.mx\/?p=82464"},"modified":"2022-10-11T12:33:06","modified_gmt":"2022-10-11T12:33:06","slug":"inicia-segunda-jornada-nacional-de-salud-publica-2022-en-tlaxcala","status":"publish","type":"post","link":"https:\/\/estado29.mx\/?p=82464","title":{"rendered":"Inicia segunda jornada nacional de salud p\u00fablica 2022 en Tlaxcala"},"content":{"rendered":"\n<p>*Del 10 al 21 de octubre la poblaci\u00f3n tlaxcalteca podr\u00e1 acudir a los centros de salud del estado para acceder a diferentes servicios m\u00e9dicos<\/p>\n\n\n\n<p>Autoridades de los tres niveles de gobierno pusieron en marcha la Segunda Jornada Nacional de Salud P\u00fablica 2022 con el lema \u201c1, 2, 3 por tu salud, \u00a1actuemos ya!\u201d, la cual se desarrollar\u00e1 desde este lunes y hasta el pr\u00f3ximo 21 de octubre en instituciones del sector salud p\u00fablico y privado.<\/p>\n\n\n\n<p>El prop\u00f3sito de la estrategia es acercar los servicios de salud a toda poblaci\u00f3n tlaxcalteca, mediante acciones intensivas de prevenci\u00f3n y promoci\u00f3n de la salud, integrales e interculturales, con especial atenci\u00f3n a grupos vulnerables para contribuir a mejorar su calidad de vida.<\/p>\n\n\n\n<p>La explanada del parque Cuauht\u00e9moc de Apizaco fue sede del acto protocolario, ah\u00ed el secretario de Salud del estado, Rigoberto Zamudio Meneses resalt\u00f3 que la Jornada servir\u00e1 \u201cpara reforzar las medidas de atenci\u00f3n primaria y que conozcan los municipios con los servicios que cuentan\u201d.<\/p>\n\n\n\n<p>De igual forma, el director de Vinculaci\u00f3n de la Transici\u00f3n de los Servicios de Salud IMSS-Bienestar en Tlaxcala, Gabriel Guti\u00e9rrez Morales mencion\u00f3 que uno de los objetivos \u201cser\u00e1 brindar acciones integrales a la salud p\u00fablica acordes a la l\u00ednea de vida como lo es la importancia de contar con esquemas de vacunaci\u00f3n completos de acuerdo con cada grupo etario y con ello evitar enfermedades prevenibles por vacunaci\u00f3n como influenza y Covid\u201d.<\/p>\n\n\n\n<p>Durante el tiempo que dure la Jornada tambi\u00e9n se informar\u00e1 y capacitar\u00e1 a la poblaci\u00f3n general sobre el uso correcto de Vida Suero Oral, h\u00e1bitos alimenticios y estilos de vida saludables para disminuir comorbilidades, detecci\u00f3n oportuna de diabetes e hipertensi\u00f3n; pl\u00e1ticas sobre prevenci\u00f3n de tuberculosis y lepra, difusi\u00f3n de medios de prevenci\u00f3n, eliminaci\u00f3n y control de criaderos para evitar enfermedades transmisibles por vectores.<\/p>\n\n\n\n<p>De igual forma, impartir\u00e1n talleres preventivos sobre salud mental desde la ni\u00f1ez hasta la etapa adulta, habr\u00e1 m\u00f3dulos informativos sobre salud materna, lactancia, salud bucal, orientaci\u00f3n y ense\u00f1anza sobre la t\u00e9cnica correcta para la autoexploraci\u00f3n en la detecci\u00f3n de c\u00e1ncer de mama, pl\u00e1ticas informativas sobre el cuidado de personas mayores, as\u00ed como el proceso para entender y tener un envejecimiento saludable.<\/p>\n\n\n\n<p>Asimismo, se instalar\u00e1n m\u00f3dulos de informaci\u00f3n en materia de prevenci\u00f3n y atenci\u00f3n a la violencia de g\u00e9nero y sexual, as\u00ed como orientaci\u00f3n y difusi\u00f3n de informaci\u00f3n relacionada con la donaci\u00f3n de sangre.<\/p>\n\n\n\n<p>Ambos funcionarios coincidieron en que la participaci\u00f3n de instituciones federales y estatales del sector salud p\u00fablico y privado, las jurisdicciones sanitarias, organizaciones gubernamentales y no gubernamentales, gobiernos municipales y de otros sectores vinculados a la salud p\u00fablica, har\u00e1n que la Segunda Jornada Nacional de Salud P\u00fablica 2022 sea un \u00e9xito.<\/p>\n\n\n\n<p>Al evento que fue inaugurado por la presidenta honor\u00edfica del Comit\u00e9 Consultivo de Bienestar y Desarrollo Social del estado, Mar\u00eda Fernanda Espinosa de los Monteros Cu\u00e9llar, asistieron la presidenta honor\u00edfica del Sistema Estatal para el Desarrollo Integral de la Familia (Sedif), Mariana Espinosa de los Monteros Cu\u00e9llar; el delegado del Instituto Mexicano del Seguro Social (IMSS), Julio Guti\u00e9rrez M\u00e9ndez en Tlaxcala y la secretaria de Bienestar en el estado, Mar\u00eda Estela \u00c1lvarez Corona.<\/p>\n\n\n\n<p>As\u00ed como el subdelegado m\u00e9dico del Instituto de Seguridad y Servicios Sociales de los Trabajadores del Estado (Issste), Miguel \u00c1ngel Xolocotzi Ju\u00e1rez; el comandante de la 23 Zona Militar, Santos Gerardo Soto; autoridades municipales y diputados locales.<\/p>\n","protected":false},"excerpt":{"rendered":"<p>*Del 10 al 21 de octubre la poblaci\u00f3n tlaxcalteca podr\u00e1 acudir a los centros de salud del estado para acceder a diferentes servicios m\u00e9dicos Autoridades de los tres niveles de gobierno pusieron en marcha la Segunda Jornada Nacional de Salud P\u00fablica 2022 con el lema \u201c1, 2, 3 por tu salud, \u00a1actuemos ya!\u201d, la cual [&hellip;]<\/p>\n","protected":false},"author":4,"featured_media":82465,"comment_status":"open","ping_status":"open","sticky":false,"template":"","format":"standard","meta":{"om_disable_all_campaigns":false,"_monsterinsights_skip_tracking":false,"_monsterinsights_sitenote_active":false,"_monsterinsights_sitenote_note":"","_monsterinsights_sitenote_category":0,"jnews-multi-image_gallery":[],"jnews_single_post":{"subtitle":"","format":"standard","video":"","gallery":"","source_name":"","source_url":"","via_name":"","via_url":"","override_template":"0","override":[{"template":"1","single_blog_custom":"","parallax":"1","fullscreen":"1","layout":"right-sidebar","sidebar":"default-sidebar","second_sidebar":"default-sidebar","sticky_sidebar":"1","share_position":"top","share_float_style":"share-monocrhome","show_share_counter":"1","show_view_counter":"1","show_featured":"1","show_post_meta":"1","show_post_author":"1","show_post_author_image":"1","show_post_date":"1","post_date_format":"default","post_date_format_custom":"Y\/m\/d","show_post_category":"1","show_post_reading_time":"0","post_reading_time_wpm":"300","show_zoom_button":"0","zoom_button_out_step":"2","zoom_button_in_step":"3","show_post_tag":"1","show_prev_next_post":"1","show_popup_post":"1","number_popup_post":"1","show_author_box":"1","show_post_related":"0","show_inline_post_related":"0"}],"override_image_size":"0","image_override":[{"single_post_thumbnail_size":"crop-500","single_post_gallery_size":"crop-500"}],"trending_post":"0","trending_post_position":"meta","trending_post_label":"Trending","sponsored_post":"0","sponsored_post_label":"Sponsored by","sponsored_post_name":"","sponsored_post_url":"","sponsored_post_logo_enable":"0","sponsored_post_logo":"","sponsored_post_desc":"","disable_ad":"0"},"jnews_primary_category":{"id":""},"footnotes":""},"categories":[80,43,52,81],"tags":[150,110,141,148,96],"class_list":["post-82464","post","type-post","status-publish","format-standard","has-post-thumbnail","hentry","category-educacion","category-estado","category-gobierno-de-tlaxcala","category-salud-estado","tag-gobierno-del-estado","tag-municipios","tag-salud","tag-sesa","tag-tlaxcala"],"aioseo_notices":[],"_links":{"self":[{"href":"https:\/\/estado29.mx\/index.php?rest_route=\/wp\/v2\/posts\/82464","targetHints":{"allow":["GET"]}}],"collection":[{"href":"https:\/\/estado29.mx\/index.php?rest_route=\/wp\/v2\/posts"}],"about":[{"href":"https:\/\/estado29.mx\/index.php?rest_route=\/wp\/v2\/types\/post"}],"author":[{"embeddable":true,"href":"https:\/\/estado29.mx\/index.php?rest_route=\/wp\/v2\/users\/4"}],"replies":[{"embeddable":true,"href":"https:\/\/estado29.mx\/index.php?rest_route=%2Fwp%2Fv2%2Fcomments&post=82464"}],"version-history":[{"count":1,"href":"https:\/\/estado29.mx\/index.php?rest_route=\/wp\/v2\/posts\/82464\/revisions"}],"predecessor-version":[{"id":82466,"href":"https:\/\/estado29.mx\/index.php?rest_route=\/wp\/v2\/posts\/82464\/revisions\/82466"}],"wp:featuredmedia":[{"embeddable":true,"href":"https:\/\/estado29.mx\/index.php?rest_route=\/wp\/v2\/media\/82465"}],"wp:attachment":[{"href":"https:\/\/estado29.mx\/index.php?rest_route=%2Fwp%2Fv2%2Fmedia&parent=82464"}],"wp:term":[{"taxonomy":"category","embeddable":true,"href":"https:\/\/estado29.mx\/index.php?rest_route=%2Fwp%2Fv2%2Fcategories&post=82464"},{"taxonomy":"post_tag","embeddable":true,"href":"https:\/\/estado29.mx\/index.php?rest_route=%2Fwp%2Fv2%2Ftags&post=82464"}],"curies":[{"name":"wp","href":"https:\/\/api.w.org\/{rel}","templated":true}]}}