{"id":82467,"date":"2022-10-11T12:35:29","date_gmt":"2022-10-11T12:35:29","guid":{"rendered":"https:\/\/estado29.mx\/?p=82467"},"modified":"2022-10-11T12:35:30","modified_gmt":"2022-10-11T12:35:30","slug":"fortalece-coltlax-lazos-de-colaboracion-academica-internacional","status":"publish","type":"post","link":"https:\/\/estado29.mx\/?p=82467","title":{"rendered":"Fortalece COLTLAX lazos de colaboraci\u00f3n acad\u00e9mica internacional"},"content":{"rendered":"\n<p>*Firm\u00f3 convenios con la Universidad Pedag\u00f3gica y Tecnol\u00f3gica de Colombia y con la Universidad Estatal del Oeste del Paran\u00e1, Brasil<\/p>\n\n\n\n<p>El Colegio de Tlaxcala, A.C. (Coltlax) sign\u00f3 dos convenios de colaboraci\u00f3n internacionales, con la finalidad de fortalecer lazos y acciones de trabajo en materia acad\u00e9mica, cient\u00edfica, de investigaci\u00f3n y cultural, que permitan el desarrollo de la instituci\u00f3n.<\/p>\n\n\n\n<p>El presidente de El Coltlax, Seraf\u00edn R\u00edos Elorza explic\u00f3 que estos documentos se formalizaron con la Universidad Pedag\u00f3gica y Tecnol\u00f3gica de Colombia (UPTC) y con la Universidad Estatal del Oeste del Paran\u00e1 (Unioeste) de Brasil, lo que permitir\u00e1 coadyuvar en la profesionalizaci\u00f3n del cuerpo acad\u00e9mico y estudiantil.<\/p>\n\n\n\n<p>R\u00edos Elorza coment\u00f3 que este tipo de convenios de alcance internacional son una gran oportunidad para los docentes, investigadores y estudiantes, ya que les permiten expandir sus conocimientos y experiencias acad\u00e9micas, as\u00ed como establecer v\u00ednculos de trabajo e intercambio de diferentes perspectivas.<\/p>\n\n\n\n<p>Con la formalizaci\u00f3n de estos convenios internacionales se gestionar\u00e1n y organizar\u00e1n encuentros, talleres, congresos, seminarios, simposios e intercambio bibliotecario en temas como desarrollo regional, an\u00e1lisis econ\u00f3mico, sustentabilidad, educaci\u00f3n, turismo, medio ambiente y pol\u00edticas p\u00fablicas, entre otros.<\/p>\n\n\n\n<p>Finalmente, el presidente de El Coltlax asegur\u00f3 que se mantendr\u00e1 la comunicaci\u00f3n y el trabajo de manera permanente con la UPTC y la Unioeste, con el objetivo de realizar y desempe\u00f1ar estrategias que permitan generar ciencia en beneficio de la entidad.<\/p>\n\n\n\n<p>Con este tipo de acciones, El Colegio de Tlaxcala, A.C. refuerza su compromiso institucional y da certeza de su potencial acad\u00e9mico a nivel internacional con el desarrollo de competencias de excelencia que contribuyan a impulsar alternativas de desarrollo sustentable.<\/p>\n","protected":false},"excerpt":{"rendered":"<p>*Firm\u00f3 convenios con la Universidad Pedag\u00f3gica y Tecnol\u00f3gica de Colombia y con la Universidad Estatal del Oeste del Paran\u00e1, Brasil El Colegio de Tlaxcala, A.C. (Coltlax) sign\u00f3 dos convenios de colaboraci\u00f3n internacionales, con la finalidad de fortalecer lazos y acciones de trabajo en materia acad\u00e9mica, cient\u00edfica, de investigaci\u00f3n y cultural, que permitan el desarrollo de [&hellip;]<\/p>\n","protected":false},"author":4,"featured_media":82468,"comment_status":"open","ping_status":"open","sticky":false,"template":"","format":"standard","meta":{"om_disable_all_campaigns":false,"_monsterinsights_skip_tracking":false,"_monsterinsights_sitenote_active":false,"_monsterinsights_sitenote_note":"","_monsterinsights_sitenote_category":0,"jnews-multi-image_gallery":[],"jnews_single_post":{"subtitle":"","format":"standard","video":"","gallery":"","source_name":"","source_url":"","via_name":"","via_url":"","override_template":"0","override":[{"template":"1","single_blog_custom":"","parallax":"1","fullscreen":"1","layout":"right-sidebar","sidebar":"default-sidebar","second_sidebar":"default-sidebar","sticky_sidebar":"1","share_position":"top","share_float_style":"share-monocrhome","show_share_counter":"1","show_view_counter":"1","show_featured":"1","show_post_meta":"1","show_post_author":"1","show_post_author_image":"1","show_post_date":"1","post_date_format":"default","post_date_format_custom":"Y\/m\/d","show_post_category":"1","show_post_reading_time":"0","post_reading_time_wpm":"300","show_zoom_button":"0","zoom_button_out_step":"2","zoom_button_in_step":"3","show_post_tag":"1","show_prev_next_post":"1","show_popup_post":"1","number_popup_post":"1","show_author_box":"1","show_post_related":"0","show_inline_post_related":"0"}],"override_image_size":"0","image_override":[{"single_post_thumbnail_size":"crop-500","single_post_gallery_size":"crop-500"}],"trending_post":"0","trending_post_position":"meta","trending_post_label":"Trending","sponsored_post":"0","sponsored_post_label":"Sponsored by","sponsored_post_name":"","sponsored_post_url":"","sponsored_post_logo_enable":"0","sponsored_post_logo":"","sponsored_post_desc":"","disable_ad":"0"},"jnews_primary_category":{"id":""},"footnotes":""},"categories":[80,43,52],"tags":[150,110,96],"class_list":["post-82467","post","type-post","status-publish","format-standard","has-post-thumbnail","hentry","category-educacion","category-estado","category-gobierno-de-tlaxcala","tag-gobierno-del-estado","tag-municipios","tag-tlaxcala"],"aioseo_notices":[],"_links":{"self":[{"href":"https:\/\/estado29.mx\/index.php?rest_route=\/wp\/v2\/posts\/82467","targetHints":{"allow":["GET"]}}],"collection":[{"href":"https:\/\/estado29.mx\/index.php?rest_route=\/wp\/v2\/posts"}],"about":[{"href":"https:\/\/estado29.mx\/index.php?rest_route=\/wp\/v2\/types\/post"}],"author":[{"embeddable":true,"href":"https:\/\/estado29.mx\/index.php?rest_route=\/wp\/v2\/users\/4"}],"replies":[{"embeddable":true,"href":"https:\/\/estado29.mx\/index.php?rest_route=%2Fwp%2Fv2%2Fcomments&post=82467"}],"version-history":[{"count":1,"href":"https:\/\/estado29.mx\/index.php?rest_route=\/wp\/v2\/posts\/82467\/revisions"}],"predecessor-version":[{"id":82469,"href":"https:\/\/estado29.mx\/index.php?rest_route=\/wp\/v2\/posts\/82467\/revisions\/82469"}],"wp:featuredmedia":[{"embeddable":true,"href":"https:\/\/estado29.mx\/index.php?rest_route=\/wp\/v2\/media\/82468"}],"wp:attachment":[{"href":"https:\/\/estado29.mx\/index.php?rest_route=%2Fwp%2Fv2%2Fmedia&parent=82467"}],"wp:term":[{"taxonomy":"category","embeddable":true,"href":"https:\/\/estado29.mx\/index.php?rest_route=%2Fwp%2Fv2%2Fcategories&post=82467"},{"taxonomy":"post_tag","embeddable":true,"href":"https:\/\/estado29.mx\/index.php?rest_route=%2Fwp%2Fv2%2Ftags&post=82467"}],"curies":[{"name":"wp","href":"https:\/\/api.w.org\/{rel}","templated":true}]}}