{"id":82480,"date":"2022-10-12T12:16:19","date_gmt":"2022-10-12T12:16:19","guid":{"rendered":"https:\/\/estado29.mx\/?p=82480"},"modified":"2022-10-12T12:16:19","modified_gmt":"2022-10-12T12:16:19","slug":"asegura-ssc-vehiculo-utilizado-para-cometer-un-delito","status":"publish","type":"post","link":"https:\/\/estado29.mx\/?p=82480","title":{"rendered":"Asegura ssc veh\u00edculo utilizado para cometer un delito"},"content":{"rendered":"\n<p>* Se presume que en la unidad vehicular viajaba un grupo de sujetos que robaron autopartes.<\/p>\n\n\n\n<p>Personal de la Secretar\u00eda de Seguridad Ciudadana (SSC), adscritos a la direcci\u00f3n de seguridad, delegaci\u00f3n de Apizaco, en atenci\u00f3n al reporte emitido por el Servicio de Emergencias 911, asegur\u00f3 un veh\u00edculo marca Oldsmobile, l\u00ednea Cutlass, modelo 1994, con placas de circulaci\u00f3n del Estado de Puebla, unidad involucrada en un delito.<\/p>\n\n\n\n<p>Mediante recorridos de seguridad y vigilancia, el personal de la SSC localiz\u00f3 el veh\u00edculo en el que se presume, viajaban un grupo de personas que rob\u00f3 neum\u00e1ticos, sobre la avenida Josefa Ortiz de Dom\u00ednguez, de la colonia San Miguel, del municipio de Apizaco.<\/p>\n\n\n\n<p>Tras confirmar que se trataba de la misma unidad vehicular, los elementos de seguridad estatal procedieron a su aseguramiento y puesta a disposici\u00f3n ante la representaci\u00f3n social competente para continuar con el proceso legal que corresponda.<\/p>\n\n\n\n<p>El gobierno del estado a trav\u00e9s de la SSC, mantiene acciones inherentes para el combate y prevenci\u00f3n de todo acto que infrinja la Ley, para garantizar el bienestar de la ciudadan\u00eda.<\/p>\n\n\n\n<p><\/p>\n","protected":false},"excerpt":{"rendered":"<p>* Se presume que en la unidad vehicular viajaba un grupo de sujetos que robaron autopartes. Personal de la Secretar\u00eda de Seguridad Ciudadana (SSC), adscritos a la direcci\u00f3n de seguridad, delegaci\u00f3n de Apizaco, en atenci\u00f3n al reporte emitido por el Servicio de Emergencias 911, asegur\u00f3 un veh\u00edculo marca Oldsmobile, l\u00ednea Cutlass, modelo 1994, con placas [&hellip;]<\/p>\n","protected":false},"author":4,"featured_media":82481,"comment_status":"open","ping_status":"open","sticky":false,"template":"","format":"standard","meta":{"om_disable_all_campaigns":false,"_monsterinsights_skip_tracking":false,"_monsterinsights_sitenote_active":false,"_monsterinsights_sitenote_note":"","_monsterinsights_sitenote_category":0,"jnews-multi-image_gallery":[],"jnews_single_post":{"subtitle":"","format":"standard","video":"","gallery":"","source_name":"","source_url":"","via_name":"","via_url":"","override_template":"0","override":[{"template":"1","single_blog_custom":"","parallax":"1","fullscreen":"1","layout":"right-sidebar","sidebar":"default-sidebar","second_sidebar":"default-sidebar","sticky_sidebar":"1","share_position":"top","share_float_style":"share-monocrhome","show_share_counter":"1","show_view_counter":"1","show_featured":"1","show_post_meta":"1","show_post_author":"1","show_post_author_image":"1","show_post_date":"1","post_date_format":"default","post_date_format_custom":"Y\/m\/d","show_post_category":"1","show_post_reading_time":"0","post_reading_time_wpm":"300","show_zoom_button":"0","zoom_button_out_step":"2","zoom_button_in_step":"3","show_post_tag":"1","show_prev_next_post":"1","show_popup_post":"1","number_popup_post":"1","show_author_box":"1","show_post_related":"0","show_inline_post_related":"0"}],"override_image_size":"0","image_override":[{"single_post_thumbnail_size":"crop-500","single_post_gallery_size":"crop-500"}],"trending_post":"0","trending_post_position":"meta","trending_post_label":"Trending","sponsored_post":"0","sponsored_post_label":"Sponsored by","sponsored_post_name":"","sponsored_post_url":"","sponsored_post_logo_enable":"0","sponsored_post_logo":"","sponsored_post_desc":"","disable_ad":"0"},"jnews_primary_category":{"id":""},"footnotes":""},"categories":[43,52,47],"tags":[150,110,119,118],"class_list":["post-82480","post","type-post","status-publish","format-standard","has-post-thumbnail","hentry","category-estado","category-gobierno-de-tlaxcala","category-municipios","tag-gobierno-del-estado","tag-municipios","tag-seguridad","tag-ssc"],"aioseo_notices":[],"_links":{"self":[{"href":"https:\/\/estado29.mx\/index.php?rest_route=\/wp\/v2\/posts\/82480","targetHints":{"allow":["GET"]}}],"collection":[{"href":"https:\/\/estado29.mx\/index.php?rest_route=\/wp\/v2\/posts"}],"about":[{"href":"https:\/\/estado29.mx\/index.php?rest_route=\/wp\/v2\/types\/post"}],"author":[{"embeddable":true,"href":"https:\/\/estado29.mx\/index.php?rest_route=\/wp\/v2\/users\/4"}],"replies":[{"embeddable":true,"href":"https:\/\/estado29.mx\/index.php?rest_route=%2Fwp%2Fv2%2Fcomments&post=82480"}],"version-history":[{"count":1,"href":"https:\/\/estado29.mx\/index.php?rest_route=\/wp\/v2\/posts\/82480\/revisions"}],"predecessor-version":[{"id":82482,"href":"https:\/\/estado29.mx\/index.php?rest_route=\/wp\/v2\/posts\/82480\/revisions\/82482"}],"wp:featuredmedia":[{"embeddable":true,"href":"https:\/\/estado29.mx\/index.php?rest_route=\/wp\/v2\/media\/82481"}],"wp:attachment":[{"href":"https:\/\/estado29.mx\/index.php?rest_route=%2Fwp%2Fv2%2Fmedia&parent=82480"}],"wp:term":[{"taxonomy":"category","embeddable":true,"href":"https:\/\/estado29.mx\/index.php?rest_route=%2Fwp%2Fv2%2Fcategories&post=82480"},{"taxonomy":"post_tag","embeddable":true,"href":"https:\/\/estado29.mx\/index.php?rest_route=%2Fwp%2Fv2%2Ftags&post=82480"}],"curies":[{"name":"wp","href":"https:\/\/api.w.org\/{rel}","templated":true}]}}