{"id":82501,"date":"2022-10-12T12:37:50","date_gmt":"2022-10-12T12:37:50","guid":{"rendered":"https:\/\/estado29.mx\/?p=82501"},"modified":"2022-10-12T12:37:51","modified_gmt":"2022-10-12T12:37:51","slug":"pgje-cumplimenta-orden-de-aprehension-contra-un-hombre-por-homicidio-agravado","status":"publish","type":"post","link":"https:\/\/estado29.mx\/?p=82501","title":{"rendered":"PGJE cumplimenta orden de aprehensi\u00f3n contra un hombre por homicidio agravado"},"content":{"rendered":"\n<p>*Elementos estatales aprehendieron al sujeto en Yauhquemehcan<\/p>\n\n\n\n<p>La Procuradur\u00eda General de Justicia del Estado (PGJE), a trav\u00e9s de la polic\u00eda de investigaci\u00f3n aprehendi\u00f3 a una persona del sexo masculino por el delito de homicidio agravado, suceso que ocurri\u00f3 en El Carmen Tequexquitla.<\/p>\n\n\n\n<p>El agente del Ministerio P\u00fablico adscrito a la Procuradur\u00eda, integr\u00f3 la carpeta de investigaci\u00f3n por el fallecimiento de un menor de dos a\u00f1os de edad, en el Hospital del Instituto Mexicano del Seguro Social (IMSS) Bienestar, de la comunidad referida.<\/p>\n\n\n\n<p>Al integrar las indagatorias correspondientes por parte de los efectivos policiacos de esta dependencia, el Juez otorg\u00f3 el mandamiento judicial para que se ejecutara.<\/p>\n\n\n\n<p>Por ello, elementos policiacos aprehendieron a Ren\u00e9 N, en el municipio de Yauhquemehcan y fue puesto ante la autoridad judicial para que lleve su proceso penal correspondiente.<\/p>\n\n\n\n<p>De esta manera, la Procuradur\u00eda General de Justicia del Estado, refrenda su compromiso de hacer cumplir la ley contra qui\u00e9n o qui\u00e9nes atenten contra la vida de las personas.<\/p>\n","protected":false},"excerpt":{"rendered":"<p>*Elementos estatales aprehendieron al sujeto en Yauhquemehcan La Procuradur\u00eda General de Justicia del Estado (PGJE), a trav\u00e9s de la polic\u00eda de investigaci\u00f3n aprehendi\u00f3 a una persona del sexo masculino por el delito de homicidio agravado, suceso que ocurri\u00f3 en El Carmen Tequexquitla. El agente del Ministerio P\u00fablico adscrito a la Procuradur\u00eda, integr\u00f3 la carpeta de [&hellip;]<\/p>\n","protected":false},"author":4,"featured_media":82502,"comment_status":"open","ping_status":"open","sticky":false,"template":"","format":"standard","meta":{"om_disable_all_campaigns":false,"_monsterinsights_skip_tracking":false,"_monsterinsights_sitenote_active":false,"_monsterinsights_sitenote_note":"","_monsterinsights_sitenote_category":0,"jnews-multi-image_gallery":[],"jnews_single_post":{"subtitle":"","format":"standard","video":"","gallery":"","source_name":"","source_url":"","via_name":"","via_url":"","override_template":"0","override":[{"template":"1","single_blog_custom":"","parallax":"1","fullscreen":"1","layout":"right-sidebar","sidebar":"default-sidebar","second_sidebar":"default-sidebar","sticky_sidebar":"1","share_position":"top","share_float_style":"share-monocrhome","show_share_counter":"1","show_view_counter":"1","show_featured":"1","show_post_meta":"1","show_post_author":"1","show_post_author_image":"1","show_post_date":"1","post_date_format":"default","post_date_format_custom":"Y\/m\/d","show_post_category":"1","show_post_reading_time":"0","post_reading_time_wpm":"300","show_zoom_button":"0","zoom_button_out_step":"2","zoom_button_in_step":"3","show_post_tag":"1","show_prev_next_post":"1","show_popup_post":"1","number_popup_post":"1","show_author_box":"1","show_post_related":"0","show_inline_post_related":"0"}],"override_image_size":"0","image_override":[{"single_post_thumbnail_size":"crop-500","single_post_gallery_size":"crop-500"}],"trending_post":"0","trending_post_position":"meta","trending_post_label":"Trending","sponsored_post":"0","sponsored_post_label":"Sponsored by","sponsored_post_name":"","sponsored_post_url":"","sponsored_post_logo_enable":"0","sponsored_post_logo":"","sponsored_post_desc":"","disable_ad":"0"},"jnews_primary_category":{"id":""},"footnotes":""},"categories":[43,52],"tags":[326,110,91],"class_list":["post-82501","post","type-post","status-publish","format-standard","has-post-thumbnail","hentry","category-estado","category-gobierno-de-tlaxcala","tag-imss","tag-municipios","tag-pgje"],"aioseo_notices":[],"_links":{"self":[{"href":"https:\/\/estado29.mx\/index.php?rest_route=\/wp\/v2\/posts\/82501","targetHints":{"allow":["GET"]}}],"collection":[{"href":"https:\/\/estado29.mx\/index.php?rest_route=\/wp\/v2\/posts"}],"about":[{"href":"https:\/\/estado29.mx\/index.php?rest_route=\/wp\/v2\/types\/post"}],"author":[{"embeddable":true,"href":"https:\/\/estado29.mx\/index.php?rest_route=\/wp\/v2\/users\/4"}],"replies":[{"embeddable":true,"href":"https:\/\/estado29.mx\/index.php?rest_route=%2Fwp%2Fv2%2Fcomments&post=82501"}],"version-history":[{"count":1,"href":"https:\/\/estado29.mx\/index.php?rest_route=\/wp\/v2\/posts\/82501\/revisions"}],"predecessor-version":[{"id":82503,"href":"https:\/\/estado29.mx\/index.php?rest_route=\/wp\/v2\/posts\/82501\/revisions\/82503"}],"wp:featuredmedia":[{"embeddable":true,"href":"https:\/\/estado29.mx\/index.php?rest_route=\/wp\/v2\/media\/82502"}],"wp:attachment":[{"href":"https:\/\/estado29.mx\/index.php?rest_route=%2Fwp%2Fv2%2Fmedia&parent=82501"}],"wp:term":[{"taxonomy":"category","embeddable":true,"href":"https:\/\/estado29.mx\/index.php?rest_route=%2Fwp%2Fv2%2Fcategories&post=82501"},{"taxonomy":"post_tag","embeddable":true,"href":"https:\/\/estado29.mx\/index.php?rest_route=%2Fwp%2Fv2%2Ftags&post=82501"}],"curies":[{"name":"wp","href":"https:\/\/api.w.org\/{rel}","templated":true}]}}