{"id":82550,"date":"2022-10-14T12:23:10","date_gmt":"2022-10-14T12:23:10","guid":{"rendered":"https:\/\/estado29.mx\/?p=82550"},"modified":"2022-10-14T12:23:11","modified_gmt":"2022-10-14T12:23:11","slug":"sedif-e-itea-fortalecen-calidad-de-vida-de-ninas-ninos-adolescentes-y-adultos-mayores","status":"publish","type":"post","link":"https:\/\/estado29.mx\/?p=82550","title":{"rendered":"SEDIF e ITEA fortalecen calidad de vida de ni\u00f1as, ni\u00f1os, adolescentes y adultos mayores"},"content":{"rendered":"\n<p><\/p>\n\n\n\n<p>*Previo a la firma de convenio se llev\u00f3 a cabo una mesa de trabajo con directivos y jefes de los departamentos del Sedif<\/p>\n\n\n\n<p>Con el objetivo de establecer lazos de colaboraci\u00f3n para mejorar la calidad de vida de ni\u00f1as, ni\u00f1os, adolescentes, adultos mayores y personas con discapacidad, este d\u00eda el Sistema Estatal para el Desarrollo Integral de la Familia (Sedif) y el Instituto Tlaxcalteca para la Educaci\u00f3n de los Adultos (ITEA), firmaron un convenio de colaboraci\u00f3n para brindar servicios educativos de calidad y combatir el rezago educativo en la entidad.<\/p>\n\n\n\n<p>La firma de convenio fue encabezada por la presidenta honor\u00edfica y la directora general del Sistema Estatal DIF, Mariana Espinosa de los Monteros Cu\u00e9llar y Flor L\u00f3pez Hinojosa, respectivamente, as\u00ed como por la directora del ITEA, Michaelle Brito V\u00e1zquez; tambi\u00e9n estuvieron presentes la coordinadora de la Zona 05, Ana Claudia Ramos Gonz\u00e1lez y el responsable de Alianzas Estrat\u00e9gicas del ITEA, Orlando Nava Cabrera.<\/p>\n\n\n\n<p>En su intervenci\u00f3n, la presidenta honor\u00edfica del Sedif, Mariana Espinosa de los Monteros destac\u00f3 la importancia de la firma del convenio entre ambas instituciones que velan por el bienestar de las personas de los grupos de atenci\u00f3n prioritaria, para que cuenten con las herramientas necesarias para avanzar en el \u00e1mbito educativo.<\/p>\n\n\n\n<p>\u201cCon esta alianza entre DIF e ITEA vamos a lograr muchas cosas, nunca es tarde para aprender para poder capacitarse porque no solo los adultos pueden retomar sus estudios de nivel b\u00e1sico, sino tambi\u00e9n las ni\u00f1as, ni\u00f1os y adolescentes para evitar que sigan en rezago educativo\u201d, coment\u00f3 la titular del Sedif.<\/p>\n\n\n\n<p>Al respecto, la directora del ITEA explic\u00f3 que brindan servicios educativos a trav\u00e9s de coordinaciones estatales en siete plazas comunitarias, en las que hay personal capacitado para brindar asesor\u00edas con un sistema abierto de educaci\u00f3n, que se adec\u00faan a las necesidades de las y los educandos, as\u00ed como en la plataforma digital Aprende INEA, pues con esas y otras acciones el instituto impulsa la alfabetizaci\u00f3n en la entidad.<\/p>\n","protected":false},"excerpt":{"rendered":"<p>*Previo a la firma de convenio se llev\u00f3 a cabo una mesa de trabajo con directivos y jefes de los departamentos del Sedif Con el objetivo de establecer lazos de colaboraci\u00f3n para mejorar la calidad de vida de ni\u00f1as, ni\u00f1os, adolescentes, adultos mayores y personas con discapacidad, este d\u00eda el Sistema Estatal para el Desarrollo [&hellip;]<\/p>\n","protected":false},"author":4,"featured_media":82551,"comment_status":"open","ping_status":"open","sticky":false,"template":"","format":"standard","meta":{"om_disable_all_campaigns":false,"_monsterinsights_skip_tracking":false,"_monsterinsights_sitenote_active":false,"_monsterinsights_sitenote_note":"","_monsterinsights_sitenote_category":0,"jnews-multi-image_gallery":[],"jnews_single_post":{"subtitle":"","format":"standard","video":"","gallery":"","source_name":"","source_url":"","via_name":"","via_url":"","override_template":"0","override":[{"template":"1","single_blog_custom":"","parallax":"1","fullscreen":"1","layout":"right-sidebar","sidebar":"default-sidebar","second_sidebar":"default-sidebar","sticky_sidebar":"1","share_position":"top","share_float_style":"share-monocrhome","show_share_counter":"1","show_view_counter":"1","show_featured":"1","show_post_meta":"1","show_post_author":"1","show_post_author_image":"1","show_post_date":"1","post_date_format":"default","post_date_format_custom":"Y\/m\/d","show_post_category":"1","show_post_reading_time":"0","post_reading_time_wpm":"300","show_zoom_button":"0","zoom_button_out_step":"2","zoom_button_in_step":"3","show_post_tag":"1","show_prev_next_post":"1","show_popup_post":"1","number_popup_post":"1","show_author_box":"1","show_post_related":"0","show_inline_post_related":"0"}],"override_image_size":"0","image_override":[{"single_post_thumbnail_size":"crop-500","single_post_gallery_size":"crop-500"}],"trending_post":"0","trending_post_position":"meta","trending_post_label":"Trending","sponsored_post":"0","sponsored_post_label":"Sponsored by","sponsored_post_name":"","sponsored_post_url":"","sponsored_post_logo_enable":"0","sponsored_post_logo":"","sponsored_post_desc":"","disable_ad":"0"},"jnews_primary_category":{"id":""},"footnotes":""},"categories":[80,43,52],"tags":[150,231,121,96],"class_list":["post-82550","post","type-post","status-publish","format-standard","has-post-thumbnail","hentry","category-educacion","category-estado","category-gobierno-de-tlaxcala","tag-gobierno-del-estado","tag-itea","tag-sedif","tag-tlaxcala"],"aioseo_notices":[],"_links":{"self":[{"href":"https:\/\/estado29.mx\/index.php?rest_route=\/wp\/v2\/posts\/82550","targetHints":{"allow":["GET"]}}],"collection":[{"href":"https:\/\/estado29.mx\/index.php?rest_route=\/wp\/v2\/posts"}],"about":[{"href":"https:\/\/estado29.mx\/index.php?rest_route=\/wp\/v2\/types\/post"}],"author":[{"embeddable":true,"href":"https:\/\/estado29.mx\/index.php?rest_route=\/wp\/v2\/users\/4"}],"replies":[{"embeddable":true,"href":"https:\/\/estado29.mx\/index.php?rest_route=%2Fwp%2Fv2%2Fcomments&post=82550"}],"version-history":[{"count":1,"href":"https:\/\/estado29.mx\/index.php?rest_route=\/wp\/v2\/posts\/82550\/revisions"}],"predecessor-version":[{"id":82552,"href":"https:\/\/estado29.mx\/index.php?rest_route=\/wp\/v2\/posts\/82550\/revisions\/82552"}],"wp:featuredmedia":[{"embeddable":true,"href":"https:\/\/estado29.mx\/index.php?rest_route=\/wp\/v2\/media\/82551"}],"wp:attachment":[{"href":"https:\/\/estado29.mx\/index.php?rest_route=%2Fwp%2Fv2%2Fmedia&parent=82550"}],"wp:term":[{"taxonomy":"category","embeddable":true,"href":"https:\/\/estado29.mx\/index.php?rest_route=%2Fwp%2Fv2%2Fcategories&post=82550"},{"taxonomy":"post_tag","embeddable":true,"href":"https:\/\/estado29.mx\/index.php?rest_route=%2Fwp%2Fv2%2Ftags&post=82550"}],"curies":[{"name":"wp","href":"https:\/\/api.w.org\/{rel}","templated":true}]}}