{"id":82586,"date":"2022-10-17T12:25:18","date_gmt":"2022-10-17T12:25:18","guid":{"rendered":"https:\/\/estado29.mx\/?p=82586"},"modified":"2022-10-17T12:25:18","modified_gmt":"2022-10-17T12:25:18","slug":"realiza-icatlax-expoventa-regional-en-el-municipio-de-apizaco","status":"publish","type":"post","link":"https:\/\/estado29.mx\/?p=82586","title":{"rendered":"Realiza ICATLAX expoventa regional en el municipio de Apizaco"},"content":{"rendered":"\n<p>*Se busca que los capacitados pongan en pr\u00e1ctica sus conocimientos adquiridos<\/p>\n\n\n\n<p>El Instituto de Capacitaci\u00f3n para el Trabajo del Estado de Tlaxcala, (Icatlax) realiz\u00f3 la \u201cExpoventa regional 2022\u201d en Apizaco, en coordinaci\u00f3n con el Instituto Municipal de la Juventud (Imjuve).<\/p>\n\n\n\n<p>El director general del Icatlax, Juan Manuel Lemus P\u00e9rez inform\u00f3 que gracias a las expoventas que se han realizado en esta administraci\u00f3n, los capacitados ponen en pr\u00e1ctica todos los conocimientos, habilidades y destrezas que han adquirido mediante la ense\u00f1anza de los instructores de las diferentes unidades de capacitaci\u00f3n.<\/p>\n\n\n\n<p>Lemus P\u00e9rez mencion\u00f3 que \u201cse contin\u00faa trabajando de la mano de la gobernadora Lorena Cu\u00e9llar Cisneros, para que m\u00e1s tlaxcaltecas sean capacitados en los centros de aprendizaje del Icatlax, buscamos que tengan un mejor futuro e incorporarlos a trav\u00e9s del emprendimiento al sector formal de la econom\u00eda\u201d.<\/p>\n\n\n\n<p>La directora del Imjuve, Ang\u00e9lica Lizet Guti\u00e9rrez extern\u00f3 el reconocimiento a todos los artesanos que se capacitan en el instituto por no desistir en su formaci\u00f3n, pues deben continuar con el prop\u00f3sito de obtener el reconocimiento y una remuneraci\u00f3n en beneficio de sus familias.<\/p>\n\n\n\n<p>En tanto, Claudia Cu\u00e9llar V\u00e1zquez, alumna destacada del instituto, hizo una cordial invitaci\u00f3n a toda la ciudadan\u00eda a instruirse en los diferentes planteles, pues subray\u00f3 que estos cursos son de gran ayuda para poder iniciar un negocio propio.<\/p>\n\n\n\n<p>El Icatlax tiene el compromiso de seguir trabajando en beneficio de la poblaci\u00f3n tlaxcalteca, hacer llegar a cada una de las personas que se encuentran dentro del sector laboral, capacitaci\u00f3n de calidad y que cuenten con una certificaci\u00f3n con validez oficial.<\/p>\n","protected":false},"excerpt":{"rendered":"<p>*Se busca que los capacitados pongan en pr\u00e1ctica sus conocimientos adquiridos El Instituto de Capacitaci\u00f3n para el Trabajo del Estado de Tlaxcala, (Icatlax) realiz\u00f3 la \u201cExpoventa regional 2022\u201d en Apizaco, en coordinaci\u00f3n con el Instituto Municipal de la Juventud (Imjuve). El director general del Icatlax, Juan Manuel Lemus P\u00e9rez inform\u00f3 que gracias a las expoventas [&hellip;]<\/p>\n","protected":false},"author":4,"featured_media":82587,"comment_status":"open","ping_status":"open","sticky":false,"template":"","format":"standard","meta":{"om_disable_all_campaigns":false,"_monsterinsights_skip_tracking":false,"_monsterinsights_sitenote_active":false,"_monsterinsights_sitenote_note":"","_monsterinsights_sitenote_category":0,"jnews-multi-image_gallery":[],"jnews_single_post":{"subtitle":"","format":"standard","video":"","gallery":"","source_name":"","source_url":"","via_name":"","via_url":"","override_template":"0","override":[{"template":"1","single_blog_custom":"","parallax":"1","fullscreen":"1","layout":"right-sidebar","sidebar":"default-sidebar","second_sidebar":"default-sidebar","sticky_sidebar":"1","share_position":"top","share_float_style":"share-monocrhome","show_share_counter":"1","show_view_counter":"1","show_featured":"1","show_post_meta":"1","show_post_author":"1","show_post_author_image":"1","show_post_date":"1","post_date_format":"default","post_date_format_custom":"Y\/m\/d","show_post_category":"1","show_post_reading_time":"0","post_reading_time_wpm":"300","show_zoom_button":"0","zoom_button_out_step":"2","zoom_button_in_step":"3","show_post_tag":"1","show_prev_next_post":"1","show_popup_post":"1","number_popup_post":"1","show_author_box":"1","show_post_related":"0","show_inline_post_related":"0"}],"override_image_size":"0","image_override":[{"single_post_thumbnail_size":"crop-500","single_post_gallery_size":"crop-500"}],"trending_post":"0","trending_post_position":"meta","trending_post_label":"Trending","sponsored_post":"0","sponsored_post_label":"Sponsored by","sponsored_post_name":"","sponsored_post_url":"","sponsored_post_logo_enable":"0","sponsored_post_logo":"","sponsored_post_desc":"","disable_ad":"0"},"jnews_primary_category":{"id":""},"footnotes":""},"categories":[43,52],"tags":[150,233,96],"class_list":["post-82586","post","type-post","status-publish","format-standard","has-post-thumbnail","hentry","category-estado","category-gobierno-de-tlaxcala","tag-gobierno-del-estado","tag-icatlax","tag-tlaxcala"],"aioseo_notices":[],"_links":{"self":[{"href":"https:\/\/estado29.mx\/index.php?rest_route=\/wp\/v2\/posts\/82586","targetHints":{"allow":["GET"]}}],"collection":[{"href":"https:\/\/estado29.mx\/index.php?rest_route=\/wp\/v2\/posts"}],"about":[{"href":"https:\/\/estado29.mx\/index.php?rest_route=\/wp\/v2\/types\/post"}],"author":[{"embeddable":true,"href":"https:\/\/estado29.mx\/index.php?rest_route=\/wp\/v2\/users\/4"}],"replies":[{"embeddable":true,"href":"https:\/\/estado29.mx\/index.php?rest_route=%2Fwp%2Fv2%2Fcomments&post=82586"}],"version-history":[{"count":1,"href":"https:\/\/estado29.mx\/index.php?rest_route=\/wp\/v2\/posts\/82586\/revisions"}],"predecessor-version":[{"id":82588,"href":"https:\/\/estado29.mx\/index.php?rest_route=\/wp\/v2\/posts\/82586\/revisions\/82588"}],"wp:featuredmedia":[{"embeddable":true,"href":"https:\/\/estado29.mx\/index.php?rest_route=\/wp\/v2\/media\/82587"}],"wp:attachment":[{"href":"https:\/\/estado29.mx\/index.php?rest_route=%2Fwp%2Fv2%2Fmedia&parent=82586"}],"wp:term":[{"taxonomy":"category","embeddable":true,"href":"https:\/\/estado29.mx\/index.php?rest_route=%2Fwp%2Fv2%2Fcategories&post=82586"},{"taxonomy":"post_tag","embeddable":true,"href":"https:\/\/estado29.mx\/index.php?rest_route=%2Fwp%2Fv2%2Ftags&post=82586"}],"curies":[{"name":"wp","href":"https:\/\/api.w.org\/{rel}","templated":true}]}}