{"id":82604,"date":"2022-10-17T12:50:56","date_gmt":"2022-10-17T12:50:56","guid":{"rendered":"https:\/\/estado29.mx\/?p=82604"},"modified":"2022-10-17T12:50:57","modified_gmt":"2022-10-17T12:50:57","slug":"galardono-gobernadora-lorena-cuellar-a-campeonas-de-la-modalidad-arco-recurvo-femenil","status":"publish","type":"post","link":"https:\/\/estado29.mx\/?p=82604","title":{"rendered":"Galardon\u00f3 gobernadora Lorena Cu\u00e9llar a campeonas de la modalidad arco recurvo femenil"},"content":{"rendered":"\n<p>*En el segundo y \u00faltimo d\u00eda de la Final de Copa del Mundo de Tiro con Arco Tlaxcala 2022, las coreanas An San y Choi Misun, obtuvieron el primer y segundo lugar, mientras que Peng Chia-Mao de China Taip\u00e9i se coloc\u00f3 en el tercer sitio<\/p>\n\n\n\n<p>La gobernadora Lorena Cu\u00e9llar Cisneros y el vicepresidente de la Federaci\u00f3n Internacional de Tiro con Arco, Th\u00f3mas Kyu Han, premiaron a las ganadoras de los tres primeros lugares de la modalidad Arco Recurvo Femenil en la Final de Copa del Mundo de Tiro con Arco Tlaxcala 2022.<\/p>\n\n\n\n<p>Durante el segundo y \u00faltimo d\u00eda de actividades de la justa deportiva, la coreana An San obtuvo el primer puesto, seguida de su compatriota Choi Misun, mientras que Peng Chia-Mao, de China Taip\u00e9i, se adjudic\u00f3 el tercer lugar y la mexicana Alejandra Valencia Trujillo ocup\u00f3 el cuarto sitio.<\/p>\n\n\n\n<p>Acompa\u00f1ada de representantes de la Federaci\u00f3n Internacional de esta disciplina; la directora de la Comisi\u00f3n Nacional de Cultura F\u00edsica y Deporte (Conade), Ana Gabriela Guevara; funcionarios del gabinete legal y ampliado, la titular del Ejecutivo local disfrut\u00f3 de este encuentro que tuvo como sede la Plaza de la Constituci\u00f3n y al igual que los dem\u00e1s espectadores, mostr\u00f3 su apoyo a la arquera mexicana.<\/p>\n\n\n\n<p>Durante las poco m\u00e1s de dos horas que dur\u00f3 la jornada del recurvo femenil, el p\u00fablico asistente no dej\u00f3 de animar a las ocho deportistas que se enfrentaron en esta categor\u00eda, quienes agradecieron con saludos y amplias sonrisas el cobijo de las y los tlaxcaltecas.<\/p>\n\n\n\n<p>\u201cLo disfrut\u00e9 mucho, gracias al p\u00fablico que estuvo aqu\u00ed, todos los que vinieron no solo de Tlaxcala, sino de M\u00e9xico y Am\u00e9rica, sentimos el apoyo, lo disfrut\u00e9 mucho, gracias a ustedes porque es de las primeras competencias en las que hay p\u00fablico despu\u00e9s del Covid. Ahora viene una competencia en Chile para ganar los pases para Panamericano del pr\u00f3ximo a\u00f1o\u201d, se\u00f1al\u00f3 Valencia Trujillo al t\u00e9rmino del evento.<\/p>\n","protected":false},"excerpt":{"rendered":"<p>*En el segundo y \u00faltimo d\u00eda de la Final de Copa del Mundo de Tiro con Arco Tlaxcala 2022, las coreanas An San y Choi Misun, obtuvieron el primer y segundo lugar, mientras que Peng Chia-Mao de China Taip\u00e9i se coloc\u00f3 en el tercer sitio La gobernadora Lorena Cu\u00e9llar Cisneros y el vicepresidente de la [&hellip;]<\/p>\n","protected":false},"author":4,"featured_media":82605,"comment_status":"open","ping_status":"open","sticky":false,"template":"","format":"standard","meta":{"om_disable_all_campaigns":false,"_monsterinsights_skip_tracking":false,"_monsterinsights_sitenote_active":false,"_monsterinsights_sitenote_note":"","_monsterinsights_sitenote_category":0,"jnews-multi-image_gallery":[],"jnews_single_post":{"subtitle":"","format":"standard","video":"","gallery":"","source_name":"","source_url":"","via_name":"","via_url":"","override_template":"0","override":[{"template":"1","single_blog_custom":"","parallax":"1","fullscreen":"1","layout":"right-sidebar","sidebar":"default-sidebar","second_sidebar":"default-sidebar","sticky_sidebar":"1","share_position":"top","share_float_style":"share-monocrhome","show_share_counter":"1","show_view_counter":"1","show_featured":"1","show_post_meta":"1","show_post_author":"1","show_post_author_image":"1","show_post_date":"1","post_date_format":"default","post_date_format_custom":"Y\/m\/d","show_post_category":"1","show_post_reading_time":"0","post_reading_time_wpm":"300","show_zoom_button":"0","zoom_button_out_step":"2","zoom_button_in_step":"3","show_post_tag":"1","show_prev_next_post":"1","show_popup_post":"1","number_popup_post":"1","show_author_box":"1","show_post_related":"0","show_inline_post_related":"0"}],"override_image_size":"0","image_override":[{"single_post_thumbnail_size":"crop-500","single_post_gallery_size":"crop-500"}],"trending_post":"0","trending_post_position":"meta","trending_post_label":"Trending","sponsored_post":"0","sponsored_post_label":"Sponsored by","sponsored_post_name":"","sponsored_post_url":"","sponsored_post_logo_enable":"0","sponsored_post_logo":"","sponsored_post_desc":"","disable_ad":"0"},"jnews_primary_category":{"id":""},"footnotes":""},"categories":[43,52],"tags":[150,110,96],"class_list":["post-82604","post","type-post","status-publish","format-standard","has-post-thumbnail","hentry","category-estado","category-gobierno-de-tlaxcala","tag-gobierno-del-estado","tag-municipios","tag-tlaxcala"],"aioseo_notices":[],"_links":{"self":[{"href":"https:\/\/estado29.mx\/index.php?rest_route=\/wp\/v2\/posts\/82604","targetHints":{"allow":["GET"]}}],"collection":[{"href":"https:\/\/estado29.mx\/index.php?rest_route=\/wp\/v2\/posts"}],"about":[{"href":"https:\/\/estado29.mx\/index.php?rest_route=\/wp\/v2\/types\/post"}],"author":[{"embeddable":true,"href":"https:\/\/estado29.mx\/index.php?rest_route=\/wp\/v2\/users\/4"}],"replies":[{"embeddable":true,"href":"https:\/\/estado29.mx\/index.php?rest_route=%2Fwp%2Fv2%2Fcomments&post=82604"}],"version-history":[{"count":1,"href":"https:\/\/estado29.mx\/index.php?rest_route=\/wp\/v2\/posts\/82604\/revisions"}],"predecessor-version":[{"id":82606,"href":"https:\/\/estado29.mx\/index.php?rest_route=\/wp\/v2\/posts\/82604\/revisions\/82606"}],"wp:featuredmedia":[{"embeddable":true,"href":"https:\/\/estado29.mx\/index.php?rest_route=\/wp\/v2\/media\/82605"}],"wp:attachment":[{"href":"https:\/\/estado29.mx\/index.php?rest_route=%2Fwp%2Fv2%2Fmedia&parent=82604"}],"wp:term":[{"taxonomy":"category","embeddable":true,"href":"https:\/\/estado29.mx\/index.php?rest_route=%2Fwp%2Fv2%2Fcategories&post=82604"},{"taxonomy":"post_tag","embeddable":true,"href":"https:\/\/estado29.mx\/index.php?rest_route=%2Fwp%2Fv2%2Ftags&post=82604"}],"curies":[{"name":"wp","href":"https:\/\/api.w.org\/{rel}","templated":true}]}}