{"id":82608,"date":"2022-10-18T12:20:38","date_gmt":"2022-10-18T12:20:38","guid":{"rendered":"https:\/\/estado29.mx\/?p=82608"},"modified":"2022-10-18T12:20:39","modified_gmt":"2022-10-18T12:20:39","slug":"localiza-pgje-a-menor-que-fue-sustraida-por-su-madre","status":"publish","type":"post","link":"https:\/\/estado29.mx\/?p=82608","title":{"rendered":"Localiza PGJE a menor que fue sustra\u00edda por su madre"},"content":{"rendered":"\n<p><\/p>\n\n\n\n<p>*Elementos policiacos realizaron las labores de investigaci\u00f3n correspondientes y ubicaron a la menor de 13 a\u00f1os de edad en Ayometla<\/p>\n\n\n\n<p>Agentes de la Polic\u00eda de Investigaci\u00f3n adscritos a la Procuradur\u00eda General de Justicia del Estado (PGJE), lograron la localizaci\u00f3n de una menor de 13 a\u00f1os de edad que hab\u00eda sido sustra\u00edda por su madre y fue restituida con su abuela, quien es la responsable de su salvaguarda y custodia.<\/p>\n\n\n\n<p>De acuerdo con los hechos, personal de la escuela le notific\u00f3 a la familiar de la menor que su mam\u00e1 la hab\u00eda recogido; sin embargo, ya no la regres\u00f3 a su domicilio, raz\u00f3n por la que present\u00f3 la denuncia correspondiente.<\/p>\n\n\n\n<p>Ante este hecho, el agente del Ministerio P\u00fablico integr\u00f3 la carpeta de investigaci\u00f3n correspondiente por el delito de retenci\u00f3n de menores y derivado de lo anterior efectivos policiacos de la Procuradur\u00eda realizaron las labores de investigaci\u00f3n, por lo que ubicaron a la menor en el municipio de Ayometla.<\/p>\n\n\n\n<p>Posteriormente, los elementos presentaron a la ni\u00f1a ante el representante del fuero com\u00fan de la PGJE, con el objetivo de llevar a cabo los tr\u00e1mites correspondientes para ser restituida con su abuela.<\/p>\n\n\n\n<p>De esta manera, la Procuradur\u00eda General de Justicia del Estado trabaja en acciones que contribuyan a salvaguardar la integridad de ni\u00f1as, ni\u00f1os y adolescentes.<\/p>\n","protected":false},"excerpt":{"rendered":"<p>*Elementos policiacos realizaron las labores de investigaci\u00f3n correspondientes y ubicaron a la menor de 13 a\u00f1os de edad en Ayometla Agentes de la Polic\u00eda de Investigaci\u00f3n adscritos a la Procuradur\u00eda General de Justicia del Estado (PGJE), lograron la localizaci\u00f3n de una menor de 13 a\u00f1os de edad que hab\u00eda sido sustra\u00edda por su madre y [&hellip;]<\/p>\n","protected":false},"author":4,"featured_media":82609,"comment_status":"open","ping_status":"open","sticky":false,"template":"","format":"standard","meta":{"om_disable_all_campaigns":false,"_monsterinsights_skip_tracking":false,"_monsterinsights_sitenote_active":false,"_monsterinsights_sitenote_note":"","_monsterinsights_sitenote_category":0,"jnews-multi-image_gallery":[],"jnews_single_post":{"subtitle":"","format":"standard","video":"","gallery":"","source_name":"","source_url":"","via_name":"","via_url":"","override_template":"0","override":[{"template":"1","single_blog_custom":"","parallax":"1","fullscreen":"1","layout":"right-sidebar","sidebar":"default-sidebar","second_sidebar":"default-sidebar","sticky_sidebar":"1","share_position":"top","share_float_style":"share-monocrhome","show_share_counter":"1","show_view_counter":"1","show_featured":"1","show_post_meta":"1","show_post_author":"1","show_post_author_image":"1","show_post_date":"1","post_date_format":"default","post_date_format_custom":"Y\/m\/d","show_post_category":"1","show_post_reading_time":"0","post_reading_time_wpm":"300","show_zoom_button":"0","zoom_button_out_step":"2","zoom_button_in_step":"3","show_post_tag":"1","show_prev_next_post":"1","show_popup_post":"1","number_popup_post":"1","show_author_box":"1","show_post_related":"0","show_inline_post_related":"0"}],"override_image_size":"0","image_override":[{"single_post_thumbnail_size":"crop-500","single_post_gallery_size":"crop-500"}],"trending_post":"0","trending_post_position":"meta","trending_post_label":"Trending","sponsored_post":"0","sponsored_post_label":"Sponsored by","sponsored_post_name":"","sponsored_post_url":"","sponsored_post_logo_enable":"0","sponsored_post_logo":"","sponsored_post_desc":"","disable_ad":"0"},"jnews_primary_category":{"id":""},"footnotes":""},"categories":[43,52],"tags":[150,110,91,118,96],"class_list":["post-82608","post","type-post","status-publish","format-standard","has-post-thumbnail","hentry","category-estado","category-gobierno-de-tlaxcala","tag-gobierno-del-estado","tag-municipios","tag-pgje","tag-ssc","tag-tlaxcala"],"aioseo_notices":[],"_links":{"self":[{"href":"https:\/\/estado29.mx\/index.php?rest_route=\/wp\/v2\/posts\/82608","targetHints":{"allow":["GET"]}}],"collection":[{"href":"https:\/\/estado29.mx\/index.php?rest_route=\/wp\/v2\/posts"}],"about":[{"href":"https:\/\/estado29.mx\/index.php?rest_route=\/wp\/v2\/types\/post"}],"author":[{"embeddable":true,"href":"https:\/\/estado29.mx\/index.php?rest_route=\/wp\/v2\/users\/4"}],"replies":[{"embeddable":true,"href":"https:\/\/estado29.mx\/index.php?rest_route=%2Fwp%2Fv2%2Fcomments&post=82608"}],"version-history":[{"count":1,"href":"https:\/\/estado29.mx\/index.php?rest_route=\/wp\/v2\/posts\/82608\/revisions"}],"predecessor-version":[{"id":82610,"href":"https:\/\/estado29.mx\/index.php?rest_route=\/wp\/v2\/posts\/82608\/revisions\/82610"}],"wp:featuredmedia":[{"embeddable":true,"href":"https:\/\/estado29.mx\/index.php?rest_route=\/wp\/v2\/media\/82609"}],"wp:attachment":[{"href":"https:\/\/estado29.mx\/index.php?rest_route=%2Fwp%2Fv2%2Fmedia&parent=82608"}],"wp:term":[{"taxonomy":"category","embeddable":true,"href":"https:\/\/estado29.mx\/index.php?rest_route=%2Fwp%2Fv2%2Fcategories&post=82608"},{"taxonomy":"post_tag","embeddable":true,"href":"https:\/\/estado29.mx\/index.php?rest_route=%2Fwp%2Fv2%2Ftags&post=82608"}],"curies":[{"name":"wp","href":"https:\/\/api.w.org\/{rel}","templated":true}]}}