{"id":82614,"date":"2022-10-18T12:24:59","date_gmt":"2022-10-18T12:24:59","guid":{"rendered":"https:\/\/estado29.mx\/?p=82614"},"modified":"2022-10-18T12:24:59","modified_gmt":"2022-10-18T12:24:59","slug":"visita-procuradora-unidades-de-atencion-integral-e-investigacion-del-delito","status":"publish","type":"post","link":"https:\/\/estado29.mx\/?p=82614","title":{"rendered":"Visita procuradora unidades de atenci\u00f3n integral e investigaci\u00f3n del delito"},"content":{"rendered":"\n<p>*La titular de la PGJE revis\u00f3 las condiciones y necesidades de estos centros de atenci\u00f3n<\/p>\n\n\n\n<p>La titular de la Procuradur\u00eda General de Justicia del Estado (PGJE), Ernestina Carro Rold\u00e1n visit\u00f3 las Unidades de Atenci\u00f3n Integral e Investigaci\u00f3n del Delito de los municipios de Contla de Juan Cuamatzi, Huamantla, Ixtacuixtla y Zacatelco, con el objetivo de supervisar el servicio que brindan los Ministerios P\u00fablicos a la ciudadan\u00eda v\u00edctima de alg\u00fan delito.<\/p>\n\n\n\n<p>Acompa\u00f1ada de la subprocuradora de Operaciones, Mar\u00eda Azucena Jim\u00e9nez Pacheco y del director del Departamento de Atenci\u00f3n Integral y Justicia Alternativa, V\u00edctor Javier Cort\u00e9s Zamudio, la titular de la PGJE escuch\u00f3 las problem\u00e1ticas de los ciudadanos, al tiempo de revisar las condiciones en las que se encuentra cada uno de los centros de atenci\u00f3n y las necesidades que requieren.<\/p>\n\n\n\n<p>Durante el recorrido, la procuradora afirm\u00f3 que se llevar\u00e1n a cabo las remodelaciones necesarias, adem\u00e1s se dotar\u00e1n con el equipo tecnol\u00f3gico y el mobiliario adecuado para que el personal trabaje con eficacia y eficiencia en la integraci\u00f3n de las carpetas de investigaci\u00f3n.<\/p>\n\n\n\n<p>Cabe se\u00f1alar que la visita a las Unidades de Atenci\u00f3n Integral e Investigaci\u00f3n del Delito se realiza de manera peri\u00f3dica, con el prop\u00f3sito de atender las necesidades del personal para que poblaci\u00f3n reciba una atenci\u00f3n c\u00e1lida, sensible, eficiente y eficaz.<\/p>\n","protected":false},"excerpt":{"rendered":"<p>*La titular de la PGJE revis\u00f3 las condiciones y necesidades de estos centros de atenci\u00f3n La titular de la Procuradur\u00eda General de Justicia del Estado (PGJE), Ernestina Carro Rold\u00e1n visit\u00f3 las Unidades de Atenci\u00f3n Integral e Investigaci\u00f3n del Delito de los municipios de Contla de Juan Cuamatzi, Huamantla, Ixtacuixtla y Zacatelco, con el objetivo de [&hellip;]<\/p>\n","protected":false},"author":4,"featured_media":82615,"comment_status":"open","ping_status":"open","sticky":false,"template":"","format":"standard","meta":{"om_disable_all_campaigns":false,"_monsterinsights_skip_tracking":false,"_monsterinsights_sitenote_active":false,"_monsterinsights_sitenote_note":"","_monsterinsights_sitenote_category":0,"jnews-multi-image_gallery":[],"jnews_single_post":{"subtitle":"","format":"standard","video":"","gallery":"","source_name":"","source_url":"","via_name":"","via_url":"","override_template":"0","override":[{"template":"1","single_blog_custom":"","parallax":"1","fullscreen":"1","layout":"right-sidebar","sidebar":"default-sidebar","second_sidebar":"default-sidebar","sticky_sidebar":"1","share_position":"top","share_float_style":"share-monocrhome","show_share_counter":"1","show_view_counter":"1","show_featured":"1","show_post_meta":"1","show_post_author":"1","show_post_author_image":"1","show_post_date":"1","post_date_format":"default","post_date_format_custom":"Y\/m\/d","show_post_category":"1","show_post_reading_time":"0","post_reading_time_wpm":"300","show_zoom_button":"0","zoom_button_out_step":"2","zoom_button_in_step":"3","show_post_tag":"1","show_prev_next_post":"1","show_popup_post":"1","number_popup_post":"1","show_author_box":"1","show_post_related":"0","show_inline_post_related":"0"}],"override_image_size":"0","image_override":[{"single_post_thumbnail_size":"crop-500","single_post_gallery_size":"crop-500"}],"trending_post":"0","trending_post_position":"meta","trending_post_label":"Trending","sponsored_post":"0","sponsored_post_label":"Sponsored by","sponsored_post_name":"","sponsored_post_url":"","sponsored_post_logo_enable":"0","sponsored_post_logo":"","sponsored_post_desc":"","disable_ad":"0"},"jnews_primary_category":{"id":""},"footnotes":""},"categories":[43,52],"tags":[150,110,91,96],"class_list":["post-82614","post","type-post","status-publish","format-standard","has-post-thumbnail","hentry","category-estado","category-gobierno-de-tlaxcala","tag-gobierno-del-estado","tag-municipios","tag-pgje","tag-tlaxcala"],"aioseo_notices":[],"_links":{"self":[{"href":"https:\/\/estado29.mx\/index.php?rest_route=\/wp\/v2\/posts\/82614","targetHints":{"allow":["GET"]}}],"collection":[{"href":"https:\/\/estado29.mx\/index.php?rest_route=\/wp\/v2\/posts"}],"about":[{"href":"https:\/\/estado29.mx\/index.php?rest_route=\/wp\/v2\/types\/post"}],"author":[{"embeddable":true,"href":"https:\/\/estado29.mx\/index.php?rest_route=\/wp\/v2\/users\/4"}],"replies":[{"embeddable":true,"href":"https:\/\/estado29.mx\/index.php?rest_route=%2Fwp%2Fv2%2Fcomments&post=82614"}],"version-history":[{"count":1,"href":"https:\/\/estado29.mx\/index.php?rest_route=\/wp\/v2\/posts\/82614\/revisions"}],"predecessor-version":[{"id":82616,"href":"https:\/\/estado29.mx\/index.php?rest_route=\/wp\/v2\/posts\/82614\/revisions\/82616"}],"wp:featuredmedia":[{"embeddable":true,"href":"https:\/\/estado29.mx\/index.php?rest_route=\/wp\/v2\/media\/82615"}],"wp:attachment":[{"href":"https:\/\/estado29.mx\/index.php?rest_route=%2Fwp%2Fv2%2Fmedia&parent=82614"}],"wp:term":[{"taxonomy":"category","embeddable":true,"href":"https:\/\/estado29.mx\/index.php?rest_route=%2Fwp%2Fv2%2Fcategories&post=82614"},{"taxonomy":"post_tag","embeddable":true,"href":"https:\/\/estado29.mx\/index.php?rest_route=%2Fwp%2Fv2%2Ftags&post=82614"}],"curies":[{"name":"wp","href":"https:\/\/api.w.org\/{rel}","templated":true}]}}