{"id":82656,"date":"2022-10-19T12:34:12","date_gmt":"2022-10-19T12:34:12","guid":{"rendered":"https:\/\/estado29.mx\/?p=82656"},"modified":"2022-10-19T12:34:13","modified_gmt":"2022-10-19T12:34:13","slug":"en-fase-de-investigacion-complementaria-caso-de-pedro-n","status":"publish","type":"post","link":"https:\/\/estado29.mx\/?p=82656","title":{"rendered":"En fase de investigaci\u00f3n complementaria, caso de Pedro N."},"content":{"rendered":"\n<p>*Los datos del caso son reservados hasta que exista una sentencia definitiva para no entorpecer las investigaciones correspondientes.<\/p>\n\n\n\n<p>La Procuradur\u00eda General de Justicia del Estado (PGJE) informa que los datos de la investigaci\u00f3n de homicidio calificado perpetrado el d\u00eda 8 de noviembre de 2021 en Huamantla, del que se desprendi\u00f3 una orden de aprehensi\u00f3n contra Pedro N., por su presunta participaci\u00f3n, son reservados hasta en tanto no haya una sentencia emitida por un tribunal de enjuiciamiento.<\/p>\n\n\n\n<p>Pedro N., fue aprehendido en Guanajuato por elementos de la Polic\u00eda de Investigaci\u00f3n de la Fiscal\u00eda General de Justicia del Estado de esa entidad federativa y entregado a elementos policiacos de la PGJE de Tlaxcala por su presunta participaci\u00f3n en el delito de homicidio calificado perpetrado el a\u00f1o pasado en tierras tlaxcaltecas.<\/p>\n\n\n\n<p>Actualmente, el masculino se encuentra a disposici\u00f3n del Juez de Control de Juicio Oral del Distrito Judicial de Emilio S\u00e1nchez Piedras, debido a que los datos de prueba ofertados por el Ministerio P\u00fablico fueron id\u00f3neos y pertinentes para que el juez de control dictara auto de vinculaci\u00f3n a proceso.<\/p>\n\n\n\n<p>El caso se encuentra en la fase de investigaci\u00f3n complementaria y para no violentar el principio de presunci\u00f3n de inocencia, de acuerdo con el art\u00edculo 13 del C\u00f3digo Nacional de Procedimientos Penales (CNPP), los datos sobre este tema ser\u00e1n reservados hasta que sea un tribunal de enjuiciamiento quien determine, a trav\u00e9s de una sentencia, la participaci\u00f3n de Pedro N., en el hecho que se le imputa.<\/p>\n\n\n\n<p>La Procuradur\u00eda General de Justicia del Estado contin\u00faa con la aplicaci\u00f3n rigurosa y apegada a las normas, de los protocolos de investigaci\u00f3n para deslindar las responsabilidades en contra de quien o quienes resulten responsables de este il\u00edcito.<\/p>\n","protected":false},"excerpt":{"rendered":"<p>*Los datos del caso son reservados hasta que exista una sentencia definitiva para no entorpecer las investigaciones correspondientes. La Procuradur\u00eda General de Justicia del Estado (PGJE) informa que los datos de la investigaci\u00f3n de homicidio calificado perpetrado el d\u00eda 8 de noviembre de 2021 en Huamantla, del que se desprendi\u00f3 una orden de aprehensi\u00f3n contra [&hellip;]<\/p>\n","protected":false},"author":4,"featured_media":82657,"comment_status":"open","ping_status":"open","sticky":false,"template":"","format":"standard","meta":{"om_disable_all_campaigns":false,"_monsterinsights_skip_tracking":false,"_monsterinsights_sitenote_active":false,"_monsterinsights_sitenote_note":"","_monsterinsights_sitenote_category":0,"jnews-multi-image_gallery":[],"jnews_single_post":{"subtitle":"","format":"standard","video":"","gallery":"","source_name":"","source_url":"","via_name":"","via_url":"","override_template":"0","override":[{"template":"1","single_blog_custom":"","parallax":"1","fullscreen":"1","layout":"right-sidebar","sidebar":"default-sidebar","second_sidebar":"default-sidebar","sticky_sidebar":"1","share_position":"top","share_float_style":"share-monocrhome","show_share_counter":"1","show_view_counter":"1","show_featured":"1","show_post_meta":"1","show_post_author":"1","show_post_author_image":"1","show_post_date":"1","post_date_format":"default","post_date_format_custom":"Y\/m\/d","show_post_category":"1","show_post_reading_time":"0","post_reading_time_wpm":"300","show_zoom_button":"0","zoom_button_out_step":"2","zoom_button_in_step":"3","show_post_tag":"1","show_prev_next_post":"1","show_popup_post":"1","number_popup_post":"1","show_author_box":"1","show_post_related":"0","show_inline_post_related":"0"}],"override_image_size":"0","image_override":[{"single_post_thumbnail_size":"crop-500","single_post_gallery_size":"crop-500"}],"trending_post":"0","trending_post_position":"meta","trending_post_label":"Trending","sponsored_post":"0","sponsored_post_label":"Sponsored by","sponsored_post_name":"","sponsored_post_url":"","sponsored_post_logo_enable":"0","sponsored_post_logo":"","sponsored_post_desc":"","disable_ad":"0"},"jnews_primary_category":{"id":""},"footnotes":""},"categories":[43,52],"tags":[150,110,91,96],"class_list":["post-82656","post","type-post","status-publish","format-standard","has-post-thumbnail","hentry","category-estado","category-gobierno-de-tlaxcala","tag-gobierno-del-estado","tag-municipios","tag-pgje","tag-tlaxcala"],"aioseo_notices":[],"_links":{"self":[{"href":"https:\/\/estado29.mx\/index.php?rest_route=\/wp\/v2\/posts\/82656","targetHints":{"allow":["GET"]}}],"collection":[{"href":"https:\/\/estado29.mx\/index.php?rest_route=\/wp\/v2\/posts"}],"about":[{"href":"https:\/\/estado29.mx\/index.php?rest_route=\/wp\/v2\/types\/post"}],"author":[{"embeddable":true,"href":"https:\/\/estado29.mx\/index.php?rest_route=\/wp\/v2\/users\/4"}],"replies":[{"embeddable":true,"href":"https:\/\/estado29.mx\/index.php?rest_route=%2Fwp%2Fv2%2Fcomments&post=82656"}],"version-history":[{"count":1,"href":"https:\/\/estado29.mx\/index.php?rest_route=\/wp\/v2\/posts\/82656\/revisions"}],"predecessor-version":[{"id":82658,"href":"https:\/\/estado29.mx\/index.php?rest_route=\/wp\/v2\/posts\/82656\/revisions\/82658"}],"wp:featuredmedia":[{"embeddable":true,"href":"https:\/\/estado29.mx\/index.php?rest_route=\/wp\/v2\/media\/82657"}],"wp:attachment":[{"href":"https:\/\/estado29.mx\/index.php?rest_route=%2Fwp%2Fv2%2Fmedia&parent=82656"}],"wp:term":[{"taxonomy":"category","embeddable":true,"href":"https:\/\/estado29.mx\/index.php?rest_route=%2Fwp%2Fv2%2Fcategories&post=82656"},{"taxonomy":"post_tag","embeddable":true,"href":"https:\/\/estado29.mx\/index.php?rest_route=%2Fwp%2Fv2%2Ftags&post=82656"}],"curies":[{"name":"wp","href":"https:\/\/api.w.org\/{rel}","templated":true}]}}