{"id":82674,"date":"2022-10-19T12:44:37","date_gmt":"2022-10-19T12:44:37","guid":{"rendered":"https:\/\/estado29.mx\/?p=82674"},"modified":"2022-10-19T12:44:38","modified_gmt":"2022-10-19T12:44:38","slug":"llevan-jornada-intensiva-de-vacunacion-contra-la-influenza-a-calpulalpan","status":"publish","type":"post","link":"https:\/\/estado29.mx\/?p=82674","title":{"rendered":"Llevan jornada intensiva de vacunaci\u00f3n contra la influenza a Calpulalpan"},"content":{"rendered":"\n<p><\/p>\n\n\n\n<p>*Aplicar\u00e1n 9 mil 736 dosis a la poblaci\u00f3n infantil, adultos mayores y personas con alguna comorbilidad<\/p>\n\n\n\n<p>En el municipio de Calpulalpan, el sector salud de Tlaxcala realiza la \u201cJornada Intensiva de Vacunaci\u00f3n contra la Influenza y Servicios de Salud 2022-2023\u201d, los d\u00edas 18 y 19 de este mes, para aplicar 9 mil 736 dosis de vacunas a la poblaci\u00f3n infantil, adultos mayores y personas con alguna comorbilidad para que cuenten con la protecci\u00f3n ante la temporada de fr\u00edos.<\/p>\n\n\n\n<p>En el Gimnasio \u201cRevoluci\u00f3n\u201d, ubicado en la calle Independencia de Calpulalpan, Ren\u00e9 Guti\u00e9rrez Bastida, asesor m\u00e9dico y representante del secretario de Salud, Rigoberto Zamudio Meneses, llam\u00f3 a la poblaci\u00f3n de la entidad tlaxcalteca a que acuda por su vacuna contra influenza en los centros de salud, unidades m\u00e9dicas y puntos de vacunaci\u00f3n establecidos antes de que se intensifiquen los fr\u00edos, ya que la influenza est\u00e1 dentro de las 10 principales causas de defunci\u00f3n en los distintos grupos de edad.<\/p>\n\n\n\n<p>Se aplicar\u00e1n 3 mil 152 dosis de vacunas a menores de seis meses hasta cinco a\u00f1os de edad; tambi\u00e9n mil 978 dosis para personas mayores de 60 a\u00f1os y 4 mil 606 vacunas para otros grupos de personas con comorbilidades como obesidad y diabetes, entre otras; adem\u00e1s durante el evento se ofertaron diferentes servicios de salud a los alumnos y personas asistentes.<\/p>\n\n\n\n<p>Para esta temporada invernal 2022-2023, desde el pasado 3 de octubre y hasta el 31 de marzo de 2023, se desarrollar\u00e1 la campa\u00f1a de vacunaci\u00f3n contra la influenza en M\u00e9xico, la meta en Tlaxcala es aplicar 386 mil 92 dosis.<\/p>\n\n\n\n<p>Guti\u00e9rrez Bastida agreg\u00f3 que la \u201cJornada Intensiva de Vacunaci\u00f3n contra la Influenza y Servicios de Salud 2022-2023\u201d, se llevar\u00e1 en pr\u00f3ximos d\u00edas a otros municipios de zonas alejadas del territorio estatal, con la finalidad de aplicar las vacunas y proteger a la poblaci\u00f3n tlaxcalteca contra las bajas temperaturas, ya que la salud es una prioridad para el gobierno que encabeza la gobernadora Lorena Cu\u00e9llar Cisneros.<\/p>\n\n\n\n<p>Por ello, el sector salud del estado trabaja, a trav\u00e9s de la Direcci\u00f3n de Atenci\u00f3n Primaria a la Salud, para cumplir la instrucci\u00f3n de otorgar servicios de calidad y con oportunidad para la poblaci\u00f3n tlaxcalteca que no cuenta con seguridad social.<\/p>\n\n\n\n<p>Asimismo, se inform\u00f3 que la influenza estacional es una de las principales causas de defunci\u00f3n entre la poblaci\u00f3n vulnerable, por lo que es importante seguir implementando las medidas b\u00e1sicas de prevenci\u00f3n como el uso correcto de cubrebocas, tener sana distancia, lavado frecuente de manos con agua y jab\u00f3n, as\u00ed como la aplicaci\u00f3n de gel antibacterial de manera constante.<\/p>\n\n\n\n<p>Los s\u00edntomas principales de la influenza estacional son fiebre, escalofr\u00edos, tos, dolor de garganta, escurrimiento nasal, nariz tapada, dolores musculares, dolor de cabeza y fatiga, en estos casos si se presentan estos s\u00edntomas entre la poblaci\u00f3n es necesario buscar la atenci\u00f3n m\u00e9dica inmediata y no automedicarse.<\/p>\n\n\n\n<p>El evento cont\u00f3 con la presencia del presidente municipal de Calpulalpan, Edgar Pe\u00f1a N\u00e1jera; la presidenta honor\u00edfica del Sistema Municipal para el Desarrollo Integral de la Familia, Claudia Pe\u00f1a N\u00e1jera; el jefe de la Jurisdicci\u00f3n Sanitaria n\u00famero 03, Alejandro Garc\u00eda S\u00e1nchez; la regidora de Salud P\u00fablica y Desarrollo Social, Mar\u00eda Angelina L\u00f3pez Rold\u00e1n, as\u00ed como directores y estudiantes de diversas escuelas del municipio.<\/p>\n","protected":false},"excerpt":{"rendered":"<p>*Aplicar\u00e1n 9 mil 736 dosis a la poblaci\u00f3n infantil, adultos mayores y personas con alguna comorbilidad En el municipio de Calpulalpan, el sector salud de Tlaxcala realiza la \u201cJornada Intensiva de Vacunaci\u00f3n contra la Influenza y Servicios de Salud 2022-2023\u201d, los d\u00edas 18 y 19 de este mes, para aplicar 9 mil 736 dosis de [&hellip;]<\/p>\n","protected":false},"author":4,"featured_media":82675,"comment_status":"open","ping_status":"open","sticky":false,"template":"","format":"standard","meta":{"om_disable_all_campaigns":false,"_monsterinsights_skip_tracking":false,"_monsterinsights_sitenote_active":false,"_monsterinsights_sitenote_note":"","_monsterinsights_sitenote_category":0,"jnews-multi-image_gallery":[],"jnews_single_post":{"subtitle":"","format":"standard","video":"","gallery":"","source_name":"","source_url":"","via_name":"","via_url":"","override_template":"0","override":[{"template":"1","single_blog_custom":"","parallax":"1","fullscreen":"1","layout":"right-sidebar","sidebar":"default-sidebar","second_sidebar":"default-sidebar","sticky_sidebar":"1","share_position":"top","share_float_style":"share-monocrhome","show_share_counter":"1","show_view_counter":"1","show_featured":"1","show_post_meta":"1","show_post_author":"1","show_post_author_image":"1","show_post_date":"1","post_date_format":"default","post_date_format_custom":"Y\/m\/d","show_post_category":"1","show_post_reading_time":"0","post_reading_time_wpm":"300","show_zoom_button":"0","zoom_button_out_step":"2","zoom_button_in_step":"3","show_post_tag":"1","show_prev_next_post":"1","show_popup_post":"1","number_popup_post":"1","show_author_box":"1","show_post_related":"0","show_inline_post_related":"0"}],"override_image_size":"0","image_override":[{"single_post_thumbnail_size":"crop-500","single_post_gallery_size":"crop-500"}],"trending_post":"0","trending_post_position":"meta","trending_post_label":"Trending","sponsored_post":"0","sponsored_post_label":"Sponsored by","sponsored_post_name":"","sponsored_post_url":"","sponsored_post_logo_enable":"0","sponsored_post_logo":"","sponsored_post_desc":"","disable_ad":"0"},"jnews_primary_category":{"id":""},"footnotes":""},"categories":[43,52],"tags":[150,110,96],"class_list":["post-82674","post","type-post","status-publish","format-standard","has-post-thumbnail","hentry","category-estado","category-gobierno-de-tlaxcala","tag-gobierno-del-estado","tag-municipios","tag-tlaxcala"],"aioseo_notices":[],"_links":{"self":[{"href":"https:\/\/estado29.mx\/index.php?rest_route=\/wp\/v2\/posts\/82674","targetHints":{"allow":["GET"]}}],"collection":[{"href":"https:\/\/estado29.mx\/index.php?rest_route=\/wp\/v2\/posts"}],"about":[{"href":"https:\/\/estado29.mx\/index.php?rest_route=\/wp\/v2\/types\/post"}],"author":[{"embeddable":true,"href":"https:\/\/estado29.mx\/index.php?rest_route=\/wp\/v2\/users\/4"}],"replies":[{"embeddable":true,"href":"https:\/\/estado29.mx\/index.php?rest_route=%2Fwp%2Fv2%2Fcomments&post=82674"}],"version-history":[{"count":1,"href":"https:\/\/estado29.mx\/index.php?rest_route=\/wp\/v2\/posts\/82674\/revisions"}],"predecessor-version":[{"id":82676,"href":"https:\/\/estado29.mx\/index.php?rest_route=\/wp\/v2\/posts\/82674\/revisions\/82676"}],"wp:featuredmedia":[{"embeddable":true,"href":"https:\/\/estado29.mx\/index.php?rest_route=\/wp\/v2\/media\/82675"}],"wp:attachment":[{"href":"https:\/\/estado29.mx\/index.php?rest_route=%2Fwp%2Fv2%2Fmedia&parent=82674"}],"wp:term":[{"taxonomy":"category","embeddable":true,"href":"https:\/\/estado29.mx\/index.php?rest_route=%2Fwp%2Fv2%2Fcategories&post=82674"},{"taxonomy":"post_tag","embeddable":true,"href":"https:\/\/estado29.mx\/index.php?rest_route=%2Fwp%2Fv2%2Ftags&post=82674"}],"curies":[{"name":"wp","href":"https:\/\/api.w.org\/{rel}","templated":true}]}}