{"id":82718,"date":"2022-10-20T12:43:21","date_gmt":"2022-10-20T12:43:21","guid":{"rendered":"https:\/\/estado29.mx\/?p=82718"},"modified":"2022-10-20T12:43:21","modified_gmt":"2022-10-20T12:43:21","slug":"firma-casa-tlaxcala-convenios-de-colaboracion-con-camaras-empresariales","status":"publish","type":"post","link":"https:\/\/estado29.mx\/?p=82718","title":{"rendered":"Firma \u201ccasa Tlaxcala\u201d convenios de colaboraci\u00f3n con c\u00e1maras empresariales"},"content":{"rendered":"\n<p>*Los empresarios reconocieron el apoyo de la gobernadora Lorena Cu\u00e9llar para identificar opciones que den cauce a los requerimientos de los diferentes sectores productivos de Tlaxcala<\/p>\n\n\n\n<p>La Representaci\u00f3n Delegacional de Tlaxcala en la Ciudad de M\u00e9xico firm\u00f3 un convenio de colaboraci\u00f3n con representantes de diversos sectores empresariales del estado, con el objetivo de contribuir al impulso del comercio, turismo y la industria de la construcci\u00f3n a nivel nacional e internacional.<\/p>\n\n\n\n<p>Como parte de las acciones y programas impulsados por la administraci\u00f3n de la gobernadora Lorena Cu\u00e9llar Cisneros para fortalecer el desarrollo econ\u00f3mico de la entidad, en la v\u00edspera fue signado este acuerdo durante una reuni\u00f3n realizada en el sal\u00f3n Felipe Santiago Xicoht\u00e9ncatl de Casa Tlaxcala.<\/p>\n\n\n\n<p>El representante delegacional, Luis Vargas Gonz\u00e1lez agradeci\u00f3 a los empresarios la confianza depositada en el gobierno estatal para buscar soluci\u00f3n a las diferentes problem\u00e1ticas que enfrentan.<\/p>\n\n\n\n<p>Tambi\u00e9n se trataron temas como el combate a la plaga del escarabajo descortezador, la protecci\u00f3n medioambiental y la aplicaci\u00f3n de algunas disposiciones de la Ley de Ingresos y de la Ley de la Construcci\u00f3n.<\/p>\n\n\n\n<p>En el encuentro y firma de convenio participaron los presidentes de las asociaciones de Hoteles y Moteles del Estado de Tlaxcala (Ahmet), Virgilio Medell\u00edn Viveros; de Centros de Avistamiento de Luci\u00e9rnagas de Nanacamilpa, Miguel \u00c1ngel D\u00edaz Castro; e integrantes de la C\u00e1mara Nacional de Comercio, Servicios y Turismo de Apizaco, Mario Alberto Bastida Vargas, Leticia Ju\u00e1rez Gonz\u00e1lez y Yolanda Dom\u00ednguez V\u00e1zquez<\/p>\n\n\n\n<p>As\u00ed como el representante del Consejo Consultivo de la C\u00e1mara Mexicana de la Industria de la Construcci\u00f3n (CMIC), Sergio Cruz Casta\u00f1\u00f3n y la presidenta de la Federaci\u00f3n de C\u00e1maras Nacionales de Comercio, Servicios y Turismo del estado (Fecanaco), Margarita Alva Mac\u00edas, quienes reconocieron el apoyo de la gobernadora Lorena Cu\u00e9llar para identificar las opciones que permitan dar cauce a los requerimientos de los diferentes sectores productivos de Tlaxcala.<\/p>\n","protected":false},"excerpt":{"rendered":"<p>*Los empresarios reconocieron el apoyo de la gobernadora Lorena Cu\u00e9llar para identificar opciones que den cauce a los requerimientos de los diferentes sectores productivos de Tlaxcala La Representaci\u00f3n Delegacional de Tlaxcala en la Ciudad de M\u00e9xico firm\u00f3 un convenio de colaboraci\u00f3n con representantes de diversos sectores empresariales del estado, con el objetivo de contribuir al [&hellip;]<\/p>\n","protected":false},"author":4,"featured_media":82719,"comment_status":"open","ping_status":"open","sticky":false,"template":"","format":"standard","meta":{"om_disable_all_campaigns":false,"_monsterinsights_skip_tracking":false,"_monsterinsights_sitenote_active":false,"_monsterinsights_sitenote_note":"","_monsterinsights_sitenote_category":0,"jnews-multi-image_gallery":[],"jnews_single_post":{"subtitle":"","format":"standard","video":"","gallery":"","source_name":"","source_url":"","via_name":"","via_url":"","override_template":"0","override":[{"template":"1","single_blog_custom":"","parallax":"1","fullscreen":"1","layout":"right-sidebar","sidebar":"default-sidebar","second_sidebar":"default-sidebar","sticky_sidebar":"1","share_position":"top","share_float_style":"share-monocrhome","show_share_counter":"1","show_view_counter":"1","show_featured":"1","show_post_meta":"1","show_post_author":"1","show_post_author_image":"1","show_post_date":"1","post_date_format":"default","post_date_format_custom":"Y\/m\/d","show_post_category":"1","show_post_reading_time":"0","post_reading_time_wpm":"300","show_zoom_button":"0","zoom_button_out_step":"2","zoom_button_in_step":"3","show_post_tag":"1","show_prev_next_post":"1","show_popup_post":"1","number_popup_post":"1","show_author_box":"1","show_post_related":"0","show_inline_post_related":"0"}],"override_image_size":"0","image_override":[{"single_post_thumbnail_size":"crop-500","single_post_gallery_size":"crop-500"}],"trending_post":"0","trending_post_position":"meta","trending_post_label":"Trending","sponsored_post":"0","sponsored_post_label":"Sponsored by","sponsored_post_name":"","sponsored_post_url":"","sponsored_post_logo_enable":"0","sponsored_post_logo":"","sponsored_post_desc":"","disable_ad":"0"},"jnews_primary_category":{"id":""},"footnotes":""},"categories":[43,52],"tags":[150,110,96],"class_list":["post-82718","post","type-post","status-publish","format-standard","has-post-thumbnail","hentry","category-estado","category-gobierno-de-tlaxcala","tag-gobierno-del-estado","tag-municipios","tag-tlaxcala"],"aioseo_notices":[],"_links":{"self":[{"href":"https:\/\/estado29.mx\/index.php?rest_route=\/wp\/v2\/posts\/82718","targetHints":{"allow":["GET"]}}],"collection":[{"href":"https:\/\/estado29.mx\/index.php?rest_route=\/wp\/v2\/posts"}],"about":[{"href":"https:\/\/estado29.mx\/index.php?rest_route=\/wp\/v2\/types\/post"}],"author":[{"embeddable":true,"href":"https:\/\/estado29.mx\/index.php?rest_route=\/wp\/v2\/users\/4"}],"replies":[{"embeddable":true,"href":"https:\/\/estado29.mx\/index.php?rest_route=%2Fwp%2Fv2%2Fcomments&post=82718"}],"version-history":[{"count":1,"href":"https:\/\/estado29.mx\/index.php?rest_route=\/wp\/v2\/posts\/82718\/revisions"}],"predecessor-version":[{"id":82720,"href":"https:\/\/estado29.mx\/index.php?rest_route=\/wp\/v2\/posts\/82718\/revisions\/82720"}],"wp:featuredmedia":[{"embeddable":true,"href":"https:\/\/estado29.mx\/index.php?rest_route=\/wp\/v2\/media\/82719"}],"wp:attachment":[{"href":"https:\/\/estado29.mx\/index.php?rest_route=%2Fwp%2Fv2%2Fmedia&parent=82718"}],"wp:term":[{"taxonomy":"category","embeddable":true,"href":"https:\/\/estado29.mx\/index.php?rest_route=%2Fwp%2Fv2%2Fcategories&post=82718"},{"taxonomy":"post_tag","embeddable":true,"href":"https:\/\/estado29.mx\/index.php?rest_route=%2Fwp%2Fv2%2Ftags&post=82718"}],"curies":[{"name":"wp","href":"https:\/\/api.w.org\/{rel}","templated":true}]}}