{"id":82732,"date":"2022-10-21T12:32:55","date_gmt":"2022-10-21T12:32:55","guid":{"rendered":"https:\/\/estado29.mx\/?p=82732"},"modified":"2022-10-21T12:32:56","modified_gmt":"2022-10-21T12:32:56","slug":"signan-convenio-de-colaboracion-uatx-y-coeprist","status":"publish","type":"post","link":"https:\/\/estado29.mx\/?p=82732","title":{"rendered":"Signan convenio de colaboraci\u00f3n UATx y COEPRIST"},"content":{"rendered":"\n<p><\/p>\n\n\n\n<p>\u00b7&nbsp;&nbsp;&nbsp;&nbsp;&nbsp;&nbsp;&nbsp;&nbsp;&nbsp;<strong>Fomentar\u00e1 el servicio social comunitario de estudiantes<\/strong><\/p>\n\n\n\n<p>El Doctor Seraf\u00edn Ortiz Ortiz, Rector de la Universidad Aut\u00f3noma de Tlaxcala (UATx) y el Doctor Francisco Jim\u00e9nez Campos, Comisionado Estatal para la Protecci\u00f3n contra Riesgos Sanitarios del Estado de Tlaxcala (COEPRIST), signaron un convenio de colaboraci\u00f3n con el objetivo de establecer los mecanismos para dar inicio a las acciones que se emprender\u00e1n en el marco del concepto de una rector\u00eda itinerante, la cual impulsar\u00e1 la presencia de los universitarios en las comunidades de la entidad.<\/p>\n\n\n\n<p>En la firma de este acuerdo, que pretende desarrollar estrategias para implementar tareas de capacitaci\u00f3n, servicio social y pr\u00e1cticas profesionales entre otros eventos, el Rector de la UATx se\u00f1al\u00f3 que esto est\u00e1 relacionado, esencialmente, con una actitud que hemos adoptado en la presente administraci\u00f3n universitaria, la que implica que los estudiantes deben salir necesariamente a caminar por sus localidades, lo cual se har\u00e1 trav\u00e9s del servicio social comunitario.<\/p>\n\n\n\n<p>Preciso que, esta Casa de Estudios, acercar\u00e1 a la sociedad la atenci\u00f3n que requiere con la participaci\u00f3n de los alumnos que est\u00e1n finalizando su formaci\u00f3n acad\u00e9mica, particularmente en el \u00e1rea biom\u00e9dica, sin embargo, afirm\u00f3 que la Aut\u00f3noma de Tlaxcala, tiene un gran bagaje de conocimiento a trav\u00e9s de licenciaturas como Psicoterapia, Derecho, Administraci\u00f3n, Psicolog\u00eda, entre otras, que pueden ser direccionadas hacia la atenci\u00f3n comunitaria.<\/p>\n\n\n\n<p>Subray\u00f3 que, la UATx, cuenta con la Autorrealizaci\u00f3n, funci\u00f3n que es abarcativa e incluye actos de responsabilidad social frente a las necesidades colectivas, que van desde atender la preparaci\u00f3n de los j\u00f3venes hasta el impacto directo que sus egresados tienen al incorporarse a su entorno, por tanto, este documento fortalecer\u00e1 la presencia que se tiene en la poblaci\u00f3n de Tlaxcala.<\/p>\n\n\n\n<p>A su vez, el Doctor Francisco Jim\u00e9nez Campos, titular de la COEPRIST, mencion\u00f3 que, esta instancia, tiene como misi\u00f3n proteger contra cualquier riesgo sanitario a la poblaci\u00f3n, es decir, somos quienes cuidamos para que vivan en un mundo que no represente un peligro para la salud.<\/p>\n\n\n\n<p>Precis\u00f3 que, este convenio con la UATx, beneficiar\u00e1 a todos y permitir\u00e1 el desarrollo y participaci\u00f3n de los estudiantes para ser profesionistas competitivos en sus \u00e1reas disciplinares.<\/p>\n\n\n\n<p>En tanto, el&nbsp;Maestro Jorge Mario Gal\u00e1n D\u00edaz,Coordinador General de Servicio Social, expuso que, esta Universidad, vive un proceso acelerado de transformaci\u00f3n en el que se ha fijado la tarea de dar continuidad a las metas de expansi\u00f3n, evoluci\u00f3n y desarrollo de la misma, en este sentido, enfatiz\u00f3 que se ha decido que una labor fundamental para los educandos sea la prestaci\u00f3n de servicio social comunitario para apoyar e incidir en la soluci\u00f3n de los problemas de la poblaci\u00f3n.<\/p>\n\n\n\n<p>Cabe mencionar que, el&nbsp;servicio social y las pr\u00e1cticas profesionales, estar\u00e1n a cargo de los estudiantes de las licenciaturas en M\u00e9dico Cirujano, Cirujano Dentista, Qu\u00edmica Cl\u00ednica, Enfermer\u00eda y Obstetricia, Nutrici\u00f3n, as\u00ed como Derecho.<\/p>\n\n\n\n<p>Este acto, cont\u00f3 con la presencia por parte de la UATx, del Doctor Jos\u00e9 Reyes Luna Ru\u00edz, Coordinador de la Divisi\u00f3n de Ciencias Biol\u00f3gicas; del Doctor Germ\u00e1n Garc\u00eda Montealegre, Coordinador General de Educaci\u00f3n Continua. Por la COEPRIST, la&nbsp;Doctora Cristal Corona S\u00e1nchez, Directora de Fomento Sanitario; el Licenciado Jes\u00fas Orlando Paredes Hern\u00e1ndez, Director Jur\u00eddico; el&nbsp;Doctor Manuel Carro Poblano, Director de Evidencia y Manejo de Riesgos; y la Doctora Sof\u00eda Bello Cabrera.<\/p>\n","protected":false},"excerpt":{"rendered":"<p>\u00b7&nbsp;&nbsp;&nbsp;&nbsp;&nbsp;&nbsp;&nbsp;&nbsp;&nbsp;Fomentar\u00e1 el servicio social comunitario de estudiantes El Doctor Seraf\u00edn Ortiz Ortiz, Rector de la Universidad Aut\u00f3noma de Tlaxcala (UATx) y el Doctor Francisco Jim\u00e9nez Campos, Comisionado Estatal para la Protecci\u00f3n contra Riesgos Sanitarios del Estado de Tlaxcala (COEPRIST), signaron un convenio de colaboraci\u00f3n con el objetivo de establecer los mecanismos para dar inicio a [&hellip;]<\/p>\n","protected":false},"author":4,"featured_media":82733,"comment_status":"open","ping_status":"open","sticky":false,"template":"","format":"standard","meta":{"om_disable_all_campaigns":false,"_monsterinsights_skip_tracking":false,"_monsterinsights_sitenote_active":false,"_monsterinsights_sitenote_note":"","_monsterinsights_sitenote_category":0,"jnews-multi-image_gallery":[],"jnews_single_post":{"subtitle":"","format":"standard","video":"","gallery":"","source_name":"","source_url":"","via_name":"","via_url":"","override_template":"0","override":[{"template":"1","single_blog_custom":"","parallax":"1","fullscreen":"1","layout":"right-sidebar","sidebar":"default-sidebar","second_sidebar":"default-sidebar","sticky_sidebar":"1","share_position":"top","share_float_style":"share-monocrhome","show_share_counter":"1","show_view_counter":"1","show_featured":"1","show_post_meta":"1","show_post_author":"1","show_post_author_image":"1","show_post_date":"1","post_date_format":"default","post_date_format_custom":"Y\/m\/d","show_post_category":"1","show_post_reading_time":"0","post_reading_time_wpm":"300","show_zoom_button":"0","zoom_button_out_step":"2","zoom_button_in_step":"3","show_post_tag":"1","show_prev_next_post":"1","show_popup_post":"1","number_popup_post":"1","show_author_box":"1","show_post_related":"0","show_inline_post_related":"0"}],"override_image_size":"0","image_override":[{"single_post_thumbnail_size":"crop-500","single_post_gallery_size":"crop-500"}],"trending_post":"0","trending_post_position":"meta","trending_post_label":"Trending","sponsored_post":"0","sponsored_post_label":"Sponsored by","sponsored_post_name":"","sponsored_post_url":"","sponsored_post_logo_enable":"0","sponsored_post_logo":"","sponsored_post_desc":"","disable_ad":"0"},"jnews_primary_category":{"id":""},"footnotes":""},"categories":[43,47],"tags":[743,843,310],"class_list":["post-82732","post","type-post","status-publish","format-standard","has-post-thumbnail","hentry","category-estado","category-municipios","tag-coeprist","tag-servicio-social","tag-uatx"],"aioseo_notices":[],"_links":{"self":[{"href":"https:\/\/estado29.mx\/index.php?rest_route=\/wp\/v2\/posts\/82732","targetHints":{"allow":["GET"]}}],"collection":[{"href":"https:\/\/estado29.mx\/index.php?rest_route=\/wp\/v2\/posts"}],"about":[{"href":"https:\/\/estado29.mx\/index.php?rest_route=\/wp\/v2\/types\/post"}],"author":[{"embeddable":true,"href":"https:\/\/estado29.mx\/index.php?rest_route=\/wp\/v2\/users\/4"}],"replies":[{"embeddable":true,"href":"https:\/\/estado29.mx\/index.php?rest_route=%2Fwp%2Fv2%2Fcomments&post=82732"}],"version-history":[{"count":1,"href":"https:\/\/estado29.mx\/index.php?rest_route=\/wp\/v2\/posts\/82732\/revisions"}],"predecessor-version":[{"id":82734,"href":"https:\/\/estado29.mx\/index.php?rest_route=\/wp\/v2\/posts\/82732\/revisions\/82734"}],"wp:featuredmedia":[{"embeddable":true,"href":"https:\/\/estado29.mx\/index.php?rest_route=\/wp\/v2\/media\/82733"}],"wp:attachment":[{"href":"https:\/\/estado29.mx\/index.php?rest_route=%2Fwp%2Fv2%2Fmedia&parent=82732"}],"wp:term":[{"taxonomy":"category","embeddable":true,"href":"https:\/\/estado29.mx\/index.php?rest_route=%2Fwp%2Fv2%2Fcategories&post=82732"},{"taxonomy":"post_tag","embeddable":true,"href":"https:\/\/estado29.mx\/index.php?rest_route=%2Fwp%2Fv2%2Ftags&post=82732"}],"curies":[{"name":"wp","href":"https:\/\/api.w.org\/{rel}","templated":true}]}}