{"id":82744,"date":"2022-10-21T12:41:26","date_gmt":"2022-10-21T12:41:26","guid":{"rendered":"https:\/\/estado29.mx\/?p=82744"},"modified":"2022-10-21T12:41:27","modified_gmt":"2022-10-21T12:41:27","slug":"secretario-de-gobernacion-rompio-puentes-de-dialogo-ivonne-ortega","status":"publish","type":"post","link":"https:\/\/estado29.mx\/?p=82744","title":{"rendered":"Secretario de Gobernaci\u00f3n rompi\u00f3 puentes de di\u00e1logo: Ivonne Ortega"},"content":{"rendered":"\n<p>M\u00c9RIDA, YUCAT\u00c1N, 20 DE OCTUBRE DE 2022.- Las recientes expresiones del secretario de Gobernaci\u00f3n Ad\u00e1n Augusto L\u00f3pez Hern\u00e1ndez contra gobernadores de Movimiento Ciudadano, son un grave rompimiento de puentes con fuerzas pol\u00edticas diferentes al r\u00e9gimen, expres\u00f3 Ivonne Ortega Pacheco.<\/p>\n\n\n\n<p>Entrevistada previo a la inauguraci\u00f3n de la Convenci\u00f3n Nacional de la Canacintra, la legisladora federal naranja lament\u00f3 la actitud del funcionario federal porque \u201cva en contra de su rol como responsable de la pol\u00edtica interior del pa\u00eds. Deber\u00eda ser un interlocutor v\u00e1lido entre el gobierno y las dem\u00e1s fuerzas pol\u00edticas, pero \u00bfqui\u00e9n le tomar\u00e1 una llamada sabiendo que la ventilar\u00e1 p\u00fablicamente de forma tergiversada?\u201d.<\/p>\n\n\n\n<p>El secretario de Gobernaci\u00f3n es al mismo tiempo activista de Morena y est\u00e1 en precampa\u00f1a por la candidatura a la presidencia, \u201ces una mezcla de funciones y de acciones que se refleja en cada declaraci\u00f3n y en cada acto, va en busca de protagonismo cuando su trabajo deber\u00eda ser el tejido fino del gobierno, deber\u00eda ser un trabajo que no se ve, pero se siente\u201d, afirm\u00f3.<\/p>\n\n\n\n<p>REDISTRITACI\u00d3N<\/p>\n\n\n\n<p>Ivonne Ortega se refiri\u00f3 a la redistritaci\u00f3n que ser\u00e1 votada en pr\u00f3xima sesi\u00f3n del Consejo General del INE, y confirm\u00f3 que a Yucat\u00e1n le corresponder\u00e1 un distrito electoral federal m\u00e1s, para llegar a seis.<\/p>\n\n\n\n<p>La tambi\u00e9n consejera del Poder Legislativo ante el INE asegur\u00f3 que \u201cesta situaci\u00f3n se deriva del crecimiento poblacional del Estado, como es evidente en el dinamismo de desarrollo cotidiano, pero tambi\u00e9n representa un aspecto positivo porque contaremos con un representante m\u00e1s en el Congreso federal\u201d.<\/p>\n\n\n\n<p>Explic\u00f3 que el n\u00famero total de diputados federales no aumenta, sino que se redistribuyen dependiendo del crecimiento de cada Estado, y en esta ocasi\u00f3n entidades como Estado de M\u00e9xico y la Ciudad de M\u00e9xico perder\u00edan distritos, que le corresponder\u00e1n a Yucat\u00e1n y otras entidades m\u00e1s.<\/p>\n","protected":false},"excerpt":{"rendered":"<p>M\u00c9RIDA, YUCAT\u00c1N, 20 DE OCTUBRE DE 2022.- Las recientes expresiones del secretario de Gobernaci\u00f3n Ad\u00e1n Augusto L\u00f3pez Hern\u00e1ndez contra gobernadores de Movimiento Ciudadano, son un grave rompimiento de puentes con fuerzas pol\u00edticas diferentes al r\u00e9gimen, expres\u00f3 Ivonne Ortega Pacheco. Entrevistada previo a la inauguraci\u00f3n de la Convenci\u00f3n Nacional de la Canacintra, la legisladora federal naranja [&hellip;]<\/p>\n","protected":false},"author":4,"featured_media":82745,"comment_status":"open","ping_status":"open","sticky":false,"template":"","format":"standard","meta":{"om_disable_all_campaigns":false,"_monsterinsights_skip_tracking":false,"_monsterinsights_sitenote_active":false,"_monsterinsights_sitenote_note":"","_monsterinsights_sitenote_category":0,"jnews-multi-image_gallery":[],"jnews_single_post":{"subtitle":"","format":"standard","video":"","gallery":"","source_name":"","source_url":"","via_name":"","via_url":"","override_template":"0","override":[{"template":"1","single_blog_custom":"","parallax":"1","fullscreen":"1","layout":"right-sidebar","sidebar":"default-sidebar","second_sidebar":"default-sidebar","sticky_sidebar":"1","share_position":"top","share_float_style":"share-monocrhome","show_share_counter":"1","show_view_counter":"1","show_featured":"1","show_post_meta":"1","show_post_author":"1","show_post_author_image":"1","show_post_date":"1","post_date_format":"default","post_date_format_custom":"Y\/m\/d","show_post_category":"1","show_post_reading_time":"0","post_reading_time_wpm":"300","show_zoom_button":"0","zoom_button_out_step":"2","zoom_button_in_step":"3","show_post_tag":"1","show_prev_next_post":"1","show_popup_post":"1","number_popup_post":"1","show_author_box":"1","show_post_related":"0","show_inline_post_related":"0"}],"override_image_size":"0","image_override":[{"single_post_thumbnail_size":"crop-500","single_post_gallery_size":"crop-500"}],"trending_post":"0","trending_post_position":"meta","trending_post_label":"Trending","sponsored_post":"0","sponsored_post_label":"Sponsored by","sponsored_post_name":"","sponsored_post_url":"","sponsored_post_logo_enable":"0","sponsored_post_logo":"","sponsored_post_desc":"","disable_ad":"0"},"jnews_primary_category":{"id":""},"footnotes":""},"categories":[43,47],"tags":[],"class_list":["post-82744","post","type-post","status-publish","format-standard","has-post-thumbnail","hentry","category-estado","category-municipios"],"aioseo_notices":[],"_links":{"self":[{"href":"https:\/\/estado29.mx\/index.php?rest_route=\/wp\/v2\/posts\/82744","targetHints":{"allow":["GET"]}}],"collection":[{"href":"https:\/\/estado29.mx\/index.php?rest_route=\/wp\/v2\/posts"}],"about":[{"href":"https:\/\/estado29.mx\/index.php?rest_route=\/wp\/v2\/types\/post"}],"author":[{"embeddable":true,"href":"https:\/\/estado29.mx\/index.php?rest_route=\/wp\/v2\/users\/4"}],"replies":[{"embeddable":true,"href":"https:\/\/estado29.mx\/index.php?rest_route=%2Fwp%2Fv2%2Fcomments&post=82744"}],"version-history":[{"count":1,"href":"https:\/\/estado29.mx\/index.php?rest_route=\/wp\/v2\/posts\/82744\/revisions"}],"predecessor-version":[{"id":82746,"href":"https:\/\/estado29.mx\/index.php?rest_route=\/wp\/v2\/posts\/82744\/revisions\/82746"}],"wp:featuredmedia":[{"embeddable":true,"href":"https:\/\/estado29.mx\/index.php?rest_route=\/wp\/v2\/media\/82745"}],"wp:attachment":[{"href":"https:\/\/estado29.mx\/index.php?rest_route=%2Fwp%2Fv2%2Fmedia&parent=82744"}],"wp:term":[{"taxonomy":"category","embeddable":true,"href":"https:\/\/estado29.mx\/index.php?rest_route=%2Fwp%2Fv2%2Fcategories&post=82744"},{"taxonomy":"post_tag","embeddable":true,"href":"https:\/\/estado29.mx\/index.php?rest_route=%2Fwp%2Fv2%2Ftags&post=82744"}],"curies":[{"name":"wp","href":"https:\/\/api.w.org\/{rel}","templated":true}]}}