{"id":82750,"date":"2022-10-21T12:45:09","date_gmt":"2022-10-21T12:45:09","guid":{"rendered":"https:\/\/estado29.mx\/?p=82750"},"modified":"2022-10-21T12:45:10","modified_gmt":"2022-10-21T12:45:10","slug":"reconoce-secretario-adan-augusto-lopez-trabajo-coordinado-para-disminuir-incidencia-delictiva-en-tlaxcala","status":"publish","type":"post","link":"https:\/\/estado29.mx\/?p=82750","title":{"rendered":"Reconoce secretario Ad\u00e1n Augusto L\u00f3pez trabajo coordinado para disminuir incidencia delictiva en Tlaxcala"},"content":{"rendered":"\n<p><\/p>\n\n\n\n<p>*El funcionario federal destac\u00f3 que los delitos de secuestro, robo a casa-habitaci\u00f3n y homicidio, registran una importante diminuci\u00f3n en comparaci\u00f3n con el a\u00f1o pasado<\/p>\n\n\n\n<p>El secretario de Gobernaci\u00f3n, Ad\u00e1n Augusto L\u00f3pez Hern\u00e1ndez destac\u00f3 que la colaboraci\u00f3n en materia de seguridad que mantiene el Gobierno de M\u00e9xico con la administraci\u00f3n estatal, encabezada por la gobernadora Lorena Cu\u00e9llar Cisneros, ha dado resultados favorables.<\/p>\n\n\n\n<p>Durante su visita a la entidad, el funcionario federal subray\u00f3 que el presidente de la Rep\u00fablica, Andr\u00e9s Manuel L\u00f3pez Obrador le instruy\u00f3 apoyar en todo momento a la mandataria estatal para mantener a la baja la incidencia delictiva y recuperar la paz social.<\/p>\n\n\n\n<p>\u201cNos ha dicho, hay que estar muy pendiente, hay que ayudar con todo a Lorena y a Tlaxcala, aprovecho para reconocerles a ustedes y al gobierno porque Tlaxcala es como un oasis en el pa\u00eds, (\u2026) en todos los delitos van a la baja, y entonces por eso hay que presumir que Tlaxcala hoy es el primer lugar en cuanto a seguridad y a percepci\u00f3n de seguridad en todo el pa\u00eds\u201d, resalt\u00f3.<\/p>\n\n\n\n<p>Mencion\u00f3 que si bien se ha registrado una importante disminuci\u00f3n en hechos delictivos como secuestro, robo a casa-habitaci\u00f3n y homicidio, la violencia intrafamiliar tuvo un incremento, sin embargo, confi\u00f3 que las estrategias y programas impulsados por la gobernadora Lorena Cu\u00e9llar, as\u00ed como la Federaci\u00f3n, contribuir\u00e1n a erradicar esta problem\u00e1tica.<\/p>\n\n\n\n<p>\u201cYo s\u00e9 que con lo que est\u00e1 haciendo Lorena, con la decisi\u00f3n que tom\u00f3 de reforzar los programas sociales, porque la violencia intrafamiliar va asociada a muchos factores, pero si se le apuesta, como es el caso, a una pol\u00edtica de inclusi\u00f3n basada en los programas sociales, a la educaci\u00f3n, seguramente muy pronto vamos a revertir esa curva\u201d, afirm\u00f3 L\u00f3pez Hern\u00e1ndez.<\/p>\n\n\n\n<p>De igual forma, el titular de la Secretar\u00eda de Gobernaci\u00f3n inform\u00f3 que como parte de la estrategia de seguridad nacional de reforzar la presencia de fuerzas federales en los estados del pa\u00eds, en pr\u00f3ximos d\u00edas arribar\u00e1n m\u00e1s elementos de la Guardia Nacional al territorio tlaxcalteca para cubrir temporalmente el d\u00e9ficit de polic\u00edas municipales y con ello mantener los avances logrados en el estado.<\/p>\n\n\n\n<p>\u201cSe lo acabamos de ofrecer a la gobernadora, vamos a pedir que haya un mayor apoyo, mayor movilizaci\u00f3n de los elementos de la Guardia Nacional y que coadyuven en las tareas de seguridad p\u00fablica en Tlaxcala, yo espero que a m\u00e1s tardar el lunes ya tengamos aqu\u00ed un despliegue que nos ayude, primero a conservar lo mucho que se ha hecho\u201d, apunt\u00f3.<\/p>\n","protected":false},"excerpt":{"rendered":"<p>*El funcionario federal destac\u00f3 que los delitos de secuestro, robo a casa-habitaci\u00f3n y homicidio, registran una importante diminuci\u00f3n en comparaci\u00f3n con el a\u00f1o pasado El secretario de Gobernaci\u00f3n, Ad\u00e1n Augusto L\u00f3pez Hern\u00e1ndez destac\u00f3 que la colaboraci\u00f3n en materia de seguridad que mantiene el Gobierno de M\u00e9xico con la administraci\u00f3n estatal, encabezada por la gobernadora Lorena [&hellip;]<\/p>\n","protected":false},"author":4,"featured_media":82751,"comment_status":"open","ping_status":"open","sticky":false,"template":"","format":"standard","meta":{"om_disable_all_campaigns":false,"_monsterinsights_skip_tracking":false,"_monsterinsights_sitenote_active":false,"_monsterinsights_sitenote_note":"","_monsterinsights_sitenote_category":0,"jnews-multi-image_gallery":[],"jnews_single_post":{"subtitle":"","format":"standard","video":"","gallery":"","source_name":"","source_url":"","via_name":"","via_url":"","override_template":"0","override":[{"template":"1","single_blog_custom":"","parallax":"1","fullscreen":"1","layout":"right-sidebar","sidebar":"default-sidebar","second_sidebar":"default-sidebar","sticky_sidebar":"1","share_position":"top","share_float_style":"share-monocrhome","show_share_counter":"1","show_view_counter":"1","show_featured":"1","show_post_meta":"1","show_post_author":"1","show_post_author_image":"1","show_post_date":"1","post_date_format":"default","post_date_format_custom":"Y\/m\/d","show_post_category":"1","show_post_reading_time":"0","post_reading_time_wpm":"300","show_zoom_button":"0","zoom_button_out_step":"2","zoom_button_in_step":"3","show_post_tag":"1","show_prev_next_post":"1","show_popup_post":"1","number_popup_post":"1","show_author_box":"1","show_post_related":"0","show_inline_post_related":"0"}],"override_image_size":"0","image_override":[{"single_post_thumbnail_size":"crop-500","single_post_gallery_size":"crop-500"}],"trending_post":"0","trending_post_position":"meta","trending_post_label":"Trending","sponsored_post":"0","sponsored_post_label":"Sponsored by","sponsored_post_name":"","sponsored_post_url":"","sponsored_post_logo_enable":"0","sponsored_post_logo":"","sponsored_post_desc":"","disable_ad":"0"},"jnews_primary_category":{"id":""},"footnotes":""},"categories":[43,52],"tags":[150,110,96],"class_list":["post-82750","post","type-post","status-publish","format-standard","has-post-thumbnail","hentry","category-estado","category-gobierno-de-tlaxcala","tag-gobierno-del-estado","tag-municipios","tag-tlaxcala"],"aioseo_notices":[],"_links":{"self":[{"href":"https:\/\/estado29.mx\/index.php?rest_route=\/wp\/v2\/posts\/82750","targetHints":{"allow":["GET"]}}],"collection":[{"href":"https:\/\/estado29.mx\/index.php?rest_route=\/wp\/v2\/posts"}],"about":[{"href":"https:\/\/estado29.mx\/index.php?rest_route=\/wp\/v2\/types\/post"}],"author":[{"embeddable":true,"href":"https:\/\/estado29.mx\/index.php?rest_route=\/wp\/v2\/users\/4"}],"replies":[{"embeddable":true,"href":"https:\/\/estado29.mx\/index.php?rest_route=%2Fwp%2Fv2%2Fcomments&post=82750"}],"version-history":[{"count":1,"href":"https:\/\/estado29.mx\/index.php?rest_route=\/wp\/v2\/posts\/82750\/revisions"}],"predecessor-version":[{"id":82752,"href":"https:\/\/estado29.mx\/index.php?rest_route=\/wp\/v2\/posts\/82750\/revisions\/82752"}],"wp:featuredmedia":[{"embeddable":true,"href":"https:\/\/estado29.mx\/index.php?rest_route=\/wp\/v2\/media\/82751"}],"wp:attachment":[{"href":"https:\/\/estado29.mx\/index.php?rest_route=%2Fwp%2Fv2%2Fmedia&parent=82750"}],"wp:term":[{"taxonomy":"category","embeddable":true,"href":"https:\/\/estado29.mx\/index.php?rest_route=%2Fwp%2Fv2%2Fcategories&post=82750"},{"taxonomy":"post_tag","embeddable":true,"href":"https:\/\/estado29.mx\/index.php?rest_route=%2Fwp%2Fv2%2Ftags&post=82750"}],"curies":[{"name":"wp","href":"https:\/\/api.w.org\/{rel}","templated":true}]}}