{"id":82763,"date":"2022-10-25T12:20:01","date_gmt":"2022-10-25T12:20:01","guid":{"rendered":"https:\/\/estado29.mx\/?p=82763"},"modified":"2022-10-25T12:20:02","modified_gmt":"2022-10-25T12:20:02","slug":"participa-tlaxcala-en-el-foro-nacional-impactos-de-cambio-climatico-vulnerabilidad-y-adaptacion","status":"publish","type":"post","link":"https:\/\/estado29.mx\/?p=82763","title":{"rendered":"Participa Tlaxcala en el foro nacional \u201cimpactos de cambio clim\u00e1tico: vulnerabilidad y adaptaci\u00f3n\u201d"},"content":{"rendered":"\n<p>*La SMA trabaja en el acercamiento con las comunidades para combatir las problem\u00e1ticas ambientales<\/p>\n\n\n\n<p>El gobierno del estado, a trav\u00e9s de la Secretar\u00eda de Medio Ambiente (SMA), particip\u00f3 en el Foro Nacional \u201cImpactos de cambio clim\u00e1tico: Vulnerabilidad y adaptaci\u00f3n\u201d que se realiz\u00f3 en la ciudad de Puebla el 22 y 23 de octubre, esto como parte del compromiso de la gobernadora Lorena Cu\u00e9llar Cisneros para generar pol\u00edticas que salvaguarden y desempe\u00f1en un mejor aprovechamiento de los recursos naturales que posee la entidad.<\/p>\n\n\n\n<p>El titular de la SMA, Luis Antonio Ram\u00edrez Hern\u00e1ndez explic\u00f3 que la participaci\u00f3n de Tlaxcala es importante en este foro para la presentaci\u00f3n del trabajo coordinado con otras entidades, en la creaci\u00f3n de la pol\u00edtica nacional de adaptaci\u00f3n al cambio clim\u00e1tico y el plan de acci\u00f3n, as\u00ed como el acercamiento con las comunidades para combatir las problem\u00e1ticas ambientales.<\/p>\n\n\n\n<p>La titular de la Secretar\u00eda de Medio Ambiente y Recursos Naturales (Semarnat), Mar\u00eda Luisa Albores Gonz\u00e1lez enfatiz\u00f3 que el gobierno de M\u00e9xico, en conjunto con las comunidades, trabaja bajo un enfoque biocultural y de justicia social clim\u00e1tica igualitaria, al tiempo que reconoci\u00f3 el trabajo del Instituto Nacional de Ecolog\u00eda y Cambio Clim\u00e1tico (Ineec), que refuerza las voces de quienes viven la vulnerabilidad por este fen\u00f3meno y es as\u00ed como se reitera el compromiso de gobernar con el pueblo y para el pueblo.<\/p>\n\n\n\n<p>En su oportunidad, el director del Ineec, Agust\u00edn \u00c1vila Romero agradeci\u00f3 el trabajo coordinado con las diversas sedes estatales en donde se realizaron los foros regionales, los cuales derivaron en este foro nacional donde se presentaron los resultados de los mismos.<\/p>\n\n\n\n<p>En esta misma sede se realiz\u00f3 la reuni\u00f3n del Sistema Nacional de Cambio Clim\u00e1tico (Sinacc), del Consejo de Cambio Clim\u00e1tico (C3) y la Comisi\u00f3n Intersecretarial de Cambio Clim\u00e1tico, en la que se estableci\u00f3 la postura oficial de M\u00e9xico rumbo a la Conferencia de las Naciones Unidas sobre el cambio Clim\u00e1tico (Cop27).<\/p>\n\n\n\n<p>Por lo anterior, la SMA reafirm\u00f3 el compromiso del gobierno de Tlaxcala para trabajar de forma coordinada con el sector medio ambiental, en la generaci\u00f3n de acciones contundentes ante el impacto del cambio clim\u00e1tico, por medio de la sinergia con el Poder Legislativo y la construcci\u00f3n del paquete econ\u00f3mico, lo cual derivar\u00e1 en la implementaci\u00f3n de pol\u00edticas p\u00fablicas que ser\u00e1n construidas a trav\u00e9s de las experiencias de las comunidades en sus territorios.<\/p>\n\n\n\n<p>Asimismo, se llev\u00f3 a cabo la reuni\u00f3n de la Asociaci\u00f3n Nacional de Autoridades Ambientales (Annae), donde se present\u00f3 el informe de calidad del aire 2020 y se abordaron los temas de la Red SINAICA, Sistema Nacional de Informaci\u00f3n de la Calidad del Aire y el programa de auditor\u00eda, calibraci\u00f3n y monitoreo de emisiones del Ineec.<\/p>\n\n\n\n<p>En las actividades del d\u00eda 23 de octubre se llev\u00f3 a cabo la presentaci\u00f3n de los resultados de la discusi\u00f3n de la Pol\u00edtica Nacional de Adaptaci\u00f3n, as\u00ed como la clausura de este foro, al que asistieron los secretarios y procuradores de Medio Ambiente de los 32 estados de la Rep\u00fablica.<\/p>\n","protected":false},"excerpt":{"rendered":"<p>*La SMA trabaja en el acercamiento con las comunidades para combatir las problem\u00e1ticas ambientales El gobierno del estado, a trav\u00e9s de la Secretar\u00eda de Medio Ambiente (SMA), particip\u00f3 en el Foro Nacional \u201cImpactos de cambio clim\u00e1tico: Vulnerabilidad y adaptaci\u00f3n\u201d que se realiz\u00f3 en la ciudad de Puebla el 22 y 23 de octubre, esto como [&hellip;]<\/p>\n","protected":false},"author":4,"featured_media":82764,"comment_status":"open","ping_status":"open","sticky":false,"template":"","format":"standard","meta":{"om_disable_all_campaigns":false,"_monsterinsights_skip_tracking":false,"_monsterinsights_sitenote_active":false,"_monsterinsights_sitenote_note":"","_monsterinsights_sitenote_category":0,"jnews-multi-image_gallery":[],"jnews_single_post":{"subtitle":"","format":"standard","video":"","gallery":"","source_name":"","source_url":"","via_name":"","via_url":"","override_template":"0","override":[{"template":"1","single_blog_custom":"","parallax":"1","fullscreen":"1","layout":"right-sidebar","sidebar":"default-sidebar","second_sidebar":"default-sidebar","sticky_sidebar":"1","share_position":"top","share_float_style":"share-monocrhome","show_share_counter":"1","show_view_counter":"1","show_featured":"1","show_post_meta":"1","show_post_author":"1","show_post_author_image":"1","show_post_date":"1","post_date_format":"default","post_date_format_custom":"Y\/m\/d","show_post_category":"1","show_post_reading_time":"0","post_reading_time_wpm":"300","show_zoom_button":"0","zoom_button_out_step":"2","zoom_button_in_step":"3","show_post_tag":"1","show_prev_next_post":"1","show_popup_post":"1","number_popup_post":"1","show_author_box":"1","show_post_related":"0","show_inline_post_related":"0"}],"override_image_size":"0","image_override":[{"single_post_thumbnail_size":"crop-500","single_post_gallery_size":"crop-500"}],"trending_post":"0","trending_post_position":"meta","trending_post_label":"Trending","sponsored_post":"0","sponsored_post_label":"Sponsored by","sponsored_post_name":"","sponsored_post_url":"","sponsored_post_logo_enable":"0","sponsored_post_logo":"","sponsored_post_desc":"","disable_ad":"0"},"jnews_primary_category":{"id":""},"footnotes":""},"categories":[82,80,43,45,52],"tags":[],"class_list":["post-82763","post","type-post","status-publish","format-standard","has-post-thumbnail","hentry","category-cultura","category-educacion","category-estado","category-estilo-de-vida","category-gobierno-de-tlaxcala"],"aioseo_notices":[],"_links":{"self":[{"href":"https:\/\/estado29.mx\/index.php?rest_route=\/wp\/v2\/posts\/82763","targetHints":{"allow":["GET"]}}],"collection":[{"href":"https:\/\/estado29.mx\/index.php?rest_route=\/wp\/v2\/posts"}],"about":[{"href":"https:\/\/estado29.mx\/index.php?rest_route=\/wp\/v2\/types\/post"}],"author":[{"embeddable":true,"href":"https:\/\/estado29.mx\/index.php?rest_route=\/wp\/v2\/users\/4"}],"replies":[{"embeddable":true,"href":"https:\/\/estado29.mx\/index.php?rest_route=%2Fwp%2Fv2%2Fcomments&post=82763"}],"version-history":[{"count":1,"href":"https:\/\/estado29.mx\/index.php?rest_route=\/wp\/v2\/posts\/82763\/revisions"}],"predecessor-version":[{"id":82765,"href":"https:\/\/estado29.mx\/index.php?rest_route=\/wp\/v2\/posts\/82763\/revisions\/82765"}],"wp:featuredmedia":[{"embeddable":true,"href":"https:\/\/estado29.mx\/index.php?rest_route=\/wp\/v2\/media\/82764"}],"wp:attachment":[{"href":"https:\/\/estado29.mx\/index.php?rest_route=%2Fwp%2Fv2%2Fmedia&parent=82763"}],"wp:term":[{"taxonomy":"category","embeddable":true,"href":"https:\/\/estado29.mx\/index.php?rest_route=%2Fwp%2Fv2%2Fcategories&post=82763"},{"taxonomy":"post_tag","embeddable":true,"href":"https:\/\/estado29.mx\/index.php?rest_route=%2Fwp%2Fv2%2Ftags&post=82763"}],"curies":[{"name":"wp","href":"https:\/\/api.w.org\/{rel}","templated":true}]}}