{"id":82769,"date":"2022-10-25T12:24:10","date_gmt":"2022-10-25T12:24:10","guid":{"rendered":"https:\/\/estado29.mx\/?p=82769"},"modified":"2022-10-25T12:24:11","modified_gmt":"2022-10-25T12:24:11","slug":"realiza-iem-jornadas-de-informacion-y-sensibilizacion-con-apoyo-de-programa-federal","status":"publish","type":"post","link":"https:\/\/estado29.mx\/?p=82769","title":{"rendered":"Realiza IEM jornadas de informaci\u00f3n y sensibilizaci\u00f3n con apoyo de programa federal"},"content":{"rendered":"\n<p>*Se recorrieron diversas instituciones de tres municipios de la entidad<\/p>\n\n\n\n<p>El programa federal Fondo para el Bienestar y el Avance de las Mujeres 2022 (Fobam) realiz\u00f3 a trav\u00e9s del Instituto Estatal de la Mujer (IEM) las jornadas con \u201cNi\u00f1as, ni\u00f1os y adolescentes sobre educaci\u00f3n integral en sexualidad\u201d, con el fin de informar y sensibilizar a la comunidad estudiantil sobre este tema en instituciones de educaci\u00f3n p\u00fablica.<\/p>\n\n\n\n<p>El programa del Fobam visit\u00f3 la telesecundaria \u201cMatlalcu\u00e9yetl\u201d de San Isidro Buensuceso, la Secundaria General \u201cGabriela Mistral\u201d de San Pablo del Monte, la Secundaria T\u00e9cnica n\u00famero 26 de Ignacio Zaragoza, el Centro de Bachillerato Tecnol\u00f3gico, Industrial y de Servicio n\u00famero 61 de Huamantla y en la capital en el Colegio de Bachilleres del Estado de Tlaxcala (Cobat) 01, as\u00ed como la Secundaria General n\u00famero 02 \u201cMariano Matamoros\u201d.<\/p>\n\n\n\n<p>Durante la jornada, los alumnos participaron en 13 actividades, dise\u00f1adas con enfoque desde la infancia y adolescencia, con un proceso l\u00fadico para generar mayor impacto para abordar los temas de salud sexual, reproductiva, prevenci\u00f3n del embarazo adolescente, la prevenci\u00f3n de la violencia y el pleno ejercicio de los derechos.<\/p>\n\n\n\n<p>En este espacio, tambi\u00e9n se logr\u00f3 diagnosticar y reconocer diversos casos con necesidades de atenci\u00f3n, misma que el personal del Fobam brind\u00f3 de forma oportuna, profesional y \u00e9tica.<\/p>\n\n\n\n<p>Adem\u00e1s, se cont\u00f3 con la participaci\u00f3n de la Comisi\u00f3n Estatal de los Derechos Humanos (CEDH), el Instituto Tlaxcalteca de la Juventud (ITJ), el Sistema Estatal para el Desarrollo Integral de la Familia (Sedif), el Colectivo Feminista de Tlaxcala y la Red por los Derechos Sexuales y Reproductivos en Tlaxcala (Ddeser).<\/p>\n","protected":false},"excerpt":{"rendered":"<p>*Se recorrieron diversas instituciones de tres municipios de la entidad El programa federal Fondo para el Bienestar y el Avance de las Mujeres 2022 (Fobam) realiz\u00f3 a trav\u00e9s del Instituto Estatal de la Mujer (IEM) las jornadas con \u201cNi\u00f1as, ni\u00f1os y adolescentes sobre educaci\u00f3n integral en sexualidad\u201d, con el fin de informar y sensibilizar a [&hellip;]<\/p>\n","protected":false},"author":4,"featured_media":82770,"comment_status":"open","ping_status":"open","sticky":false,"template":"","format":"standard","meta":{"om_disable_all_campaigns":false,"_monsterinsights_skip_tracking":false,"_monsterinsights_sitenote_active":false,"_monsterinsights_sitenote_note":"","_monsterinsights_sitenote_category":0,"jnews-multi-image_gallery":[],"jnews_single_post":{"subtitle":"","format":"standard","video":"","gallery":"","source_name":"","source_url":"","via_name":"","via_url":"","override_template":"0","override":[{"template":"1","single_blog_custom":"","parallax":"1","fullscreen":"1","layout":"right-sidebar","sidebar":"default-sidebar","second_sidebar":"default-sidebar","sticky_sidebar":"1","share_position":"top","share_float_style":"share-monocrhome","show_share_counter":"1","show_view_counter":"1","show_featured":"1","show_post_meta":"1","show_post_author":"1","show_post_author_image":"1","show_post_date":"1","post_date_format":"default","post_date_format_custom":"Y\/m\/d","show_post_category":"1","show_post_reading_time":"0","post_reading_time_wpm":"300","show_zoom_button":"0","zoom_button_out_step":"2","zoom_button_in_step":"3","show_post_tag":"1","show_prev_next_post":"1","show_popup_post":"1","number_popup_post":"1","show_author_box":"1","show_post_related":"0","show_inline_post_related":"0"}],"override_image_size":"0","image_override":[{"single_post_thumbnail_size":"crop-500","single_post_gallery_size":"crop-500"}],"trending_post":"0","trending_post_position":"meta","trending_post_label":"Trending","sponsored_post":"0","sponsored_post_label":"Sponsored by","sponsored_post_name":"","sponsored_post_url":"","sponsored_post_logo_enable":"0","sponsored_post_logo":"","sponsored_post_desc":"","disable_ad":"0"},"jnews_primary_category":{"id":""},"footnotes":""},"categories":[82,80,43,52],"tags":[],"class_list":["post-82769","post","type-post","status-publish","format-standard","has-post-thumbnail","hentry","category-cultura","category-educacion","category-estado","category-gobierno-de-tlaxcala"],"aioseo_notices":[],"_links":{"self":[{"href":"https:\/\/estado29.mx\/index.php?rest_route=\/wp\/v2\/posts\/82769","targetHints":{"allow":["GET"]}}],"collection":[{"href":"https:\/\/estado29.mx\/index.php?rest_route=\/wp\/v2\/posts"}],"about":[{"href":"https:\/\/estado29.mx\/index.php?rest_route=\/wp\/v2\/types\/post"}],"author":[{"embeddable":true,"href":"https:\/\/estado29.mx\/index.php?rest_route=\/wp\/v2\/users\/4"}],"replies":[{"embeddable":true,"href":"https:\/\/estado29.mx\/index.php?rest_route=%2Fwp%2Fv2%2Fcomments&post=82769"}],"version-history":[{"count":1,"href":"https:\/\/estado29.mx\/index.php?rest_route=\/wp\/v2\/posts\/82769\/revisions"}],"predecessor-version":[{"id":82771,"href":"https:\/\/estado29.mx\/index.php?rest_route=\/wp\/v2\/posts\/82769\/revisions\/82771"}],"wp:featuredmedia":[{"embeddable":true,"href":"https:\/\/estado29.mx\/index.php?rest_route=\/wp\/v2\/media\/82770"}],"wp:attachment":[{"href":"https:\/\/estado29.mx\/index.php?rest_route=%2Fwp%2Fv2%2Fmedia&parent=82769"}],"wp:term":[{"taxonomy":"category","embeddable":true,"href":"https:\/\/estado29.mx\/index.php?rest_route=%2Fwp%2Fv2%2Fcategories&post=82769"},{"taxonomy":"post_tag","embeddable":true,"href":"https:\/\/estado29.mx\/index.php?rest_route=%2Fwp%2Fv2%2Ftags&post=82769"}],"curies":[{"name":"wp","href":"https:\/\/api.w.org\/{rel}","templated":true}]}}