{"id":82772,"date":"2022-10-25T12:27:54","date_gmt":"2022-10-25T12:27:54","guid":{"rendered":"https:\/\/estado29.mx\/?p=82772"},"modified":"2022-10-25T12:27:55","modified_gmt":"2022-10-25T12:27:55","slug":"firma-sedeco-convenio-con-tetla-para-manejar-la-firma-electronica-avanzada","status":"publish","type":"post","link":"https:\/\/estado29.mx\/?p=82772","title":{"rendered":"Firma SEDECO convenio con Tetla para manejar la firma electr\u00f3nica avanzada"},"content":{"rendered":"\n<p>*Es el primer municipio en formalizar esta herramienta de gobierno electr\u00f3nico<\/p>\n\n\n\n<p>Como parte de las acciones que realiza el gobierno del estado, a trav\u00e9s de la Secretar\u00eda de Desarrollo Econ\u00f3mico (Sedeco), se llev\u00f3 a cabo el protocolo de convenio para la implementaci\u00f3n de la Firma Electr\u00f3nica Avanzada con el ayuntamiento de Tetla de la Solidaridad, cuyo objetivo es simplificar los tr\u00e1mites administrativos y agilizar los tiempos de respuesta a los ciudadanos.<\/p>\n\n\n\n<p>El comisionado estatal de Mejora Regulatoria, Germ\u00e1n Del\u00f3n P\u00e1ez, en representaci\u00f3n del titular de Sedeco, Javier Marroqu\u00edn Calder\u00f3n, afirm\u00f3 que con estas accione el gobierno municipal se suma a la modernidad en cuanto a tr\u00e1mites, ya que sus documentos oficiales podr\u00e1n ser signados con dicha firma, la cual tiene los mismos efectos que la firma aut\u00f3grafa; sin embargo, brinda m\u00e1s seguridad, ahorra tiempo, papel y otros recursos al entregar los documentos de manera f\u00edsica.<\/p>\n\n\n\n<p>En tanto, el presidente de Tetla, Andr\u00e9s Ram\u00edrez Galicia se dijo orgulloso de ser el primer municipio en implementar la Firma Electr\u00f3nica Avanzada. Afirm\u00f3 que este hecho es un compromiso a seguir trabajando para la gente.<\/p>\n\n\n\n<p>En la firma de convenio tambi\u00e9n participaron la s\u00edndico municipal de Tetla, Lizbeth Vel\u00e1zquez Vargas y el responsable de la implementaci\u00f3n del municipio, Sa\u00fal Guti\u00e9rrez Ram\u00edrez.<\/p>\n","protected":false},"excerpt":{"rendered":"<p>*Es el primer municipio en formalizar esta herramienta de gobierno electr\u00f3nico Como parte de las acciones que realiza el gobierno del estado, a trav\u00e9s de la Secretar\u00eda de Desarrollo Econ\u00f3mico (Sedeco), se llev\u00f3 a cabo el protocolo de convenio para la implementaci\u00f3n de la Firma Electr\u00f3nica Avanzada con el ayuntamiento de Tetla de la Solidaridad, [&hellip;]<\/p>\n","protected":false},"author":4,"featured_media":82773,"comment_status":"open","ping_status":"open","sticky":false,"template":"","format":"standard","meta":{"om_disable_all_campaigns":false,"_monsterinsights_skip_tracking":false,"_monsterinsights_sitenote_active":false,"_monsterinsights_sitenote_note":"","_monsterinsights_sitenote_category":0,"jnews-multi-image_gallery":[],"jnews_single_post":{"subtitle":"","format":"standard","video":"","gallery":"","source_name":"","source_url":"","via_name":"","via_url":"","override_template":"0","override":[{"template":"1","single_blog_custom":"","parallax":"1","fullscreen":"1","layout":"right-sidebar","sidebar":"default-sidebar","second_sidebar":"default-sidebar","sticky_sidebar":"1","share_position":"top","share_float_style":"share-monocrhome","show_share_counter":"1","show_view_counter":"1","show_featured":"1","show_post_meta":"1","show_post_author":"1","show_post_author_image":"1","show_post_date":"1","post_date_format":"default","post_date_format_custom":"Y\/m\/d","show_post_category":"1","show_post_reading_time":"0","post_reading_time_wpm":"300","show_zoom_button":"0","zoom_button_out_step":"2","zoom_button_in_step":"3","show_post_tag":"1","show_prev_next_post":"1","show_popup_post":"1","number_popup_post":"1","show_author_box":"1","show_post_related":"0","show_inline_post_related":"0"}],"override_image_size":"0","image_override":[{"single_post_thumbnail_size":"crop-500","single_post_gallery_size":"crop-500"}],"trending_post":"0","trending_post_position":"meta","trending_post_label":"Trending","sponsored_post":"0","sponsored_post_label":"Sponsored by","sponsored_post_name":"","sponsored_post_url":"","sponsored_post_logo_enable":"0","sponsored_post_logo":"","sponsored_post_desc":"","disable_ad":"0"},"jnews_primary_category":{"id":""},"footnotes":""},"categories":[80,43,52],"tags":[],"class_list":["post-82772","post","type-post","status-publish","format-standard","has-post-thumbnail","hentry","category-educacion","category-estado","category-gobierno-de-tlaxcala"],"aioseo_notices":[],"_links":{"self":[{"href":"https:\/\/estado29.mx\/index.php?rest_route=\/wp\/v2\/posts\/82772","targetHints":{"allow":["GET"]}}],"collection":[{"href":"https:\/\/estado29.mx\/index.php?rest_route=\/wp\/v2\/posts"}],"about":[{"href":"https:\/\/estado29.mx\/index.php?rest_route=\/wp\/v2\/types\/post"}],"author":[{"embeddable":true,"href":"https:\/\/estado29.mx\/index.php?rest_route=\/wp\/v2\/users\/4"}],"replies":[{"embeddable":true,"href":"https:\/\/estado29.mx\/index.php?rest_route=%2Fwp%2Fv2%2Fcomments&post=82772"}],"version-history":[{"count":1,"href":"https:\/\/estado29.mx\/index.php?rest_route=\/wp\/v2\/posts\/82772\/revisions"}],"predecessor-version":[{"id":82774,"href":"https:\/\/estado29.mx\/index.php?rest_route=\/wp\/v2\/posts\/82772\/revisions\/82774"}],"wp:featuredmedia":[{"embeddable":true,"href":"https:\/\/estado29.mx\/index.php?rest_route=\/wp\/v2\/media\/82773"}],"wp:attachment":[{"href":"https:\/\/estado29.mx\/index.php?rest_route=%2Fwp%2Fv2%2Fmedia&parent=82772"}],"wp:term":[{"taxonomy":"category","embeddable":true,"href":"https:\/\/estado29.mx\/index.php?rest_route=%2Fwp%2Fv2%2Fcategories&post=82772"},{"taxonomy":"post_tag","embeddable":true,"href":"https:\/\/estado29.mx\/index.php?rest_route=%2Fwp%2Fv2%2Ftags&post=82772"}],"curies":[{"name":"wp","href":"https:\/\/api.w.org\/{rel}","templated":true}]}}