{"id":82778,"date":"2022-10-25T12:31:32","date_gmt":"2022-10-25T12:31:32","guid":{"rendered":"https:\/\/estado29.mx\/?p=82778"},"modified":"2022-10-25T12:31:33","modified_gmt":"2022-10-25T12:31:33","slug":"refuerza-pgje-y-cjm-atencion-a-las-mujeres-en-colaboracion-con-instituciones-y-organizaciones","status":"publish","type":"post","link":"https:\/\/estado29.mx\/?p=82778","title":{"rendered":"Refuerza PGJE y CJM atenci\u00f3n a las mujeres en colaboraci\u00f3n con instituciones y organizaciones"},"content":{"rendered":"\n<p><\/p>\n\n\n\n<p>*Participan Icatlax, ITEA, Ceavo y las asociaciones Colibr\u00edes en Libertad, Cihuah y Mujeres Tlaxcaltecas en Sororidad<\/p>\n\n\n\n<p>La Procuradur\u00eda General de Justicia del Estado (PGJE), a trav\u00e9s del Centro de Justicia para las Mujeres (CJM), firm\u00f3 convenios de colaboraci\u00f3n con instituciones y organizaciones civiles para trabajar coordinadamente en la prevenci\u00f3n y atenci\u00f3n de la violencia contra la poblaci\u00f3n femenil.<\/p>\n\n\n\n<p>En su mensaje, la titular del CJM, Gabriela Hern\u00e1ndez Montiel mencion\u00f3 que \u201cgracias a la gu\u00eda de la gobernadora del estado, Lorena Cu\u00e9llar Cisneros, se garantizar\u00e1 a las usuarias una vida digna y libre de violencia, y bajo su liderazgo se trabajar\u00e1 de forma institucional, ya que se busca que haya equidad\u201d.<\/p>\n\n\n\n<p>A su vez, la titular de la PGJE, Ernestina Carro Rold\u00e1n enfatiz\u00f3 que \u201ces la primera vez que se realiza una firma de convenios con diversas instituciones, ya que gracias a estas acciones se realizan trabajos interdisciplinarios para localizar a mujeres violentadas en cada municipio para ofrecerles apoyo\u201d.<\/p>\n\n\n\n<p>Agreg\u00f3 que \u201cla dependencia a su cargo est\u00e1 comprometida para atender todos y cada uno de los casos que se presenten en forma profesional, se trata de romper el c\u00edrculo de violencia y el trabajo del Centro de Justicia para las Mujeres es fundamental\u201d.<\/p>\n\n\n\n<p>Al tomar la palabra, la presidenta del Sistema Estatal para el Desarrollo Integral de la Familia (Sedif), Mariana Espinosa de los Monteros Cu\u00e9llar afirm\u00f3 que es el tiempo de la lucha por las mujeres y ser\u00e1 posible con la suma de esfuerzos de los tres poderes y niveles de gobierno, as\u00ed como la sociedad civil organizada.<\/p>\n\n\n\n<p>Con los acuerdos signados, el Instituto de Capacitaci\u00f3n para el Trabajo del Estado de Tlaxcala (Icatlax) otorgar\u00e1 capacitaci\u00f3n a las mujeres que son atendidas en el CJM; el Instituto Tlaxcalteca para la Educaci\u00f3n de los Adultos (ITEA) las apoyar\u00e1 a concluir sus estudios de educaci\u00f3n b\u00e1sica y la Comisi\u00f3n Ejecutiva de Atenci\u00f3n a V\u00edctimas y Ofendidos (Ceavo) les brindar\u00e1 atenci\u00f3n y protecci\u00f3n si as\u00ed lo requieren.<\/p>\n\n\n\n<p>En tanto, las asociaciones civiles denominadas Colibr\u00edes en Libertad, Cihuah y Mujeres Tlaxcaltecas en Sororidad, brindar\u00e1n lugares seguros a las mujeres para que se resguarden con sus hijas e hijos; asimismo, personal especializado las apoyar\u00e1 en sus procesos jur\u00eddicos y emocionales.<\/p>\n\n\n\n<p>Al acto protocolario asistieron las presidentas de la Mesa Directiva del Congreso local, Leticia Mart\u00ednez Cer\u00f3n; de la Comisi\u00f3n Estatal de Derechos Humanos (CEDH), Jakqueline Ordo\u00f1ez Brasdefer; el consejero presidente del Instituto Tlaxcalteca de Elecciones (ITE), Juan Carlos Minor M\u00e1rquez; la directora del Instituto Estatal de la Mujer (IEM), Margarita Cisneros Tzoni; las diputadas locales, Alejandra Ram\u00edrez Ortiz y Lorena Ruiz Garc\u00eda, as\u00ed como representantes de organizaciones y colectivos.<\/p>\n","protected":false},"excerpt":{"rendered":"<p>*Participan Icatlax, ITEA, Ceavo y las asociaciones Colibr\u00edes en Libertad, Cihuah y Mujeres Tlaxcaltecas en Sororidad La Procuradur\u00eda General de Justicia del Estado (PGJE), a trav\u00e9s del Centro de Justicia para las Mujeres (CJM), firm\u00f3 convenios de colaboraci\u00f3n con instituciones y organizaciones civiles para trabajar coordinadamente en la prevenci\u00f3n y atenci\u00f3n de la violencia contra [&hellip;]<\/p>\n","protected":false},"author":4,"featured_media":82779,"comment_status":"open","ping_status":"open","sticky":false,"template":"","format":"standard","meta":{"om_disable_all_campaigns":false,"_monsterinsights_skip_tracking":false,"_monsterinsights_sitenote_active":false,"_monsterinsights_sitenote_note":"","_monsterinsights_sitenote_category":0,"jnews-multi-image_gallery":[],"jnews_single_post":{"subtitle":"","format":"standard","video":"","gallery":"","source_name":"","source_url":"","via_name":"","via_url":"","override_template":"0","override":[{"template":"1","single_blog_custom":"","parallax":"1","fullscreen":"1","layout":"right-sidebar","sidebar":"default-sidebar","second_sidebar":"default-sidebar","sticky_sidebar":"1","share_position":"top","share_float_style":"share-monocrhome","show_share_counter":"1","show_view_counter":"1","show_featured":"1","show_post_meta":"1","show_post_author":"1","show_post_author_image":"1","show_post_date":"1","post_date_format":"default","post_date_format_custom":"Y\/m\/d","show_post_category":"1","show_post_reading_time":"0","post_reading_time_wpm":"300","show_zoom_button":"0","zoom_button_out_step":"2","zoom_button_in_step":"3","show_post_tag":"1","show_prev_next_post":"1","show_popup_post":"1","number_popup_post":"1","show_author_box":"1","show_post_related":"0","show_inline_post_related":"0"}],"override_image_size":"0","image_override":[{"single_post_thumbnail_size":"crop-500","single_post_gallery_size":"crop-500"}],"trending_post":"0","trending_post_position":"meta","trending_post_label":"Trending","sponsored_post":"0","sponsored_post_label":"Sponsored by","sponsored_post_name":"","sponsored_post_url":"","sponsored_post_logo_enable":"0","sponsored_post_logo":"","sponsored_post_desc":"","disable_ad":"0"},"jnews_primary_category":{"id":""},"footnotes":""},"categories":[43,52],"tags":[],"class_list":["post-82778","post","type-post","status-publish","format-standard","has-post-thumbnail","hentry","category-estado","category-gobierno-de-tlaxcala"],"aioseo_notices":[],"_links":{"self":[{"href":"https:\/\/estado29.mx\/index.php?rest_route=\/wp\/v2\/posts\/82778","targetHints":{"allow":["GET"]}}],"collection":[{"href":"https:\/\/estado29.mx\/index.php?rest_route=\/wp\/v2\/posts"}],"about":[{"href":"https:\/\/estado29.mx\/index.php?rest_route=\/wp\/v2\/types\/post"}],"author":[{"embeddable":true,"href":"https:\/\/estado29.mx\/index.php?rest_route=\/wp\/v2\/users\/4"}],"replies":[{"embeddable":true,"href":"https:\/\/estado29.mx\/index.php?rest_route=%2Fwp%2Fv2%2Fcomments&post=82778"}],"version-history":[{"count":1,"href":"https:\/\/estado29.mx\/index.php?rest_route=\/wp\/v2\/posts\/82778\/revisions"}],"predecessor-version":[{"id":82780,"href":"https:\/\/estado29.mx\/index.php?rest_route=\/wp\/v2\/posts\/82778\/revisions\/82780"}],"wp:featuredmedia":[{"embeddable":true,"href":"https:\/\/estado29.mx\/index.php?rest_route=\/wp\/v2\/media\/82779"}],"wp:attachment":[{"href":"https:\/\/estado29.mx\/index.php?rest_route=%2Fwp%2Fv2%2Fmedia&parent=82778"}],"wp:term":[{"taxonomy":"category","embeddable":true,"href":"https:\/\/estado29.mx\/index.php?rest_route=%2Fwp%2Fv2%2Fcategories&post=82778"},{"taxonomy":"post_tag","embeddable":true,"href":"https:\/\/estado29.mx\/index.php?rest_route=%2Fwp%2Fv2%2Ftags&post=82778"}],"curies":[{"name":"wp","href":"https:\/\/api.w.org\/{rel}","templated":true}]}}