{"id":82799,"date":"2022-10-26T12:24:54","date_gmt":"2022-10-26T12:24:54","guid":{"rendered":"https:\/\/estado29.mx\/?p=82799"},"modified":"2022-10-26T12:24:54","modified_gmt":"2022-10-26T12:24:54","slug":"realizan-censos-en-hospitales-y-centros-de-salud-imss-bienestar","status":"publish","type":"post","link":"https:\/\/estado29.mx\/?p=82799","title":{"rendered":"Realizan censos en hospitales y centros de salud IMSS-BIENESTAR"},"content":{"rendered":"\n<p>*El prop\u00f3sito es que se acondicionen y est\u00e9n en buen estado<\/p>\n\n\n\n<p>El presidente de M\u00e9xico, Andr\u00e9s Manuel L\u00f3pez Obrador inform\u00f3 que en Tlaxcala, Nayarit, Colima y otros estados del pa\u00eds se realizan censos constantes por parte del gobierno federal, con el prop\u00f3sito de que se acondicionen y est\u00e9n en buen estado los hospitales y centros de salud de primer nivel que brindan atenci\u00f3n a la poblaci\u00f3n.<\/p>\n\n\n\n<p>La administraci\u00f3n federal realiza una adquisici\u00f3n de equipos m\u00e9dicos con miles de millones de pesos de inversi\u00f3n para equipar unidades de primer nivel, hospitales de segundo y tercer nivel en el caso donde se tengan nosocomios de alta especialidad.<\/p>\n\n\n\n<p>Reto en materia de salud que consolidar\u00e1 el sistema m\u00e9dico IMSS-Bienestar para que a finales del a\u00f1o 2022 ya est\u00e9 operando el esquema al 100 por ciento en otros estados de M\u00e9xico, afirm\u00f3 el titular del Ejecutivo federal durante su conferencia ma\u00f1anera de este 25 de octubre.<\/p>\n\n\n\n<p>L\u00f3pez Obrador indic\u00f3 que el esquema de salud es fundamental para garantizar la salud p\u00fablica de todos los mexicanos, atenci\u00f3n m\u00e9dica de calidad, universal, gratuita, que se pueda considerar el sistema m\u00e9dico de M\u00e9xico como uno de los mejores del mundo.<\/p>\n\n\n\n<p>El objetivo es lograr un sistema de salud p\u00fablica como en pa\u00edses que tienen una atenci\u00f3n m\u00e9dica de lo mejor del mundo.<\/p>\n\n\n\n<p>\u201cVamos a ofrecer, cuando terminemos, un sistema de salud de primera con el apoyo de los trabajadores de la salud y de muchos que estamos participando, autoridades municipales, estatales. Ya iniciamos en tres estados, Nayarit, Colima y Tlaxcala, y este fin de semana tres estados m\u00e1s, Baja California Sur, Sonora y Sinaloa, se estar\u00e1n sumando para que al concluir el a\u00f1o 2022 el sistema de salud funcione al 100 por ciento en seis entidades m\u00e1s, tres en noviembre y tres en diciembre, de modo que tendr\u00edamos estados en proceso de consolidaci\u00f3n del IMSS-Bienestar\u201d, expres\u00f3 el presidente.<\/p>\n","protected":false},"excerpt":{"rendered":"<p>*El prop\u00f3sito es que se acondicionen y est\u00e9n en buen estado El presidente de M\u00e9xico, Andr\u00e9s Manuel L\u00f3pez Obrador inform\u00f3 que en Tlaxcala, Nayarit, Colima y otros estados del pa\u00eds se realizan censos constantes por parte del gobierno federal, con el prop\u00f3sito de que se acondicionen y est\u00e9n en buen estado los hospitales y centros [&hellip;]<\/p>\n","protected":false},"author":4,"featured_media":82800,"comment_status":"open","ping_status":"open","sticky":false,"template":"","format":"standard","meta":{"om_disable_all_campaigns":false,"_monsterinsights_skip_tracking":false,"_monsterinsights_sitenote_active":false,"_monsterinsights_sitenote_note":"","_monsterinsights_sitenote_category":0,"jnews-multi-image_gallery":[],"jnews_single_post":{"subtitle":"","format":"standard","video":"","gallery":"","source_name":"","source_url":"","via_name":"","via_url":"","override_template":"0","override":[{"template":"1","single_blog_custom":"","parallax":"1","fullscreen":"1","layout":"right-sidebar","sidebar":"default-sidebar","second_sidebar":"default-sidebar","sticky_sidebar":"1","share_position":"top","share_float_style":"share-monocrhome","show_share_counter":"1","show_view_counter":"1","show_featured":"1","show_post_meta":"1","show_post_author":"1","show_post_author_image":"1","show_post_date":"1","post_date_format":"default","post_date_format_custom":"Y\/m\/d","show_post_category":"1","show_post_reading_time":"0","post_reading_time_wpm":"300","show_zoom_button":"0","zoom_button_out_step":"2","zoom_button_in_step":"3","show_post_tag":"1","show_prev_next_post":"1","show_popup_post":"1","number_popup_post":"1","show_author_box":"1","show_post_related":"0","show_inline_post_related":"0"}],"override_image_size":"0","image_override":[{"single_post_thumbnail_size":"crop-500","single_post_gallery_size":"crop-500"}],"trending_post":"0","trending_post_position":"meta","trending_post_label":"Trending","sponsored_post":"0","sponsored_post_label":"Sponsored by","sponsored_post_name":"","sponsored_post_url":"","sponsored_post_logo_enable":"0","sponsored_post_logo":"","sponsored_post_desc":"","disable_ad":"0"},"jnews_primary_category":{"id":""},"footnotes":""},"categories":[43,52,81],"tags":[150,110,141,96],"class_list":["post-82799","post","type-post","status-publish","format-standard","has-post-thumbnail","hentry","category-estado","category-gobierno-de-tlaxcala","category-salud-estado","tag-gobierno-del-estado","tag-municipios","tag-salud","tag-tlaxcala"],"aioseo_notices":[],"_links":{"self":[{"href":"https:\/\/estado29.mx\/index.php?rest_route=\/wp\/v2\/posts\/82799","targetHints":{"allow":["GET"]}}],"collection":[{"href":"https:\/\/estado29.mx\/index.php?rest_route=\/wp\/v2\/posts"}],"about":[{"href":"https:\/\/estado29.mx\/index.php?rest_route=\/wp\/v2\/types\/post"}],"author":[{"embeddable":true,"href":"https:\/\/estado29.mx\/index.php?rest_route=\/wp\/v2\/users\/4"}],"replies":[{"embeddable":true,"href":"https:\/\/estado29.mx\/index.php?rest_route=%2Fwp%2Fv2%2Fcomments&post=82799"}],"version-history":[{"count":1,"href":"https:\/\/estado29.mx\/index.php?rest_route=\/wp\/v2\/posts\/82799\/revisions"}],"predecessor-version":[{"id":82801,"href":"https:\/\/estado29.mx\/index.php?rest_route=\/wp\/v2\/posts\/82799\/revisions\/82801"}],"wp:featuredmedia":[{"embeddable":true,"href":"https:\/\/estado29.mx\/index.php?rest_route=\/wp\/v2\/media\/82800"}],"wp:attachment":[{"href":"https:\/\/estado29.mx\/index.php?rest_route=%2Fwp%2Fv2%2Fmedia&parent=82799"}],"wp:term":[{"taxonomy":"category","embeddable":true,"href":"https:\/\/estado29.mx\/index.php?rest_route=%2Fwp%2Fv2%2Fcategories&post=82799"},{"taxonomy":"post_tag","embeddable":true,"href":"https:\/\/estado29.mx\/index.php?rest_route=%2Fwp%2Fv2%2Ftags&post=82799"}],"curies":[{"name":"wp","href":"https:\/\/api.w.org\/{rel}","templated":true}]}}