{"id":82802,"date":"2022-10-26T12:26:45","date_gmt":"2022-10-26T12:26:45","guid":{"rendered":"https:\/\/estado29.mx\/?p=82802"},"modified":"2022-10-26T12:26:46","modified_gmt":"2022-10-26T12:26:46","slug":"entrego-gobernadora-equipamiento-y-maquinas-de-coser-en-la-escuela-valentin-gomez-farias","status":"publish","type":"post","link":"https:\/\/estado29.mx\/?p=82802","title":{"rendered":"Entreg\u00f3 gobernadora equipamiento y m\u00e1quinas de coser en la escuela \u201cValent\u00edn G\u00f3mez Far\u00edas\u201d"},"content":{"rendered":"\n<p>*La inversi\u00f3n fue de 256 mil 356 pesos en beneficio de 240 alumnos<\/p>\n\n\n\n<p>La gobernadora Lorena Cu\u00e9llar Cisneros entreg\u00f3 equipamiento y m\u00e1quinas de coser en la Secundaria General \u201cValent\u00edn G\u00f3mez Far\u00edas\u201d del municipio de Chiautempan, con lo cual se beneficiar\u00e1n 240 alumnos y alumnas de los turnos matutino y vespertino del taller de Industria del Vestido.<\/p>\n\n\n\n<p>La mandataria local alent\u00f3 a los estudiantes a aprovechar los aprendizajes del taller para beneficiarse en un futuro, ya que de ellos podr\u00eda derivar su carrera u oficio.<\/p>\n\n\n\n<p>\u201cQue todo lo que aprendan en este taller les sirva para confeccionar. Tal vez alguno quiera pertenecer a la industria del vestido y confeccionar cosas; o ser dise\u00f1ador, te da muchas posibilidades cuando aprendes en la escuela\u201d, coment\u00f3.<\/p>\n\n\n\n<p>La titular del Ejecutivo local insisti\u00f3 que este tipo de aprendizaje ser\u00e1 para el resto de su vida, pues les permitir\u00e1 emprender un negocio o incursionar en el sector textil, ya que en el estado hay varias empresas de esta rama.<\/p>\n\n\n\n<p>Ante alumnos, directivos, maestros y padres de familia, asegur\u00f3 que su inter\u00e9s es que todos los j\u00f3venes se preparen, por ello tambi\u00e9n ha apostado a la entrega de lentes gratuitos y otros beneficios en el nivel b\u00e1sico.<\/p>\n\n\n\n<p>\u201cMi inter\u00e9s es que todas las escuelas tengan la mano de la gobernadora. Tenemos el Instituto Polit\u00e9cnico Nacional, tambi\u00e9n escuelas de m\u00fasica, de arte que vienen de Bellas Artes, se est\u00e1 construyendo la Universidad Intercultural, adem\u00e1s cerca de siete universidades en diferentes municipios\u201d, inform\u00f3.<\/p>\n\n\n\n<p>Al hacer uso de la palabra, el representante del Instituto Tlaxcalteca de Infraestructura F\u00edsica Educativa (Itife), Rogelio \u00c1lvarez Padilla precis\u00f3 que se invirtieron 256 mil 356 pesos provenientes del Ramo 33, fondo quinto y aportaciones m\u00faltiples en una primera etapa.<\/p>\n\n\n\n<p>\u201cEl d\u00eda de hoy se entregan 13 m\u00e1quinas de coser, lo que destaca es una pegadora de botones, una m\u00e1quina recta con dos agujas, una bordadora y lo que tenemos en cajas son ocho m\u00e1quinas rectas de una sola aguja\u201d, detall\u00f3.<\/p>\n\n\n\n<p>Adelant\u00f3 que se contemplan seis m\u00e1quinas m\u00e1s, con caracter\u00edsticas de ojales y botones, con una inversi\u00f3n de 199 mil pesos.<\/p>\n\n\n\n<p>En su mensaje, el director de la secundaria \u201cValent\u00edn G\u00f3mez Far\u00edas\u201d, Salom\u00f3n Amador Hern\u00e1ndez agradeci\u00f3 a la mandataria local, Lorena Cu\u00e9llar, por el apoyo a la escuela, que ser\u00e1 de gran utilidad para la comunidad estudiantil.<\/p>\n\n\n\n<p>Adem\u00e1s, confi\u00f3 en que las autoridades puedan ayudar con equipos para el taller de Ofim\u00e1tica, las cuales son necesarias para los alumnos de los tres grados.<\/p>\n\n\n\n<p>Al evento acudi\u00f3 la jefa de departamento de Secundarias Generales de la Secretar\u00eda de Educaci\u00f3n P\u00fablica del Estado (SEPE), Diana Iris P\u00e9rez y Per\u00e9z; el supervisor de la zona 01, Oliverio Bedolla Morill\u00f3n; el director de planeaci\u00f3n del Itife, Omar Cuatianquiz; la ex directora de la secundaria, Araceli Trejo, docentes del turno matutino y vespertino, y maestros del taller de Industria del Vestido.<\/p>\n","protected":false},"excerpt":{"rendered":"<p>*La inversi\u00f3n fue de 256 mil 356 pesos en beneficio de 240 alumnos La gobernadora Lorena Cu\u00e9llar Cisneros entreg\u00f3 equipamiento y m\u00e1quinas de coser en la Secundaria General \u201cValent\u00edn G\u00f3mez Far\u00edas\u201d del municipio de Chiautempan, con lo cual se beneficiar\u00e1n 240 alumnos y alumnas de los turnos matutino y vespertino del taller de Industria del [&hellip;]<\/p>\n","protected":false},"author":4,"featured_media":82803,"comment_status":"open","ping_status":"open","sticky":false,"template":"","format":"standard","meta":{"om_disable_all_campaigns":false,"_monsterinsights_skip_tracking":false,"_monsterinsights_sitenote_active":false,"_monsterinsights_sitenote_note":"","_monsterinsights_sitenote_category":0,"jnews-multi-image_gallery":[],"jnews_single_post":{"subtitle":"","format":"standard","video":"","gallery":"","source_name":"","source_url":"","via_name":"","via_url":"","override_template":"0","override":[{"template":"1","single_blog_custom":"","parallax":"1","fullscreen":"1","layout":"right-sidebar","sidebar":"default-sidebar","second_sidebar":"default-sidebar","sticky_sidebar":"1","share_position":"top","share_float_style":"share-monocrhome","show_share_counter":"1","show_view_counter":"1","show_featured":"1","show_post_meta":"1","show_post_author":"1","show_post_author_image":"1","show_post_date":"1","post_date_format":"default","post_date_format_custom":"Y\/m\/d","show_post_category":"1","show_post_reading_time":"0","post_reading_time_wpm":"300","show_zoom_button":"0","zoom_button_out_step":"2","zoom_button_in_step":"3","show_post_tag":"1","show_prev_next_post":"1","show_popup_post":"1","number_popup_post":"1","show_author_box":"1","show_post_related":"0","show_inline_post_related":"0"}],"override_image_size":"0","image_override":[{"single_post_thumbnail_size":"crop-500","single_post_gallery_size":"crop-500"}],"trending_post":"0","trending_post_position":"meta","trending_post_label":"Trending","sponsored_post":"0","sponsored_post_label":"Sponsored by","sponsored_post_name":"","sponsored_post_url":"","sponsored_post_logo_enable":"0","sponsored_post_logo":"","sponsored_post_desc":"","disable_ad":"0"},"jnews_primary_category":{"id":""},"footnotes":""},"categories":[80,43,52],"tags":[150,110,284,96],"class_list":["post-82802","post","type-post","status-publish","format-standard","has-post-thumbnail","hentry","category-educacion","category-estado","category-gobierno-de-tlaxcala","tag-gobierno-del-estado","tag-municipios","tag-sepe","tag-tlaxcala"],"aioseo_notices":[],"_links":{"self":[{"href":"https:\/\/estado29.mx\/index.php?rest_route=\/wp\/v2\/posts\/82802","targetHints":{"allow":["GET"]}}],"collection":[{"href":"https:\/\/estado29.mx\/index.php?rest_route=\/wp\/v2\/posts"}],"about":[{"href":"https:\/\/estado29.mx\/index.php?rest_route=\/wp\/v2\/types\/post"}],"author":[{"embeddable":true,"href":"https:\/\/estado29.mx\/index.php?rest_route=\/wp\/v2\/users\/4"}],"replies":[{"embeddable":true,"href":"https:\/\/estado29.mx\/index.php?rest_route=%2Fwp%2Fv2%2Fcomments&post=82802"}],"version-history":[{"count":1,"href":"https:\/\/estado29.mx\/index.php?rest_route=\/wp\/v2\/posts\/82802\/revisions"}],"predecessor-version":[{"id":82804,"href":"https:\/\/estado29.mx\/index.php?rest_route=\/wp\/v2\/posts\/82802\/revisions\/82804"}],"wp:featuredmedia":[{"embeddable":true,"href":"https:\/\/estado29.mx\/index.php?rest_route=\/wp\/v2\/media\/82803"}],"wp:attachment":[{"href":"https:\/\/estado29.mx\/index.php?rest_route=%2Fwp%2Fv2%2Fmedia&parent=82802"}],"wp:term":[{"taxonomy":"category","embeddable":true,"href":"https:\/\/estado29.mx\/index.php?rest_route=%2Fwp%2Fv2%2Fcategories&post=82802"},{"taxonomy":"post_tag","embeddable":true,"href":"https:\/\/estado29.mx\/index.php?rest_route=%2Fwp%2Fv2%2Ftags&post=82802"}],"curies":[{"name":"wp","href":"https:\/\/api.w.org\/{rel}","templated":true}]}}