{"id":82805,"date":"2022-10-26T12:32:37","date_gmt":"2022-10-26T12:32:37","guid":{"rendered":"https:\/\/estado29.mx\/?p=82805"},"modified":"2022-10-26T12:32:38","modified_gmt":"2022-10-26T12:32:38","slug":"pgje-informa-causa-de-muerte-de-beatriz-n","status":"publish","type":"post","link":"https:\/\/estado29.mx\/?p=82805","title":{"rendered":"PGJE informa causa de muerte de Beatriz N"},"content":{"rendered":"\n<p>El deceso se debi\u00f3 a traumatismo craneoencef\u00e1lico secundario a ca\u00edda<\/p>\n\n\n\n<p>La Procuradur\u00eda General de Justicia del Estado (PGJE) informa que, de acuerdo con el dictamen del \u00e1rea del Servicios Periciales adscrita a la Procuradur\u00eda General de Justicia del Estado (PGJE), la causa del fallecimiento de Beatriz N., fue por traumatismo craneoencef\u00e1lico secundario a ca\u00edda, esto con base en el resultado de la necropsia.<\/p>\n\n\n\n<p>En este procedimiento realizado por peritos de la PGJE estuvieron presentes un observador y m\u00e9dico, ambos de la Comisi\u00f3n Estatal de Derechos Humanos de Tlaxcala (CEDHT) y m\u00e9dicos legistas, adem\u00e1s, se cont\u00f3 con la participaci\u00f3n de expertos en criminal\u00edstica de campo y en audio y video, as\u00ed como personal de la Polic\u00eda de Investigaci\u00f3n y un asesor jur\u00eddico de la Comisi\u00f3n Ejecutiva de Atenci\u00f3n a V\u00edctimas.<\/p>\n\n\n\n<p>Asimismo, se han iniciado l\u00edneas de investigaci\u00f3n sustentadas con rigor cient\u00edfico, bajo los est\u00e1ndares del debido proceso en estricto cumplimiento al art\u00edculo primero constitucional que obliga a toda autoridad a partir de la reforma del 2011 a garantizar el cumplimiento de los derechos humanos en el debido proceso penal como lo establece el art\u00edculo segundo del C\u00f3digo Nacional de Procedimientos Penales (CNPP).<\/p>\n\n\n\n<p>La Procuradur\u00eda General de Justicia del Estado contin\u00faa en el trabajo de integrar l\u00edneas de investigaci\u00f3n apoyados en entrevistas, an\u00e1lisis de video, pruebas periciales, as\u00ed como solicitar informaci\u00f3n a diversas instituciones p\u00fablicas con el \u00fanico objetivo de obtener datos de prueba id\u00f3neos y pertinentes a fin de conocer la verdad jur\u00eddica respecto al fallecimiento de Beatriz N.<\/p>\n\n\n\n<p>Esta Procuradur\u00eda garantiza una investigaci\u00f3n transparente e imparcial apegada estrictamente a los Derechos Humanos.<\/p>\n","protected":false},"excerpt":{"rendered":"<p>El deceso se debi\u00f3 a traumatismo craneoencef\u00e1lico secundario a ca\u00edda La Procuradur\u00eda General de Justicia del Estado (PGJE) informa que, de acuerdo con el dictamen del \u00e1rea del Servicios Periciales adscrita a la Procuradur\u00eda General de Justicia del Estado (PGJE), la causa del fallecimiento de Beatriz N., fue por traumatismo craneoencef\u00e1lico secundario a ca\u00edda, esto [&hellip;]<\/p>\n","protected":false},"author":4,"featured_media":82806,"comment_status":"open","ping_status":"open","sticky":false,"template":"","format":"standard","meta":{"om_disable_all_campaigns":false,"_monsterinsights_skip_tracking":false,"_monsterinsights_sitenote_active":false,"_monsterinsights_sitenote_note":"","_monsterinsights_sitenote_category":0,"jnews-multi-image_gallery":[],"jnews_single_post":{"subtitle":"","format":"standard","video":"","gallery":"","source_name":"","source_url":"","via_name":"","via_url":"","override_template":"0","override":[{"template":"1","single_blog_custom":"","parallax":"1","fullscreen":"1","layout":"right-sidebar","sidebar":"default-sidebar","second_sidebar":"default-sidebar","sticky_sidebar":"1","share_position":"top","share_float_style":"share-monocrhome","show_share_counter":"1","show_view_counter":"1","show_featured":"1","show_post_meta":"1","show_post_author":"1","show_post_author_image":"1","show_post_date":"1","post_date_format":"default","post_date_format_custom":"Y\/m\/d","show_post_category":"1","show_post_reading_time":"0","post_reading_time_wpm":"300","show_zoom_button":"0","zoom_button_out_step":"2","zoom_button_in_step":"3","show_post_tag":"1","show_prev_next_post":"1","show_popup_post":"1","number_popup_post":"1","show_author_box":"1","show_post_related":"0","show_inline_post_related":"0"}],"override_image_size":"0","image_override":[{"single_post_thumbnail_size":"crop-500","single_post_gallery_size":"crop-500"}],"trending_post":"0","trending_post_position":"meta","trending_post_label":"Trending","sponsored_post":"0","sponsored_post_label":"Sponsored by","sponsored_post_name":"","sponsored_post_url":"","sponsored_post_logo_enable":"0","sponsored_post_logo":"","sponsored_post_desc":"","disable_ad":"0"},"jnews_primary_category":{"id":""},"footnotes":""},"categories":[43,52],"tags":[150,110,91,96],"class_list":["post-82805","post","type-post","status-publish","format-standard","has-post-thumbnail","hentry","category-estado","category-gobierno-de-tlaxcala","tag-gobierno-del-estado","tag-municipios","tag-pgje","tag-tlaxcala"],"aioseo_notices":[],"_links":{"self":[{"href":"https:\/\/estado29.mx\/index.php?rest_route=\/wp\/v2\/posts\/82805","targetHints":{"allow":["GET"]}}],"collection":[{"href":"https:\/\/estado29.mx\/index.php?rest_route=\/wp\/v2\/posts"}],"about":[{"href":"https:\/\/estado29.mx\/index.php?rest_route=\/wp\/v2\/types\/post"}],"author":[{"embeddable":true,"href":"https:\/\/estado29.mx\/index.php?rest_route=\/wp\/v2\/users\/4"}],"replies":[{"embeddable":true,"href":"https:\/\/estado29.mx\/index.php?rest_route=%2Fwp%2Fv2%2Fcomments&post=82805"}],"version-history":[{"count":1,"href":"https:\/\/estado29.mx\/index.php?rest_route=\/wp\/v2\/posts\/82805\/revisions"}],"predecessor-version":[{"id":82807,"href":"https:\/\/estado29.mx\/index.php?rest_route=\/wp\/v2\/posts\/82805\/revisions\/82807"}],"wp:featuredmedia":[{"embeddable":true,"href":"https:\/\/estado29.mx\/index.php?rest_route=\/wp\/v2\/media\/82806"}],"wp:attachment":[{"href":"https:\/\/estado29.mx\/index.php?rest_route=%2Fwp%2Fv2%2Fmedia&parent=82805"}],"wp:term":[{"taxonomy":"category","embeddable":true,"href":"https:\/\/estado29.mx\/index.php?rest_route=%2Fwp%2Fv2%2Fcategories&post=82805"},{"taxonomy":"post_tag","embeddable":true,"href":"https:\/\/estado29.mx\/index.php?rest_route=%2Fwp%2Fv2%2Ftags&post=82805"}],"curies":[{"name":"wp","href":"https:\/\/api.w.org\/{rel}","templated":true}]}}