{"id":82808,"date":"2022-10-26T12:40:26","date_gmt":"2022-10-26T12:40:26","guid":{"rendered":"https:\/\/estado29.mx\/?p=82808"},"modified":"2022-10-26T12:40:27","modified_gmt":"2022-10-26T12:40:27","slug":"indispensable-la-participacion-de-la-sociedad-para-mantener-la-paz-social-en-tlaxcala-cap","status":"publish","type":"post","link":"https:\/\/estado29.mx\/?p=82808","title":{"rendered":"Indispensable la participaci\u00f3n de la sociedad para mantener la paz social en Tlaxcala: CAP"},"content":{"rendered":"\n<p>El representante de la organizaci\u00f3n, Jos\u00e9 Isabel Ju\u00e1rez coincidi\u00f3 con la gobernadora Lorena Cu\u00e9llar en que se debe privilegiar el di\u00e1logo ante cualquier conflicto<\/p>\n\n\n\n<p>Tras la presentaci\u00f3n del Informe de Incidencia Delictiva del tercer trimestre del a\u00f1o, en el que la gobernadora Lorena Cu\u00e9llar Cisneros destac\u00f3 que Tlaxcala ha ocupado durante cinco meses consecutivos el primer lugar a nivel nacional, como el estado m\u00e1s seguro del pa\u00eds, el coordinador estatal del Congreso Agrario Permanente (CAP), Jos\u00e9 Isabel Ju\u00e1rez Torres, se\u00f1al\u00f3 que la sociedad ha contribuido para conservar la paz social.<\/p>\n\n\n\n<p>\u201cSon buenos datos, yo creo que la ciudadan\u00eda ha aportado mucho, la gente ya encontr\u00f3 esa tranquilidad porque tambi\u00e9n tienen una voluntad pac\u00edfica y yo creo que eso es muy importante, es de reconocer el esfuerzo de las autoridades y de la sociedad, expuso.<\/p>\n\n\n\n<p>En entrevista, el representante de la organizaci\u00f3n campesina destac\u00f3 que, si bien existen algunos delitos con mayor incidencia en algunos municipios, el trabajo impulsado por las autoridades de los tres niveles de gobierno sumado a la voluntad y cooperaci\u00f3n de la poblaci\u00f3n tlaxcalteca, ser\u00e1 clave para mantener la seguridad.<\/p>\n\n\n\n<p>Por otra parte, en relaci\u00f3n a las protestas realizadas por estudiantes de la Normal Rural \u201cLic. Benito Ju\u00e1rez\u201d de Panotla, Ju\u00e1rez Torrez, coincidi\u00f3 con la titular del Ejecutivo local en que ante cualquier conflicto debe prevalecer el di\u00e1logo entre ambas partes.<\/p>\n\n\n\n<p>\u201cCreemos que debe, como dijo la gobernadora al \u00faltimo, haber di\u00e1logo a todas las demandas de la sociedad, de estudiantes, maestros, campesinos, empresarios, todo por la v\u00eda del di\u00e1logo y derivado de esta consecuencia, tan grave, tr\u00e1gica para la sociedad (el deceso de la estudiante Beatriz N.), pues yo creo que las autoridades deben esclarecer qu\u00e9 paso, cu\u00e1les fueron las causas y castigar ejemplarmente a quien lo haya provocado\u201d, finaliz\u00f3.<\/p>\n","protected":false},"excerpt":{"rendered":"<p>El representante de la organizaci\u00f3n, Jos\u00e9 Isabel Ju\u00e1rez coincidi\u00f3 con la gobernadora Lorena Cu\u00e9llar en que se debe privilegiar el di\u00e1logo ante cualquier conflicto Tras la presentaci\u00f3n del Informe de Incidencia Delictiva del tercer trimestre del a\u00f1o, en el que la gobernadora Lorena Cu\u00e9llar Cisneros destac\u00f3 que Tlaxcala ha ocupado durante cinco meses consecutivos el [&hellip;]<\/p>\n","protected":false},"author":4,"featured_media":82809,"comment_status":"open","ping_status":"open","sticky":false,"template":"","format":"standard","meta":{"om_disable_all_campaigns":false,"_monsterinsights_skip_tracking":false,"_monsterinsights_sitenote_active":false,"_monsterinsights_sitenote_note":"","_monsterinsights_sitenote_category":0,"jnews-multi-image_gallery":[],"jnews_single_post":{"subtitle":"","format":"standard","video":"","gallery":"","source_name":"","source_url":"","via_name":"","via_url":"","override_template":"0","override":[{"template":"1","single_blog_custom":"","parallax":"1","fullscreen":"1","layout":"right-sidebar","sidebar":"default-sidebar","second_sidebar":"default-sidebar","sticky_sidebar":"1","share_position":"top","share_float_style":"share-monocrhome","show_share_counter":"1","show_view_counter":"1","show_featured":"1","show_post_meta":"1","show_post_author":"1","show_post_author_image":"1","show_post_date":"1","post_date_format":"default","post_date_format_custom":"Y\/m\/d","show_post_category":"1","show_post_reading_time":"0","post_reading_time_wpm":"300","show_zoom_button":"0","zoom_button_out_step":"2","zoom_button_in_step":"3","show_post_tag":"1","show_prev_next_post":"1","show_popup_post":"1","number_popup_post":"1","show_author_box":"1","show_post_related":"0","show_inline_post_related":"0"}],"override_image_size":"0","image_override":[{"single_post_thumbnail_size":"crop-500","single_post_gallery_size":"crop-500"}],"trending_post":"0","trending_post_position":"meta","trending_post_label":"Trending","sponsored_post":"0","sponsored_post_label":"Sponsored by","sponsored_post_name":"","sponsored_post_url":"","sponsored_post_logo_enable":"0","sponsored_post_logo":"","sponsored_post_desc":"","disable_ad":"0"},"jnews_primary_category":{"id":""},"footnotes":""},"categories":[43,52],"tags":[849,150,96],"class_list":["post-82808","post","type-post","status-publish","format-standard","has-post-thumbnail","hentry","category-estado","category-gobierno-de-tlaxcala","tag-cap","tag-gobierno-del-estado","tag-tlaxcala"],"aioseo_notices":[],"_links":{"self":[{"href":"https:\/\/estado29.mx\/index.php?rest_route=\/wp\/v2\/posts\/82808","targetHints":{"allow":["GET"]}}],"collection":[{"href":"https:\/\/estado29.mx\/index.php?rest_route=\/wp\/v2\/posts"}],"about":[{"href":"https:\/\/estado29.mx\/index.php?rest_route=\/wp\/v2\/types\/post"}],"author":[{"embeddable":true,"href":"https:\/\/estado29.mx\/index.php?rest_route=\/wp\/v2\/users\/4"}],"replies":[{"embeddable":true,"href":"https:\/\/estado29.mx\/index.php?rest_route=%2Fwp%2Fv2%2Fcomments&post=82808"}],"version-history":[{"count":1,"href":"https:\/\/estado29.mx\/index.php?rest_route=\/wp\/v2\/posts\/82808\/revisions"}],"predecessor-version":[{"id":82810,"href":"https:\/\/estado29.mx\/index.php?rest_route=\/wp\/v2\/posts\/82808\/revisions\/82810"}],"wp:featuredmedia":[{"embeddable":true,"href":"https:\/\/estado29.mx\/index.php?rest_route=\/wp\/v2\/media\/82809"}],"wp:attachment":[{"href":"https:\/\/estado29.mx\/index.php?rest_route=%2Fwp%2Fv2%2Fmedia&parent=82808"}],"wp:term":[{"taxonomy":"category","embeddable":true,"href":"https:\/\/estado29.mx\/index.php?rest_route=%2Fwp%2Fv2%2Fcategories&post=82808"},{"taxonomy":"post_tag","embeddable":true,"href":"https:\/\/estado29.mx\/index.php?rest_route=%2Fwp%2Fv2%2Ftags&post=82808"}],"curies":[{"name":"wp","href":"https:\/\/api.w.org\/{rel}","templated":true}]}}