{"id":82814,"date":"2022-10-26T12:48:51","date_gmt":"2022-10-26T12:48:51","guid":{"rendered":"https:\/\/estado29.mx\/?p=82814"},"modified":"2022-10-26T12:48:52","modified_gmt":"2022-10-26T12:48:52","slug":"encabezo-gobernadora-lorena-cuellar-cisneros-encendido-de-iluminacion-decorativa-por-dia-de-muertos","status":"publish","type":"post","link":"https:\/\/estado29.mx\/?p=82814","title":{"rendered":"Encabez\u00f3 gobernadora Lorena Cu\u00e9llar Cisneros encendido de iluminaci\u00f3n decorativa por d\u00eda de muertos"},"content":{"rendered":"\n<p>*En las Escalinatas de los H\u00e9roes fueron colocadas im\u00e1genes de la catrina que por las noches ser\u00e1n iluminas con luz arquitect\u00f3nica<\/p>\n\n\n\n<p>La gobernadora Lorena Cu\u00e9llar Cisneros encabezo el encendido de las luces alusivas al &#8220;D\u00eda de Muertos&#8221; en las Escalinatas de los H\u00e9roes de la capital tlaxcalteca, con lo que se busca contribuir a preservar una de las tradiciones m\u00e1s importantes de M\u00e9xico y que es Patrimonio Cultural Inmaterial de la Humanidad.<\/p>\n\n\n\n<p>Ante decenas de personas que se dieron cita en este lugar para ser testigos del acto simb\u00f3lico, la mandataria mencion\u00f3 que esta fecha es muy importante para la poblaci\u00f3n tlaxcalteca por lo emotivo y simb\u00f3lico que representa la colocaci\u00f3n de ofrendas en los hogares, dedicadas a los seres queridos que ya partieron de este mundo.<\/p>\n\n\n\n<figure class=\"wp-block-image size-large\"><img loading=\"lazy\" decoding=\"async\" width=\"1024\" height=\"682\" src=\"https:\/\/estado29.mx\/wp-content\/uploads\/2022\/10\/542ed0bf-f1a1-4667-a3f9-96512ad370e8-1024x682.jpg\" alt=\"\" class=\"wp-image-82815\" srcset=\"https:\/\/estado29.mx\/wp-content\/uploads\/2022\/10\/542ed0bf-f1a1-4667-a3f9-96512ad370e8-1024x682.jpg 1024w, https:\/\/estado29.mx\/wp-content\/uploads\/2022\/10\/542ed0bf-f1a1-4667-a3f9-96512ad370e8-300x200.jpg 300w, https:\/\/estado29.mx\/wp-content\/uploads\/2022\/10\/542ed0bf-f1a1-4667-a3f9-96512ad370e8-768x512.jpg 768w, https:\/\/estado29.mx\/wp-content\/uploads\/2022\/10\/542ed0bf-f1a1-4667-a3f9-96512ad370e8-750x500.jpg 750w, https:\/\/estado29.mx\/wp-content\/uploads\/2022\/10\/542ed0bf-f1a1-4667-a3f9-96512ad370e8-1140x760.jpg 1140w, https:\/\/estado29.mx\/wp-content\/uploads\/2022\/10\/542ed0bf-f1a1-4667-a3f9-96512ad370e8.jpg 1280w\" sizes=\"auto, (max-width: 1024px) 100vw, 1024px\" \/><\/figure>\n\n\n\n<p>&#8220;Hacer honor a esos familiares que se nos adelantaron pero que siempre los guardamos en nuestros corazones, y que busc\u00e1bamos la fotograf\u00eda de aquel familiar para llevarlo presente y ponerlo en el altar de esa ofrenda, de los que se han ido, pero que es un tributo y un respeto que les damos&#8221;, resalt\u00f3.<\/p>\n\n\n\n<figure class=\"wp-block-image size-large\"><img loading=\"lazy\" decoding=\"async\" width=\"1024\" height=\"682\" src=\"https:\/\/estado29.mx\/wp-content\/uploads\/2022\/10\/3b79f143-e7c8-44dc-98dd-ef49a846dcb7-1024x682.jpg\" alt=\"\" class=\"wp-image-82816\" srcset=\"https:\/\/estado29.mx\/wp-content\/uploads\/2022\/10\/3b79f143-e7c8-44dc-98dd-ef49a846dcb7-1024x682.jpg 1024w, https:\/\/estado29.mx\/wp-content\/uploads\/2022\/10\/3b79f143-e7c8-44dc-98dd-ef49a846dcb7-300x200.jpg 300w, https:\/\/estado29.mx\/wp-content\/uploads\/2022\/10\/3b79f143-e7c8-44dc-98dd-ef49a846dcb7-768x512.jpg 768w, https:\/\/estado29.mx\/wp-content\/uploads\/2022\/10\/3b79f143-e7c8-44dc-98dd-ef49a846dcb7-750x500.jpg 750w, https:\/\/estado29.mx\/wp-content\/uploads\/2022\/10\/3b79f143-e7c8-44dc-98dd-ef49a846dcb7-1140x760.jpg 1140w, https:\/\/estado29.mx\/wp-content\/uploads\/2022\/10\/3b79f143-e7c8-44dc-98dd-ef49a846dcb7.jpg 1280w\" sizes=\"auto, (max-width: 1024px) 100vw, 1024px\" \/><\/figure>\n\n\n\n<p>Agreg\u00f3 que las fachadas y calles del centro hist\u00f3rico, la plaza principal, as\u00ed como edificios p\u00fablicos, ser\u00e1n adornados con im\u00e1genes alusivas y colores llamativos propios de esta celebraci\u00f3n.<\/p>\n\n\n\n<figure class=\"wp-block-image size-large\"><img loading=\"lazy\" decoding=\"async\" width=\"1024\" height=\"682\" src=\"https:\/\/estado29.mx\/wp-content\/uploads\/2022\/10\/f30b8076-dfef-41cc-aba5-d9dfb949f970-1024x682.jpg\" alt=\"\" class=\"wp-image-82817\" srcset=\"https:\/\/estado29.mx\/wp-content\/uploads\/2022\/10\/f30b8076-dfef-41cc-aba5-d9dfb949f970-1024x682.jpg 1024w, https:\/\/estado29.mx\/wp-content\/uploads\/2022\/10\/f30b8076-dfef-41cc-aba5-d9dfb949f970-300x200.jpg 300w, https:\/\/estado29.mx\/wp-content\/uploads\/2022\/10\/f30b8076-dfef-41cc-aba5-d9dfb949f970-768x512.jpg 768w, https:\/\/estado29.mx\/wp-content\/uploads\/2022\/10\/f30b8076-dfef-41cc-aba5-d9dfb949f970-750x500.jpg 750w, https:\/\/estado29.mx\/wp-content\/uploads\/2022\/10\/f30b8076-dfef-41cc-aba5-d9dfb949f970-1140x760.jpg 1140w, https:\/\/estado29.mx\/wp-content\/uploads\/2022\/10\/f30b8076-dfef-41cc-aba5-d9dfb949f970.jpg 1280w\" sizes=\"auto, (max-width: 1024px) 100vw, 1024px\" \/><\/figure>\n\n\n\n<p>&#8220;Con estas acciones contribuimos a preservar esta tradici\u00f3n y damos a conocer a las nuevas generaciones una celebraci\u00f3n que nos recuerda lo ef\u00edmero de nuestra vida, dejamos que los colores negro, morado, naranja y amarillo vivan en todo su esplendor en nuestras casas y en todos los rincones, que se inunden estos 250 escalones para que transmitan a nuestras familias la reflexi\u00f3n de que la muerte es parte de la vida&#8221;, sostuvo.<\/p>\n\n\n\n<figure class=\"wp-block-image size-large\"><img loading=\"lazy\" decoding=\"async\" width=\"1024\" height=\"682\" src=\"https:\/\/estado29.mx\/wp-content\/uploads\/2022\/10\/c3d3196e-77f3-4e98-b3c9-f8c292135164-1024x682.jpg\" alt=\"\" class=\"wp-image-82818\" srcset=\"https:\/\/estado29.mx\/wp-content\/uploads\/2022\/10\/c3d3196e-77f3-4e98-b3c9-f8c292135164-1024x682.jpg 1024w, https:\/\/estado29.mx\/wp-content\/uploads\/2022\/10\/c3d3196e-77f3-4e98-b3c9-f8c292135164-300x200.jpg 300w, https:\/\/estado29.mx\/wp-content\/uploads\/2022\/10\/c3d3196e-77f3-4e98-b3c9-f8c292135164-768x512.jpg 768w, https:\/\/estado29.mx\/wp-content\/uploads\/2022\/10\/c3d3196e-77f3-4e98-b3c9-f8c292135164-750x500.jpg 750w, https:\/\/estado29.mx\/wp-content\/uploads\/2022\/10\/c3d3196e-77f3-4e98-b3c9-f8c292135164-1140x760.jpg 1140w, https:\/\/estado29.mx\/wp-content\/uploads\/2022\/10\/c3d3196e-77f3-4e98-b3c9-f8c292135164.jpg 1280w\" sizes=\"auto, (max-width: 1024px) 100vw, 1024px\" \/><\/figure>\n\n\n\n<p>Al encendido de las luces decorativas asistieron las presidentas del Tribunal Superior de Justicia del Estado (TSJE), Mary Cruz Cort\u00e9s Ornelas y de la Mesa Directiva del Congreso local, Leticia Mart\u00ednez Cer\u00f3n; la secretaria de Turismo, Josefina Rodr\u00edguez Zamora y la presidenta honor\u00edfica del Comit\u00e9 Consultivo de Bienestar y Desarrollo Social del estado, Mar\u00eda Fernanda Espinosa de los Monteros Cu\u00e9llar.<\/p>\n\n\n\n<p>As\u00ed como los secretarios de Gobierno, Sergio Gonz\u00e1lez Hern\u00e1ndez; de Desarrollo Econ\u00f3mico, Javier Marroqu\u00edn Calder\u00f3n; de Cultura, Antonio Mart\u00ednez Vel\u00e1zquez; diputados locales, integrantes del gabinete legal y ampliado, y p\u00fablico en general, quienes disfrutaron de la presentaci\u00f3n art\u00edstica de Jes\u00fas Rodr\u00edguez &#8220;El Jilguerillo de Tlaxcala&#8221; y el Mariachi Gallo de Oro.<\/p>\n","protected":false},"excerpt":{"rendered":"<p>*En las Escalinatas de los H\u00e9roes fueron colocadas im\u00e1genes de la catrina que por las noches ser\u00e1n iluminas con luz arquitect\u00f3nica La gobernadora Lorena Cu\u00e9llar Cisneros encabezo el encendido de las luces alusivas al &#8220;D\u00eda de Muertos&#8221; en las Escalinatas de los H\u00e9roes de la capital tlaxcalteca, con lo que se busca contribuir a preservar [&hellip;]<\/p>\n","protected":false},"author":4,"featured_media":82819,"comment_status":"open","ping_status":"open","sticky":false,"template":"","format":"standard","meta":{"om_disable_all_campaigns":false,"_monsterinsights_skip_tracking":false,"_monsterinsights_sitenote_active":false,"_monsterinsights_sitenote_note":"","_monsterinsights_sitenote_category":0,"jnews-multi-image_gallery":[],"jnews_single_post":{"subtitle":"","format":"standard","video":"","gallery":"","source_name":"","source_url":"","via_name":"","via_url":"","override_template":"0","override":[{"template":"1","single_blog_custom":"","parallax":"1","fullscreen":"1","layout":"right-sidebar","sidebar":"default-sidebar","second_sidebar":"default-sidebar","sticky_sidebar":"1","share_position":"top","share_float_style":"share-monocrhome","show_share_counter":"1","show_view_counter":"1","show_featured":"1","show_post_meta":"1","show_post_author":"1","show_post_author_image":"1","show_post_date":"1","post_date_format":"default","post_date_format_custom":"Y\/m\/d","show_post_category":"1","show_post_reading_time":"0","post_reading_time_wpm":"300","show_zoom_button":"0","zoom_button_out_step":"2","zoom_button_in_step":"3","show_post_tag":"1","show_prev_next_post":"1","show_popup_post":"1","number_popup_post":"1","show_author_box":"1","show_post_related":"0","show_inline_post_related":"0"}],"override_image_size":"0","image_override":[{"single_post_thumbnail_size":"crop-500","single_post_gallery_size":"crop-500"}],"trending_post":"0","trending_post_position":"meta","trending_post_label":"Trending","sponsored_post":"0","sponsored_post_label":"Sponsored by","sponsored_post_name":"","sponsored_post_url":"","sponsored_post_logo_enable":"0","sponsored_post_logo":"","sponsored_post_desc":"","disable_ad":"0"},"jnews_primary_category":{"id":""},"footnotes":""},"categories":[43,52],"tags":[850,150,110,96],"class_list":["post-82814","post","type-post","status-publish","format-standard","has-post-thumbnail","hentry","category-estado","category-gobierno-de-tlaxcala","tag-dia-de-muertos","tag-gobierno-del-estado","tag-municipios","tag-tlaxcala"],"aioseo_notices":[],"_links":{"self":[{"href":"https:\/\/estado29.mx\/index.php?rest_route=\/wp\/v2\/posts\/82814","targetHints":{"allow":["GET"]}}],"collection":[{"href":"https:\/\/estado29.mx\/index.php?rest_route=\/wp\/v2\/posts"}],"about":[{"href":"https:\/\/estado29.mx\/index.php?rest_route=\/wp\/v2\/types\/post"}],"author":[{"embeddable":true,"href":"https:\/\/estado29.mx\/index.php?rest_route=\/wp\/v2\/users\/4"}],"replies":[{"embeddable":true,"href":"https:\/\/estado29.mx\/index.php?rest_route=%2Fwp%2Fv2%2Fcomments&post=82814"}],"version-history":[{"count":1,"href":"https:\/\/estado29.mx\/index.php?rest_route=\/wp\/v2\/posts\/82814\/revisions"}],"predecessor-version":[{"id":82820,"href":"https:\/\/estado29.mx\/index.php?rest_route=\/wp\/v2\/posts\/82814\/revisions\/82820"}],"wp:featuredmedia":[{"embeddable":true,"href":"https:\/\/estado29.mx\/index.php?rest_route=\/wp\/v2\/media\/82819"}],"wp:attachment":[{"href":"https:\/\/estado29.mx\/index.php?rest_route=%2Fwp%2Fv2%2Fmedia&parent=82814"}],"wp:term":[{"taxonomy":"category","embeddable":true,"href":"https:\/\/estado29.mx\/index.php?rest_route=%2Fwp%2Fv2%2Fcategories&post=82814"},{"taxonomy":"post_tag","embeddable":true,"href":"https:\/\/estado29.mx\/index.php?rest_route=%2Fwp%2Fv2%2Ftags&post=82814"}],"curies":[{"name":"wp","href":"https:\/\/api.w.org\/{rel}","templated":true}]}}